{"id":998,"date":"2023-05-14T05:35:45","date_gmt":"2023-05-14T05:35:45","guid":{"rendered":"https:\/\/elementor.radiosenvivo.com.ar\/index.php\/2023\/05\/14\/a-40-anos-de-los-asesinatos-de-cambiaso-y-pereyra-rossi-el-ultimo-crimen-de-la-dictadura\/"},"modified":"2023-05-14T05:35:45","modified_gmt":"2023-05-14T05:35:45","slug":"a-40-anos-de-los-asesinatos-de-cambiaso-y-pereyra-rossi-el-ultimo-crimen-de-la-dictadura","status":"publish","type":"post","link":"https:\/\/elementor.radiosenvivo.com.ar\/index.php\/2023\/05\/14\/a-40-anos-de-los-asesinatos-de-cambiaso-y-pereyra-rossi-el-ultimo-crimen-de-la-dictadura\/","title":{"rendered":"A 40 a\u00f1os de los asesinatos de Cambiaso y Pereyra Rossi, el \u00faltimo crimen de la dictadura"},"content":{"rendered":"<p> [ad_1]<br \/>\n<\/p>\n<div>\n<figure class=\"mb-3\"><img decoding=\"async\" src=\"https:\/\/www.telam.com.ar\/thumbs\/bluesteel\/advf\/imagenes\/2023\/05\/6460391078be0_1200.jpg\" class=\" lazy \" width=\"100%\" height=\"100%\" alt=\"Osvaldo Agustn Cambiaso alias El Viejo y Eduardo Pereyra Rossi conocido como Carln eran militantes montoneros que en 1983 se haban incorporado a Intransigencia y Movilizacin Peronista Foto Jos Granata\"\/><figcaption> Osvaldo Agust\u00edn Cambiaso, alias \u00abEl Viejo\u00bb, y Eduardo Pereyra Rossi, conocido como \u00abCarl\u00f3n\u00bb, eran militantes montoneros que en 1983 se hab\u00edan incorporado a Intransigencia y Movilizaci\u00f3n Peronista \/ Foto: Jos\u00e9 Granata <\/figcaption><\/figure>\n<p> Los secuestros y asesinatos de los militantes peronistas Osvaldo Cambiaso y Eduardo Pereyra Rossi, de los que este domingo se cumplir\u00e1n 40 a\u00f1os, fueron<strong> \u00abuna operaci\u00f3n de Inteligencia del Ej\u00e9rcito\u00bb<\/strong> dise\u00f1ada a fines de la \u00faltima dictadura, para convencer a la opini\u00f3n p\u00fablica de la existencia de un \u00abrebrote subversivo\u00bb que procuraba \u00abinfiltrase\u00bb en el Partido Justicialista de cara a los comicios de octubre de 1983.<\/p>\n<p>As\u00ed lo defini\u00f3 el fiscal de la Unidad de causas por delitos de lesa humanidad de Rosario, Juan Patricio Murray, quien investig\u00f3 los asesinatos de Cambiaso y Pereyra Rossi, por los que en 2016 fue condenado a prisi\u00f3n perpetua -entre otros- el excomisario Luis Abelardo Patti.<\/p>\n<p>Quince d\u00edas antes de esos homicidios, unos de los \u00faltimos cr\u00edmenes durante la dictadura, hab\u00eda sido asesinado en C\u00f3rdoba el integrante de la conducci\u00f3n de Montoneros, Ra\u00fal Clemente Yager.<\/p>\n<h2 class=\"\">Una dictadura en retirada<\/h2>\n<p>En ese contexto, desde las esferas oficiales de una dictadura en retirada se indicaba que exist\u00eda un supuesto \u00abrebrote subversivo\u00bb e \u00abinfiltraci\u00f3n\u00bb de \u00abextremistas\u00bb en el Justicialismo, cuyo candidato presidencial, \u00cdtalo Luder, avalaba la ley de autoamnist\u00eda dictada por los propios militares.<\/p>\n<p>Osvaldo Agust\u00edn Cambiaso, alias \u00abEl Viejo\u00bb, y Eduardo Pereyra Rossi, conocido como \u00abCarl\u00f3n\u00bb, eran militantes montoneros que en 1983 se hab\u00edan incorporado a Intransigencia y Movilizaci\u00f3n Peronista (IMP), nacida de un acuerdo entre la organizaci\u00f3n armada y el caudillo catamarque\u00f1o Vicente Le\u00f3nidas Saadi para la reinserci\u00f3n en la vida pol\u00edtica legal, con miras a la reapertura democr\u00e1tica y el proceso electoral de ese a\u00f1o.<\/p>\n<p>Cambiaso, ingeniero qu\u00edmico, resid\u00eda en la localidad santafesina de P\u00e9rez y ten\u00eda en Rosario un laboratorio de fotomec\u00e1nica, record\u00f3 a T\u00e9lam Hugo Basso, quien comparti\u00f3 militancia con \u00abEl Viejo\u00bb, quien hasta fines de 1982 hab\u00eda estado detenido.<\/p>\n<p><strong>\u00abSe hab\u00eda formado Intransigencia y Movilizaci\u00f3n y hac\u00edamos un trabajo pol\u00edtico legal. Ten\u00edamos un local en Rosario y hab\u00edamos abierto algunas unidades b\u00e1sicas. Nuestra relaci\u00f3n m\u00e1s directa con la organizaci\u00f3n (Montoneros) era a trav\u00e9s de Carl\u00f3n\u00bb<\/strong>, abund\u00f3 Basso, quien hoy dirige un peri\u00f3dico en la localidad santafesina de Rufino, tras sufrir c\u00e1rcel y exilio durante la dictadura.<\/p>\n<p>El 14 de mayo de 1983, como parte de las actividades pol\u00edticas para la reinserci\u00f3n de Montoneros en la legalidad institucional, Cambiaso y Pereyra Rossi quedaron en reunirse en el bar \u00abMagnum\u00bb de Rosario, ubicado en la esquina de Ovidio Lagos y C\u00f3rdoba.<\/p>\n<p>De acuerdo a la investigaci\u00f3n judicial que deriv\u00f3 en el juicio por el secuestro, tormento y asesinato de ambos militantes, personal civil de inteligencia del Ej\u00e9rcito los secuestr\u00f3 en el bar, los llev\u00f3 a un galp\u00f3n de las afueras de Rosario donde fueron torturados y finalmente sus cuerpos aparecieron baleados en un camino rural de la localidad de Lima, en la provincia de Buenos Aires.<\/p>\n<p>\u00abEsta vez sab\u00edamos que (Pereyra Rossi) ven\u00eda porque un compa\u00f1ero lo ten\u00eda que ir a buscar en la zona del bar Magnum, donde se ten\u00eda que reunir con Osvaldo. Este compa\u00f1ero nos avisa que vio un movimiento raro cerca del bar\u00bb, cont\u00f3 Basso, quien durante su exilio hab\u00eda vivido con \u00abCarl\u00f3n\u00bb en M\u00e9xico y en Brasil, antes de regresar al pa\u00eds.<\/p>\n<p>\u00abDespu\u00e9s preguntando en el lugar supimos que hab\u00eda habido un operativo y que se los hab\u00edan llevado\u00bb, agreg\u00f3.<\/p>\n<p>Tras la aparici\u00f3n de los cuerpos asesinados en Lima, la Polic\u00eda emiti\u00f3 un comunicado oficial en el que daba cuenta de la muerte de los \u00abextremistas\u00bb en un \u00abenfrentamiento\u00bb.<\/p>\n<p>Basso record\u00f3 que \u00ab&#8216;Carl\u00f3n&#8217; era parte de la conducci\u00f3n nacional de Montoneros, y unos 15 d\u00edas antes de que los secuestraran junto al &#8216;Viejo&#8217; lo hab\u00edan matado a Yager\u00bb.<\/p>\n<p>\u00abEstaba clarito que la intenci\u00f3n de los aparatos de inteligencia (de la dictadura) era llevarse a los que m\u00e1s pudieran antes de que se abriera la etapa preelectoral propiamente dicha\u00bb, agreg\u00f3.<\/p>\n<p>Y en ese sentido, aclar\u00f3:<strong> \u00abTodo esto en ese momento no lo pens\u00e1bamos, pero sab\u00edamos que se hab\u00eda abierto una etapa en la que hab\u00eda que correr el l\u00edmite, hab\u00eda que ir ganando esa legalidad en la calle, a partir de la militancia, de la inserci\u00f3n en las bases\u00bb. A eso, estos compa\u00f1eros lo pagaron con su vida\u00bb<\/strong>.<\/p>\n<p>El fiscal Murray tambi\u00e9n vincul\u00f3 el asesinato de \u00abRoque\u00bb Yager con los de Cambiaso y Pereyra Rossi, como parte de operaciones especiales de inteligencia dise\u00f1adas por el Ej\u00e9rcito con un prop\u00f3sito pol\u00edtico.<\/p>\n<p>\u00abLo que qued\u00f3 plasmado en las pruebas que se rindieron y en las audiencias de debate del juicio, es que Inteligencia del Ej\u00e9rcito hab\u00eda diagramado un plan para intentar establecer como una situaci\u00f3n existente, una penetraci\u00f3n residual de las organizaciones armadas, subversivas dec\u00edan ellos, en los partidos pol\u00edticos, particularmente en el PJ\u00bb, sostuvo el funcionario judicial en declaraciones a esta agencia.<\/p>\n<p><strong>\u00abA partir de all\u00ed se diagram\u00f3 una operaci\u00f3n especial de inteligencia que fue dirigida por la Jefatura II de Inteligencia del Ej\u00e9rcito y ejecutada por distintos estamentos, el Destacamento 141 de C\u00f3rdoba, el Destacamento 121 de Rosario y el Batall\u00f3n 601\u00bb<\/strong>, precis\u00f3 el fiscal.<\/p>\n<p>Murray explic\u00f3 que el plan \u00abcomenz\u00f3 con el asesinato de Yager a fines de abril de 1983, donde incluso se realizaron conferencias de prensa diciendo que se le hab\u00eda secuestrado informaci\u00f3n por la cual ten\u00edan establecido que preparaban una determinada cantidad de atentados sobre dirigentes pol\u00edticos\u00bb.<\/p>\n<p>\u00abY continu\u00f3 &#8211; sostuvo- con el posterior secuestro, torturas y asesinatos de Cambiaso y Pereyra Rossi en Rosario, y el homicidio en Lima\u00bb.<\/p>\n<p>En 2003, como parte de un planteo de la Procuraci\u00f3n General de la Naci\u00f3n, que solicit\u00f3 la reapertura de causas por delitos de lesa humanidad, el fiscal Murray, entonces en la ciudad bonaerense de San Nicol\u00e1s, retom\u00f3 el caso, que se hab\u00eda investigado durante la dictadura.<\/p>\n<p><strong>\u00abHab\u00eda una sentencia por la cual hab\u00edan sobrese\u00eddo a los tres polic\u00edas imputados: Luis Patti, Juan Spataro y Rodolfo Di\u00e9guez, de la Unidad Regional de Tigre\u00bb<\/strong>, record\u00f3 el fiscal.<\/p>\n<p>Tras los secuestros en Rosario, el Ej\u00e9rcito entreg\u00f3 a Cambiaso y Pereyra Rossi a esa patrulla de la Polic\u00eda bonaerense, que los mat\u00f3 a tiros en Lima.<\/p>\n<p>\u00abHab\u00eda una sentencia que hab\u00eda pasado a la condici\u00f3n de cosa juzgada, porque en 1983 hay un sobreseimiento provisorio que se hab\u00eda convertido en definitivo en 1986, por el transcurso del tiempo\u00bb, abund\u00f3 Murray, quien solicit\u00f3 y obtuvo -varios a\u00f1os despu\u00e9s- la declaraci\u00f3n de nulidad por cosa juzgada \u00edrrita, lo que permiti\u00f3 retomar la investigaci\u00f3n de los hechos.<\/p>\n<p>En 2015 la causa lleg\u00f3 a juicio en el Tribunal Oral Federal 2 de Rosario y el 4 de mayo se conoci\u00f3 la sentencia.<\/p>\n<p>Los jueces condenaron a prisi\u00f3n perpetua al excomisario Patti; al cabo Spataro; al jefe del Destacamento de Inteligencia 121 de Rosario, Pascual Oscar Guerrieri; y 2\u00ba jefe de ese Destacamento, Luis Am\u00e9rico Mu\u00f1oz.<\/p>\n<p><strong>En tanto, absolvieron a los otros seis acusados<\/strong>: el \u00faltimo presidente de facto Reynaldo Bignone; el jefe de Departamento III de Operaciones del Comando del II Cuerpo del Ej\u00e9rcito, Rodolfo Rodr\u00edguez; y a los personales civiles de inteligencia (PCI) Carlos Sfulcini, Walter Pagano, Juan Andr\u00e9s Cabrera y Ariel Antonio L\u00f3pez.<\/p>\n<p>M\u00e1s tarde, la C\u00e1mara Federal de Casaci\u00f3n Penal revoc\u00f3 la sentencia a Mu\u00f1oz al considerar, en un fallo dividido, que la prueba existente no era suficiente para dictar una condena.<\/p>\n<p>Murray record\u00f3 que la prueba cuestionada era un reclamo por un ascenso no concedido que Mu\u00f1oz realiz\u00f3 en 1989, en el que destac\u00f3 como m\u00e9ritos haber participado de dos Operaciones Especiales de Inteligencia (OEI) antes de las elecciones de 1983 y en 1984.<\/p>\n<p>En su escrito ante la Junta de Calificaciones, Mu\u00f1oz se\u00f1al\u00f3 que \u00abdada su gran envergadura, las dos operaciones especiales fueron ampliamente publicitadas por todos los medios de comunicaci\u00f3n masivos, con una gran repercusi\u00f3n\u00bb.<\/p>\n<p>Para el fiscal, la primera fue el secuestro de Cambiaso y Pereyra Rossi y la segunda el robo a los Tribunales provinciales de Rosario, desde donde una \u00abpatota\u00bb se llev\u00f3 informaci\u00f3n sobre la represi\u00f3n que hab\u00eda sido secuestrada unos d\u00edas antes por un juez de instrucci\u00f3n.<\/p>\n<p><strong>\u00abLa C\u00e1mara de Casaci\u00f3n penal lo absuelve a Mu\u00f1oz en el juicio de Cambiaso y Pereyra Rossi, poniendo en duda si esa es una prueba suficiente para acreditar la existencia de esas dos OEI\u00bb, d<\/strong>ijo el fiscal.<\/p>\n<p>Mu\u00f1oz muri\u00f3 el a\u00f1o pasado, cuando la Corte Suprema deb\u00eda resolver un recurso extraordinario para revocar su absoluci\u00f3n en esta causa presentada por la Unidad Fiscal Federal de Rosario.<\/p>\n<p>Pero el mesa pasado, en un juicio abreviado el coronel (RE) H\u00e9ctor Fructuoso Funes fue condenado por el robo a Tribunales, la segunda OEI a la que se refer\u00eda Mu\u00f1oz. Funes (exjefe de Inteligencia del II Cuerpo de Ej\u00e9rcito), admiti\u00f3 su responsabilidad en los hechos ocurridos en 1984, y aleg\u00f3 que hab\u00edan sido ejecutados por personal bajo su mando que reportaba en el Destacamento Inteligencia 121 y el II Cuerpo de Ej\u00e9rcito\u00bb.<\/p>\n<p>Murray marc\u00f3 la \u00abcontradicci\u00f3n\u00bb entre la resoluci\u00f3n de Casaci\u00f3n que revoc\u00f3 la condena a Mu\u00f1oz por la misma prueba con la que fue condenado Funes. <\/p>\n<\/div>\n<p><script async defer crossorigin=\"anonymous\" src=\"https:\/\/connect.facebook.net\/es_LA\/sdk.js#xfbml=1&#038;version=v12.0\" nonce=\"SBlHQzIF\"><\/script><br \/>\n<br \/>[ad_2]<br \/>\n<br \/><a href=\"https:\/\/www.telam.com.ar\/notas\/202305\/628301-aniversario-asesinatos-dictadura-militar.html\">Source link <\/a><\/p>\n","protected":false},"excerpt":{"rendered":"<p>[ad_1] Osvaldo Agust\u00edn Cambiaso, alias \u00abEl Viejo\u00bb, y Eduardo Pereyra Rossi, conocido como \u00abCarl\u00f3n\u00bb, eran militantes montoneros que en 1983 se hab\u00edan incorporado a Intransigencia y Movilizaci\u00f3n Peronista \/ Foto: Jos\u00e9 Granata Los secuestros y asesinatos de los militantes peronistas Osvaldo Cambiaso y Eduardo Pereyra Rossi, de los que este domingo se cumplir\u00e1n 40 a\u00f1os, [&hellip;]<\/p>\n","protected":false},"author":1,"featured_media":999,"comment_status":"open","ping_status":"open","sticky":false,"template":"","format":"standard","meta":{"_et_pb_use_builder":"","_et_pb_old_content":"","_et_gb_content_width":"","_uag_custom_page_level_css":"","footnotes":""},"categories":[12],"tags":[],"uagb_featured_image_src":{"full":["https:\/\/elementor.radiosenvivo.com.ar\/wp-content\/uploads\/2023\/05\/6460391078be0_450.jpg",450,253,false],"thumbnail":["https:\/\/elementor.radiosenvivo.com.ar\/wp-content\/uploads\/2023\/05\/6460391078be0_450-150x150.jpg",150,150,true],"medium":["https:\/\/elementor.radiosenvivo.com.ar\/wp-content\/uploads\/2023\/05\/6460391078be0_450-300x169.jpg",300,169,true],"medium_large":["https:\/\/elementor.radiosenvivo.com.ar\/wp-content\/uploads\/2023\/05\/6460391078be0_450.jpg",450,253,false],"large":["https:\/\/elementor.radiosenvivo.com.ar\/wp-content\/uploads\/2023\/05\/6460391078be0_450.jpg",450,253,false],"1536x1536":["https:\/\/elementor.radiosenvivo.com.ar\/wp-content\/uploads\/2023\/05\/6460391078be0_450.jpg",450,253,false],"2048x2048":["https:\/\/elementor.radiosenvivo.com.ar\/wp-content\/uploads\/2023\/05\/6460391078be0_450.jpg",450,253,false],"et-pb-post-main-image":["https:\/\/elementor.radiosenvivo.com.ar\/wp-content\/uploads\/2023\/05\/6460391078be0_450-400x250.jpg",400,250,true],"et-pb-post-main-image-fullwidth":["https:\/\/elementor.radiosenvivo.com.ar\/wp-content\/uploads\/2023\/05\/6460391078be0_450.jpg",450,253,false],"et-pb-portfolio-image":["https:\/\/elementor.radiosenvivo.com.ar\/wp-content\/uploads\/2023\/05\/6460391078be0_450-400x253.jpg",400,253,true],"et-pb-portfolio-module-image":["https:\/\/elementor.radiosenvivo.com.ar\/wp-content\/uploads\/2023\/05\/6460391078be0_450.jpg",450,253,false],"et-pb-portfolio-image-single":["https:\/\/elementor.radiosenvivo.com.ar\/wp-content\/uploads\/2023\/05\/6460391078be0_450.jpg",450,253,false],"et-pb-gallery-module-image-portrait":["https:\/\/elementor.radiosenvivo.com.ar\/wp-content\/uploads\/2023\/05\/6460391078be0_450-400x253.jpg",400,253,true],"et-pb-post-main-image-fullwidth-large":["https:\/\/elementor.radiosenvivo.com.ar\/wp-content\/uploads\/2023\/05\/6460391078be0_450.jpg",450,253,false],"et-pb-image--responsive--desktop":["https:\/\/elementor.radiosenvivo.com.ar\/wp-content\/uploads\/2023\/05\/6460391078be0_450.jpg",450,253,false],"et-pb-image--responsive--tablet":["https:\/\/elementor.radiosenvivo.com.ar\/wp-content\/uploads\/2023\/05\/6460391078be0_450.jpg",450,253,false],"et-pb-image--responsive--phone":["https:\/\/elementor.radiosenvivo.com.ar\/wp-content\/uploads\/2023\/05\/6460391078be0_450.jpg",450,253,false]},"uagb_author_info":{"display_name":"admin","author_link":"https:\/\/elementor.radiosenvivo.com.ar\/index.php\/author\/admin\/"},"uagb_comment_info":0,"uagb_excerpt":"[ad_1] Osvaldo Agust\u00edn Cambiaso, alias \u00abEl Viejo\u00bb, y Eduardo Pereyra Rossi, conocido como \u00abCarl\u00f3n\u00bb, eran militantes montoneros que en 1983 se hab\u00edan incorporado a Intransigencia y Movilizaci\u00f3n Peronista \/ Foto: Jos\u00e9 Granata Los secuestros y asesinatos de los militantes peronistas Osvaldo Cambiaso y Eduardo Pereyra Rossi, de los que este domingo se cumplir\u00e1n 40 a\u00f1os,&hellip;","_links":{"self":[{"href":"https:\/\/elementor.radiosenvivo.com.ar\/index.php\/wp-json\/wp\/v2\/posts\/998"}],"collection":[{"href":"https:\/\/elementor.radiosenvivo.com.ar\/index.php\/wp-json\/wp\/v2\/posts"}],"about":[{"href":"https:\/\/elementor.radiosenvivo.com.ar\/index.php\/wp-json\/wp\/v2\/types\/post"}],"author":[{"embeddable":true,"href":"https:\/\/elementor.radiosenvivo.com.ar\/index.php\/wp-json\/wp\/v2\/users\/1"}],"replies":[{"embeddable":true,"href":"https:\/\/elementor.radiosenvivo.com.ar\/index.php\/wp-json\/wp\/v2\/comments?post=998"}],"version-history":[{"count":0,"href":"https:\/\/elementor.radiosenvivo.com.ar\/index.php\/wp-json\/wp\/v2\/posts\/998\/revisions"}],"wp:featuredmedia":[{"embeddable":true,"href":"https:\/\/elementor.radiosenvivo.com.ar\/index.php\/wp-json\/wp\/v2\/media\/999"}],"wp:attachment":[{"href":"https:\/\/elementor.radiosenvivo.com.ar\/index.php\/wp-json\/wp\/v2\/media?parent=998"}],"wp:term":[{"taxonomy":"category","embeddable":true,"href":"https:\/\/elementor.radiosenvivo.com.ar\/index.php\/wp-json\/wp\/v2\/categories?post=998"},{"taxonomy":"post_tag","embeddable":true,"href":"https:\/\/elementor.radiosenvivo.com.ar\/index.php\/wp-json\/wp\/v2\/tags?post=998"}],"curies":[{"name":"wp","href":"https:\/\/api.w.org\/{rel}","templated":true}]}}