{"id":840,"date":"2023-04-03T05:18:39","date_gmt":"2023-04-03T05:18:39","guid":{"rendered":"https:\/\/elementor.radiosenvivo.com.ar\/index.php\/2023\/04\/03\/por-el-moto-gp-en-los-ultimos-anos-crecio-la-recepcion-de-los-turistas-extranjeros\/"},"modified":"2023-04-03T05:18:39","modified_gmt":"2023-04-03T05:18:39","slug":"por-el-moto-gp-en-los-ultimos-anos-crecio-la-recepcion-de-los-turistas-extranjeros","status":"publish","type":"post","link":"https:\/\/elementor.radiosenvivo.com.ar\/index.php\/2023\/04\/03\/por-el-moto-gp-en-los-ultimos-anos-crecio-la-recepcion-de-los-turistas-extranjeros\/","title":{"rendered":"Por el Moto GP, en los \u00faltimos a\u00f1os creci\u00f3 &#8216;la recepci\u00f3n de los turistas extranjeros&#8217;"},"content":{"rendered":"<p> [ad_1]<br \/>\n<\/p>\n<div>\n<figure class=\"mb-3\"><img decoding=\"async\" src=\"https:\/\/www.telam.com.ar\/thumbs\/bluesteel\/advf\/imagenes\/2023\/04\/64288c83cac7c_1200.jpg\" class=\" lazy \" width=\"100%\" height=\"100%\" alt=\"El titular del Instituto Nacional de Promocin Turstica Ricardo Sosa Foto Emilio Rapetti\"\/><figcaption> El titular del Instituto Nacional de Promoci\u00f3n Tur\u00edstica, Ricardo Sosa \/ Foto: Emilio Rapetti. <\/figcaption><\/figure>\n<p> El titular del Instituto Nacional de Promoci\u00f3n Tur\u00edstica (Inprotur), Ricardo Sosa dijo que<strong> \u201cen los \u00faltimos a\u00f1os se ha ido incrementando la recepci\u00f3n de los turistas extranjeros\u201d<\/strong>\u00a0 sobre el Moto GP 2023 que se desarroll\u00f3 en la ciudad de Las Termas de R\u00edo Hondo.<\/p>\n<p>En ese sentido, el funcionario nacional en di\u00e1logo con los medios, remarc\u00f3 que \u201cB<strong>rasil es el principal emisor de turistas, especialmente de los estados de Parana, Santa Catalina, R\u00edo Grande, entre otros que son los principales emisores y all\u00ed es donde este a\u00f1o hicimos acciones directas\u201d<\/strong> para promocionar este evento internacional y \u201chemos tenido una recepci\u00f3n muy fuerte\u201d.<\/p>\n<p>A la vez, remarc\u00f3 que<strong> \u201ca\u00f1o tras a\u00f1o, no solo en Santiago del Estero sino en todo el sector del Norte Grande, el turismo de moto ha crecido much\u00edsimo y de acuerdo a la informaci\u00f3n que tenemos de Migraciones, todos los a\u00f1os se va incrementando la cantidad de turistas que recorren nuestro pa\u00eds en moto y llegan por R\u00edo Hondo\u201d<\/strong>.<\/p>\n<p><figure class=\"mb-3\"><img decoding=\"async\" src=\"https:\/\/www.telam.com.ar\/thumbs\/bluesteel\/advf\/imagenes\/2023\/04\/6428c98ce7c6a_1200.jpg\" class=\" lazy \" width=\"100%\" height=\"100%\" alt=\"Todo el show de Moto GP Foto Emilio Rapetti\"\/><figcaption> Todo el show de Moto GP \/ Foto: Emilio Rapetti. <\/figcaption><\/figure>\n<p>El Moto GP \u201ces uno de los eventos mundiales m\u00e1s importantes que tiene la Argentina porque se puede cuantificar y cualificar el impacto econ\u00f3mico y tur\u00edstico que tiene, la cantidad de gente, de d\u00f3nde vienen, las noches de itinerancia que hay en todo el norte argentino\u201d.<\/p>\n<p>\u201cHay que tener en cuenta que hay casi 10 provincias del Norte que se impacta con la llegada de los turistas, porque muchas veces duermen en diferentes provincias, como Chaco, San Juan, Mendoza, entre otras, cuando llegan a nuestro pa\u00eds\u201d, explic\u00f3 Sosa.<\/p>\n<p><strong>\u201cY ese es nuestro objetivo, seguir trabajando para que m\u00e1s turistas extranjeros lleguen\u201d<\/strong>, puntualiz\u00f3 y en ese aspecto agreg\u00f3 que el Moto GP \u201ces un evento que se ha consolidado en los \u00faltimos a\u00f1os\u201d.<\/p>\n<p>Sosa manifest\u00f3 que trabajan intensamente desde Inprotur para promocionar al pa\u00eds en el extranjero y \u201c<strong>nuestro objetivo es que se siga sosteniendo la cantidad de gente que viene, que se genere ese impacto econ\u00f3mico,<\/strong> ya que esa es la visi\u00f3n que tenemos desde el Estado nacional\u201d.<\/p>\n<p>En ese sentido destac\u00f3 la importancia del turismo extranjero, de la llegada de d\u00f3lares al pa\u00eds, lo cual calific\u00f3 que \u201cmuy positivo\u201d. \u201cEsto porque desde el mes de diciembre el Estado nacional ha puesto en funcionamiento lo que se llama el d\u00f3lar turista, que es el reconocimiento a la cotizaci\u00f3n del d\u00f3lar, a todos los gastos que hace el turista extranjero con tarjeta de cr\u00e9dito emitidas en el exterior dentro de la Rep\u00fablica Argentina\u201d, explic\u00f3.<\/p>\n<p>\u201cEs un esfuerzo muy grande que hace el Estado nacional para generar este reconocimiento, pero tambi\u00e9n para tenemos varios beneficios, el ingreso de divisas, el blanqueo de todas las gestiones que se realizan y tambi\u00e9n observamos que los turistas llegan aqu\u00ed y aprovechan el tipo de cambio para generar un mayor gasto dentro de la Rep\u00fablica Argentina\u201d, manifest\u00f3.<\/p>\n<p><figure class=\"mb-3\"><img decoding=\"async\" src=\"https:\/\/www.telam.com.ar\/thumbs\/bluesteel\/advf\/imagenes\/2023\/04\/64288c83acbb1_1200.jpg\" class=\" lazy \" width=\"100%\" height=\"100%\" alt=\"Foto Emilio Rapetti\"\/><figcaption> Foto: Emilio Rapetti. <\/figcaption><\/figure>\n<p>Asimismo, sostuvo que \u201cm\u00e1s all\u00e1 de la coyuntura que vive el pa\u00eds, no debemos dejar de destacar el esfuerzo que hace el Estado nacional para aprovechar el ingreso de todos esos turistas, blanquear todas las operaciones, y que incentivan al uso de la tarjeta cr\u00e9dito del exterior dentro de la Argentina\u201d.<\/p>\n<p>Por otro lado, el funcionario nacional habl\u00f3 de la posibilidad de que arribe al pa\u00eds la competencia de Indycar, a lo que dijo que est\u00e1n realizando las gestiones y hay un \u201cacercamiento y di\u00e1logo, con predisposici\u00f3n de ambos lados\u201d.<\/p>\n<p><strong>\u201cNunca me olvido que empezamos con el turismo carretera en el aut\u00f3dromo de Termas y hoy estamos con Moto GP y hablando de Indycar\u201d<\/strong>, manifest\u00f3.<\/p>\n<p>\u201cSomos muy sencillos los santiague\u00f1os, pero tenemos un orgullo muy grande al decir que tenemos una infraestructura deportiva de primer nivel para recibir eventos del primer nivel e internacionales\u201d, remarc\u00f3 Sosa.<\/p>\n<p>\u201c<strong>Santiago del Estero es una provincia muy grande y ha trabajado mucho en potenciar y solventar ciudades tur\u00edsticas como Termas de R\u00edo Hondo y darle una prevalencia a la ciudad Capital con esa infraestructura deportiva, no solo con el Estadio \u00danico, sino tambi\u00e9n el Natatorio Ol\u00edmpico, donde hay competencias nacionales o bien la pista de BMX en donde este a\u00f1o se va a ser doble fecha del campeonato mundia<\/strong>l\u201d, dijo y entonces \u201ctenemos muchas cuestiones para sentirnos contentos y orgullosos\u201d.<\/p>\n<p><figure class=\"mb-3\"><img decoding=\"async\" src=\"https:\/\/www.telam.com.ar\/thumbs\/bluesteel\/advf\/imagenes\/2023\/04\/6428c98d12aab_1200.jpg\" class=\" lazy \" width=\"100%\" height=\"100%\" alt=\"Foto Emilio Rapetti\"\/><figcaption> Foto: Emilio Rapetti. <\/figcaption><\/figure>\n<p>\u201cLa provincia est\u00e1 trabajando intensamente, el gobernador Gerardo Zamora se mueve constantemente y nosotros desde Naci\u00f3n no solo acompa\u00f1amos a Santiago del Estero, sino a todas las provincias del pa\u00eds y estamos potenciando el turismo deportivo\u201d, dijo.<\/p>\n<p>De esa manera indic\u00f3 que continuar\u00e1 \u201ctrabajando y gestionando fuertemente para que haya m\u00e1s cosas para la Argentina, ya que as\u00ed son los lineamientos del nuestro ministro de Turismo, Mat\u00edas Lammens\u201d.<\/p>\n<p>Finalmente dijo que \u201ctenemos un pa\u00eds muy hermoso para que vengan a disfrutar los turistas, Argentina tiene los paisajes de todos los continentes, tenemos llanuras, monta\u00f1as, playas, nieve, ciudades nuevas e hist\u00f3ricas, tenemos la puna, la Patagonia, el mejor vino Malbec, el mejor vino de altura, tenemos las Cataratas del Iguaz\u00fa, el Glaciar, el fin del mundo, la Ant\u00e1rtida\u201d. <\/p>\n<\/div>\n<p><script async defer crossorigin=\"anonymous\" src=\"https:\/\/connect.facebook.net\/es_LA\/sdk.js#xfbml=1&#038;version=v12.0\" nonce=\"SBlHQzIF\"><\/script><br \/>\n<br \/>[ad_2]<br \/>\n<br \/><a href=\"https:\/\/www.telam.com.ar\/notas\/202304\/624369-moto-gp-crecimiento-turistas-extranjeros.html\">Source link <\/a><\/p>\n","protected":false},"excerpt":{"rendered":"<p>[ad_1] El titular del Instituto Nacional de Promoci\u00f3n Tur\u00edstica, Ricardo Sosa \/ Foto: Emilio Rapetti. El titular del Instituto Nacional de Promoci\u00f3n Tur\u00edstica (Inprotur), Ricardo Sosa dijo que \u201cen los \u00faltimos a\u00f1os se ha ido incrementando la recepci\u00f3n de los turistas extranjeros\u201d\u00a0 sobre el Moto GP 2023 que se desarroll\u00f3 en la ciudad de Las [&hellip;]<\/p>\n","protected":false},"author":1,"featured_media":841,"comment_status":"open","ping_status":"open","sticky":false,"template":"","format":"standard","meta":{"_et_pb_use_builder":"","_et_pb_old_content":"","_et_gb_content_width":"","_uag_custom_page_level_css":"","footnotes":""},"categories":[1],"tags":[],"uagb_featured_image_src":{"full":["https:\/\/elementor.radiosenvivo.com.ar\/wp-content\/uploads\/2023\/04\/64288c83cac7c_450.jpg",450,253,false],"thumbnail":["https:\/\/elementor.radiosenvivo.com.ar\/wp-content\/uploads\/2023\/04\/64288c83cac7c_450-150x150.jpg",150,150,true],"medium":["https:\/\/elementor.radiosenvivo.com.ar\/wp-content\/uploads\/2023\/04\/64288c83cac7c_450-300x169.jpg",300,169,true],"medium_large":["https:\/\/elementor.radiosenvivo.com.ar\/wp-content\/uploads\/2023\/04\/64288c83cac7c_450.jpg",450,253,false],"large":["https:\/\/elementor.radiosenvivo.com.ar\/wp-content\/uploads\/2023\/04\/64288c83cac7c_450.jpg",450,253,false],"1536x1536":["https:\/\/elementor.radiosenvivo.com.ar\/wp-content\/uploads\/2023\/04\/64288c83cac7c_450.jpg",450,253,false],"2048x2048":["https:\/\/elementor.radiosenvivo.com.ar\/wp-content\/uploads\/2023\/04\/64288c83cac7c_450.jpg",450,253,false],"et-pb-post-main-image":["https:\/\/elementor.radiosenvivo.com.ar\/wp-content\/uploads\/2023\/04\/64288c83cac7c_450-400x250.jpg",400,250,true],"et-pb-post-main-image-fullwidth":["https:\/\/elementor.radiosenvivo.com.ar\/wp-content\/uploads\/2023\/04\/64288c83cac7c_450.jpg",450,253,false],"et-pb-portfolio-image":["https:\/\/elementor.radiosenvivo.com.ar\/wp-content\/uploads\/2023\/04\/64288c83cac7c_450-400x253.jpg",400,253,true],"et-pb-portfolio-module-image":["https:\/\/elementor.radiosenvivo.com.ar\/wp-content\/uploads\/2023\/04\/64288c83cac7c_450.jpg",450,253,false],"et-pb-portfolio-image-single":["https:\/\/elementor.radiosenvivo.com.ar\/wp-content\/uploads\/2023\/04\/64288c83cac7c_450.jpg",450,253,false],"et-pb-gallery-module-image-portrait":["https:\/\/elementor.radiosenvivo.com.ar\/wp-content\/uploads\/2023\/04\/64288c83cac7c_450-400x253.jpg",400,253,true],"et-pb-post-main-image-fullwidth-large":["https:\/\/elementor.radiosenvivo.com.ar\/wp-content\/uploads\/2023\/04\/64288c83cac7c_450.jpg",450,253,false],"et-pb-image--responsive--desktop":["https:\/\/elementor.radiosenvivo.com.ar\/wp-content\/uploads\/2023\/04\/64288c83cac7c_450.jpg",450,253,false],"et-pb-image--responsive--tablet":["https:\/\/elementor.radiosenvivo.com.ar\/wp-content\/uploads\/2023\/04\/64288c83cac7c_450.jpg",450,253,false],"et-pb-image--responsive--phone":["https:\/\/elementor.radiosenvivo.com.ar\/wp-content\/uploads\/2023\/04\/64288c83cac7c_450.jpg",450,253,false]},"uagb_author_info":{"display_name":"admin","author_link":"https:\/\/elementor.radiosenvivo.com.ar\/index.php\/author\/admin\/"},"uagb_comment_info":0,"uagb_excerpt":"[ad_1] El titular del Instituto Nacional de Promoci\u00f3n Tur\u00edstica, Ricardo Sosa \/ Foto: Emilio Rapetti. El titular del Instituto Nacional de Promoci\u00f3n Tur\u00edstica (Inprotur), Ricardo Sosa dijo que \u201cen los \u00faltimos a\u00f1os se ha ido incrementando la recepci\u00f3n de los turistas extranjeros\u201d\u00a0 sobre el Moto GP 2023 que se desarroll\u00f3 en la ciudad de Las&hellip;","_links":{"self":[{"href":"https:\/\/elementor.radiosenvivo.com.ar\/index.php\/wp-json\/wp\/v2\/posts\/840"}],"collection":[{"href":"https:\/\/elementor.radiosenvivo.com.ar\/index.php\/wp-json\/wp\/v2\/posts"}],"about":[{"href":"https:\/\/elementor.radiosenvivo.com.ar\/index.php\/wp-json\/wp\/v2\/types\/post"}],"author":[{"embeddable":true,"href":"https:\/\/elementor.radiosenvivo.com.ar\/index.php\/wp-json\/wp\/v2\/users\/1"}],"replies":[{"embeddable":true,"href":"https:\/\/elementor.radiosenvivo.com.ar\/index.php\/wp-json\/wp\/v2\/comments?post=840"}],"version-history":[{"count":0,"href":"https:\/\/elementor.radiosenvivo.com.ar\/index.php\/wp-json\/wp\/v2\/posts\/840\/revisions"}],"wp:featuredmedia":[{"embeddable":true,"href":"https:\/\/elementor.radiosenvivo.com.ar\/index.php\/wp-json\/wp\/v2\/media\/841"}],"wp:attachment":[{"href":"https:\/\/elementor.radiosenvivo.com.ar\/index.php\/wp-json\/wp\/v2\/media?parent=840"}],"wp:term":[{"taxonomy":"category","embeddable":true,"href":"https:\/\/elementor.radiosenvivo.com.ar\/index.php\/wp-json\/wp\/v2\/categories?post=840"},{"taxonomy":"post_tag","embeddable":true,"href":"https:\/\/elementor.radiosenvivo.com.ar\/index.php\/wp-json\/wp\/v2\/tags?post=840"}],"curies":[{"name":"wp","href":"https:\/\/api.w.org\/{rel}","templated":true}]}}