{"id":717,"date":"2023-03-21T00:03:42","date_gmt":"2023-03-21T00:03:42","guid":{"rendered":"https:\/\/elementor.radiosenvivo.com.ar\/index.php\/2023\/03\/21\/una-fiesta-popular-que-celebra-el-tomate-en-la-localidad-donde-nacio-rodolfo-walsh\/"},"modified":"2023-03-21T00:03:42","modified_gmt":"2023-03-21T00:03:42","slug":"una-fiesta-popular-que-celebra-el-tomate-en-la-localidad-donde-nacio-rodolfo-walsh","status":"publish","type":"post","link":"https:\/\/elementor.radiosenvivo.com.ar\/index.php\/2023\/03\/21\/una-fiesta-popular-que-celebra-el-tomate-en-la-localidad-donde-nacio-rodolfo-walsh\/","title":{"rendered":"Una fiesta popular que celebra el tomate, en la localidad donde naci\u00f3 Rodolfo Walsh"},"content":{"rendered":"<p> [ad_1]<br \/>\n<\/p>\n<div><span><\/p>\n<figure class=\"mb-3\"><img decoding=\"async\" src=\"https:\/\/www.telam.com.ar\/thumbs\/bluesteel\/advf\/imagenes\/2022\/03\/622a02970ee36_1200.jpg\" class=\" lazy \" width=\"100%\" height=\"100%\" alt=\"La Fiesta Nacional del Tomate y la Produccin se celebra hasta el domingo 13 de marzo en Lamarque\"\/><figcaption> La Fiesta Nacional del Tomate y la Producci\u00f3n se celebra hasta el domingo 13 de marzo en Lamarque. <\/figcaption><\/figure>\n<p><\/span><br \/>La localidad de Lamarque, ubicada en el centro de la provincia de R\u00edo Negro, celebra a partir de este jueves y hasta el domingo 13 de marzo la Fiesta Nacional del Tomate y la Producci\u00f3n, con el plus de que en este rinc\u00f3n patag\u00f3nico se encuentra la casa donde naci\u00f3 el periodista y escritor Rodolfo Walsh.<\/p>\n<p>En declaraciones a T\u00e9lam Radio, <strong>el intendente local, Sergio Hern\u00e1ndez<\/strong>, destac\u00f3 que la fiesta, en su 27 edici\u00f3n, \u00ab<strong>nos permite difundir la Argentina profunda, la Argentina federal\u00bb<\/strong>, al tiempo que record\u00f3 a <strong>Walsh como \u00abgenerador de un nuevo estilo literario del periodismo de investigaci\u00f3n\u00bb.<\/strong><\/p>\n<p>Esta <strong>peque\u00f1a localidad rionegrina, <\/strong>que seg\u00fan calcula el intendente tiene <strong>unos 13.000 habitantes<\/strong>, pone durante 4 d\u00edas todo a disposici\u00f3n para una fiesta \u00abmuy convocante de nuestra provincia, donde viene gente de todos los rincones de R\u00edo Negro y de otras provincias\u00bb.<\/p>\n<p><span><iframe loading=\"lazy\" width=\"100%\" height=\"166\" scrolling=\"no\" frameborder=\"no\" allow=\"autoplay\" src=\"https:\/\/w.soundcloud.com\/player\/?url=https%3A\/\/api.soundcloud.com\/tracks\/1229754979&amp;color=%23ff5500&amp;auto_play=false&amp;hide_related=false&amp;show_comments=true&amp;show_user=true&amp;show_reposts=false&amp;show_teaser=true\"><\/iframe><\/span><br \/>\u00ab<strong>Es un acto de reconocimiento al productor, a toda la producci\u00f3n, a la tierra, a toda la gente que trabaja en las chacras, que trabaja en el campo\u00bb<\/strong>, describi\u00f3 el intendente.<\/p>\n<p>\u00abLamarque es en R\u00edo Negro una de las <strong>zonas productivas por excelencia de manzanas, peras, pasturas, ganader\u00eda, frutos secos, fruta fina, verduras, hortalizas,<\/strong> entre otras, y la verdad <strong>genera mucha riqueza en la producci\u00f3n a toda la regi\u00f3n\u00bb<\/strong>, agreg\u00f3.<\/p>\n<p>Hern\u00e1ndez asever\u00f3 que la fiesta \u00abes una oportunidad que tenemos lo lamarque\u00f1os de expresarnos en todos los sentidos: laboral, cultural, reconocimiento, y la verdad que la gente la espera mucho, est\u00e1 muy arraigada, como seguramente pasan en muchos lugares de la Argentina con estas fiestas populares que se llevan adelante con mucho esfuerzo\u00bb.<\/p>\n<h2 class=\"\">A puro tomatazo<\/h2>\n<p>Uno de los puntos fuertes del festejo es la denominada<strong> &#8216;tomatina&#8217;, que se realiza el domingo, y que es b\u00e1sicamente una divertida guerra de tomates.<\/strong><\/p>\n<p>El intendente explic\u00f3 que \u00abse arma una cancha, como de tenis, con dos equipos, y en cada extremo de la cancha se ponen tambores chiquitos, como las tumba latas, y cada equipo debe evitar que el contrario tire la menor cantidad de tachos, y eso lo puede hacer \u00fanicamente poniendo el cuerpo\u00bb.<\/p>\n<p>\u00abSon 10 minutos los enfrentamientos, por categor\u00eda, con tomate maduro, sobre un piso de nylon con el Irujo del tomate, que es muy inestable, y es bastante divertido y viene mucha gente a verla\u00bb, a\u00f1adi\u00f3.<\/p>\n<p>Adem\u00e1s de este cierre a puro tomatazo, durante los cuatro d\u00edas la fiesta transcurre alrededor de la plaza, donde se ponen los feriantes, hay parques de diversi\u00f3n, patios de comidas, concursos de embaladores, concurso de salseada, elecci\u00f3n de la reina, fuegos artificiales, y espect\u00e1culos a nivel nacional en el polideportivo, adem\u00e1s de escenarios al aire libre.<\/p>\n<p><span><iframe loading=\"lazy\" src=\"https:\/\/www.facebook.com\/plugins\/post.php?href=https%3A%2F%2Fwww.facebook.com%2Fpermalink.php%3Fstory_fbid%3D325216219641704%26id%3D100064599861777&amp;show_text=true&amp;width=500\" width=\"500\" height=\"679\" style=\"border:none;overflow:hidden\" scrolling=\"no\" frameborder=\"0\" allowfullscreen=\"true\" allow=\"autoplay; clipboard-write; encrypted-media; picture-in-picture; web-share\"><\/iframe><\/span><\/p>\n<h2 class=\"\">Visitar la Casa De Walsh<\/h2>\n<p>Pero Lamarque adem\u00e1s se caracteriza porque es el sitio donde se encuentra la casa donde naci\u00f3 el reconocido escritor Rodolfo Walsh, \u00abgenerador de un nuevo estilo literario del periodismo de investigaci\u00f3n y que naci\u00f3 y tuvo sus primeros a\u00f1os ac\u00e1 en Lamarque\u00bb, explic\u00f3 el intendente.<\/p>\n<p>\u00abNosotros como gobierno municipal tenemos la posibilidad de que los turistas visiten el espacio que est\u00e1 en el casco de una estancia y que tenemos ambientado una de las habitaciones para que la gente lo visite, conozca su obra, donde dio sus primeros pasos Rodolfo Walsh, militante, periodista, lamentablemente desaparecido en la \u00faltima dictadura militar y todav\u00eda se intenta establecer donde est\u00e1 su cuerpo\u00bb, concluy\u00f3 Hern\u00e1ndez. <\/p>\n<\/div>\n<p><script async defer crossorigin=\"anonymous\" src=\"https:\/\/connect.facebook.net\/es_LA\/sdk.js#xfbml=1&#038;version=v12.0\" nonce=\"SBlHQzIF\"><\/script><br \/>\n<br \/>[ad_2]<br \/>\n<br \/><a href=\"https:\/\/www.telam.com.ar\/notas\/202203\/585962-una-fiesta-popular-que-celebra-el-tomate-y-la-produccion-donde-nacio-rodolfo-walsh.html\">Source link <\/a><\/p>\n","protected":false},"excerpt":{"rendered":"<p>[ad_1] La Fiesta Nacional del Tomate y la Producci\u00f3n se celebra hasta el domingo 13 de marzo en Lamarque. La localidad de Lamarque, ubicada en el centro de la provincia de R\u00edo Negro, celebra a partir de este jueves y hasta el domingo 13 de marzo la Fiesta Nacional del Tomate y la Producci\u00f3n, con [&hellip;]<\/p>\n","protected":false},"author":1,"featured_media":718,"comment_status":"open","ping_status":"open","sticky":false,"template":"","format":"standard","meta":{"_et_pb_use_builder":"","_et_pb_old_content":"","_et_gb_content_width":"","_uag_custom_page_level_css":"","footnotes":""},"categories":[1],"tags":[],"uagb_featured_image_src":{"full":["https:\/\/elementor.radiosenvivo.com.ar\/wp-content\/uploads\/2023\/03\/622a02970ee36_450.jpg",449,252,false],"thumbnail":["https:\/\/elementor.radiosenvivo.com.ar\/wp-content\/uploads\/2023\/03\/622a02970ee36_450-150x150.jpg",150,150,true],"medium":["https:\/\/elementor.radiosenvivo.com.ar\/wp-content\/uploads\/2023\/03\/622a02970ee36_450-300x168.jpg",300,168,true],"medium_large":["https:\/\/elementor.radiosenvivo.com.ar\/wp-content\/uploads\/2023\/03\/622a02970ee36_450.jpg",449,252,false],"large":["https:\/\/elementor.radiosenvivo.com.ar\/wp-content\/uploads\/2023\/03\/622a02970ee36_450.jpg",449,252,false],"1536x1536":["https:\/\/elementor.radiosenvivo.com.ar\/wp-content\/uploads\/2023\/03\/622a02970ee36_450.jpg",449,252,false],"2048x2048":["https:\/\/elementor.radiosenvivo.com.ar\/wp-content\/uploads\/2023\/03\/622a02970ee36_450.jpg",449,252,false],"et-pb-post-main-image":["https:\/\/elementor.radiosenvivo.com.ar\/wp-content\/uploads\/2023\/03\/622a02970ee36_450-400x250.jpg",400,250,true],"et-pb-post-main-image-fullwidth":["https:\/\/elementor.radiosenvivo.com.ar\/wp-content\/uploads\/2023\/03\/622a02970ee36_450.jpg",449,252,false],"et-pb-portfolio-image":["https:\/\/elementor.radiosenvivo.com.ar\/wp-content\/uploads\/2023\/03\/622a02970ee36_450-400x252.jpg",400,252,true],"et-pb-portfolio-module-image":["https:\/\/elementor.radiosenvivo.com.ar\/wp-content\/uploads\/2023\/03\/622a02970ee36_450.jpg",449,252,false],"et-pb-portfolio-image-single":["https:\/\/elementor.radiosenvivo.com.ar\/wp-content\/uploads\/2023\/03\/622a02970ee36_450.jpg",449,252,false],"et-pb-gallery-module-image-portrait":["https:\/\/elementor.radiosenvivo.com.ar\/wp-content\/uploads\/2023\/03\/622a02970ee36_450-400x252.jpg",400,252,true],"et-pb-post-main-image-fullwidth-large":["https:\/\/elementor.radiosenvivo.com.ar\/wp-content\/uploads\/2023\/03\/622a02970ee36_450.jpg",449,252,false],"et-pb-image--responsive--desktop":["https:\/\/elementor.radiosenvivo.com.ar\/wp-content\/uploads\/2023\/03\/622a02970ee36_450.jpg",449,252,false],"et-pb-image--responsive--tablet":["https:\/\/elementor.radiosenvivo.com.ar\/wp-content\/uploads\/2023\/03\/622a02970ee36_450.jpg",449,252,false],"et-pb-image--responsive--phone":["https:\/\/elementor.radiosenvivo.com.ar\/wp-content\/uploads\/2023\/03\/622a02970ee36_450.jpg",449,252,false]},"uagb_author_info":{"display_name":"admin","author_link":"https:\/\/elementor.radiosenvivo.com.ar\/index.php\/author\/admin\/"},"uagb_comment_info":0,"uagb_excerpt":"[ad_1] La Fiesta Nacional del Tomate y la Producci\u00f3n se celebra hasta el domingo 13 de marzo en Lamarque. La localidad de Lamarque, ubicada en el centro de la provincia de R\u00edo Negro, celebra a partir de este jueves y hasta el domingo 13 de marzo la Fiesta Nacional del Tomate y la Producci\u00f3n, con&hellip;","_links":{"self":[{"href":"https:\/\/elementor.radiosenvivo.com.ar\/index.php\/wp-json\/wp\/v2\/posts\/717"}],"collection":[{"href":"https:\/\/elementor.radiosenvivo.com.ar\/index.php\/wp-json\/wp\/v2\/posts"}],"about":[{"href":"https:\/\/elementor.radiosenvivo.com.ar\/index.php\/wp-json\/wp\/v2\/types\/post"}],"author":[{"embeddable":true,"href":"https:\/\/elementor.radiosenvivo.com.ar\/index.php\/wp-json\/wp\/v2\/users\/1"}],"replies":[{"embeddable":true,"href":"https:\/\/elementor.radiosenvivo.com.ar\/index.php\/wp-json\/wp\/v2\/comments?post=717"}],"version-history":[{"count":0,"href":"https:\/\/elementor.radiosenvivo.com.ar\/index.php\/wp-json\/wp\/v2\/posts\/717\/revisions"}],"wp:featuredmedia":[{"embeddable":true,"href":"https:\/\/elementor.radiosenvivo.com.ar\/index.php\/wp-json\/wp\/v2\/media\/718"}],"wp:attachment":[{"href":"https:\/\/elementor.radiosenvivo.com.ar\/index.php\/wp-json\/wp\/v2\/media?parent=717"}],"wp:term":[{"taxonomy":"category","embeddable":true,"href":"https:\/\/elementor.radiosenvivo.com.ar\/index.php\/wp-json\/wp\/v2\/categories?post=717"},{"taxonomy":"post_tag","embeddable":true,"href":"https:\/\/elementor.radiosenvivo.com.ar\/index.php\/wp-json\/wp\/v2\/tags?post=717"}],"curies":[{"name":"wp","href":"https:\/\/api.w.org\/{rel}","templated":true}]}}