{"id":715,"date":"2023-03-20T03:46:59","date_gmt":"2023-03-20T03:46:59","guid":{"rendered":"https:\/\/elementor.radiosenvivo.com.ar\/index.php\/2023\/03\/20\/comienza-en-buenos-aires-el-tercer-foro-mundial-de-derechos-humanos\/"},"modified":"2023-03-20T03:46:59","modified_gmt":"2023-03-20T03:46:59","slug":"comienza-en-buenos-aires-el-tercer-foro-mundial-de-derechos-humanos","status":"publish","type":"post","link":"https:\/\/elementor.radiosenvivo.com.ar\/index.php\/2023\/03\/20\/comienza-en-buenos-aires-el-tercer-foro-mundial-de-derechos-humanos\/","title":{"rendered":"Comienza en Buenos Aires el Tercer Foro Mundial de Derechos Humanos"},"content":{"rendered":"<p> [ad_1]<br \/>\n<\/p>\n<div>\n<figure class=\"mb-3\"><img decoding=\"async\" src=\"https:\/\/www.telam.com.ar\/thumbs\/bluesteel\/advf\/imagenes\/2022\/10\/6338ae10540cb_1200.jpg\" class=\" lazy \" width=\"100%\" height=\"100%\" alt=\"El Centro Cultura Kirchner es una de las sedes para el Foro Foto Archivo\"\/><figcaption> El Centro Cultura Kirchner es una de las sedes para el Foro \/ Foto: Archivo. <\/figcaption><\/figure>\n<p> La tercera edici\u00f3n del Foro Mundial de Derechos Humanos (FMDH2023) comienza este lunes en la ciudad de Buenos Aires, con una amplia convocatoria que incluye la presencia de referentes de derechos humanos de todo el mundo, 15 mil inscriptos, 1.200 actividades y las presencias del presidente Alberto Fern\u00e1ndez y la vicepresidenta Cristina Fern\u00e1ndez de Kirchner.<\/p>\n<p>El foro, organizado por el Centro Internacional para la Promoci\u00f3n de los Derechos Humanos (CIPDH Unesco), tendr\u00e1 lugar <strong>del 20 al 24 de marzo en cuatro sedes en simult\u00e1neo: Espacio Memoria exESMA; Centro Cultural Kirchner (CCK), Facultad de Arquitectura, Urbanismo y Dise\u00f1o (FADU) y Comisi\u00f3n Nacional de Energ\u00eda At\u00f3mica (CNEA).<\/strong><\/p>\n<p><figure class=\"mb-3\"><img decoding=\"async\" src=\"https:\/\/www.telam.com.ar\/thumbs\/bluesteel\/advf\/imagenes\/2023\/03\/64137eb0c10c2_1200.jpg\" class=\" lazy \" width=\"100%\" height=\"100%\" alt=\"Las cuatro sedes del Foro son el Espacio Memoria exESMA el Centro Cultural Kirchner la Facultad de Arquitectura y la Comisin Nacional de Energa Atmica\"\/><figcaption> Las cuatro sedes del Foro son el Espacio Memoria exESMA, el Centro Cultural Kirchner, la Facultad de Arquitectura y la Comisi\u00f3n Nacional de Energ\u00eda At\u00f3mica. <\/figcaption><\/figure>\n<p>El presidente Fern\u00e1ndez encabezar\u00e1 la ceremonia inaugural, que comenzar\u00e1 a las 18 en el CCK, acompa\u00f1ado por la titular de Abuelas de Plaza de Mayo, <strong>Estela de Carlotto<\/strong>; el Premio Nobel de la Paz y presidente honorario del Foro, <strong>Adolfo P\u00e9rez Esquivel<\/strong>; la directora del CIPDH Unesco, <strong>Fernanda Gil Lozano<\/strong>, y el secretario de Derechos Humanos, Horacio Pietragalla.<\/p>\n<p>En tanto,<strong> el martes a las 17, tambi\u00e9n en el CCK-, el Grupo Puebla llevar\u00e1 a cabo la actividad \u00abVoluntad Popular y Democracia\u00bb,<\/strong> que contar\u00e1 para el cierre con la presencia de la Vicepresidenta, en un debate en el que expondr\u00e1n, previamente, los exmandatarios Evo Morales (Bolivia), Rafael Correa (Ecuador), Jos\u00e9 Luis Rodr\u00edguez Zapatero (Espa\u00f1a) y Ernesto Samper (Colombia).<\/p>\n<p>El FMDH2023 ser\u00e1 <strong>el \u00abmayor encuentro internacional de activistas\u00bb por los derechos humanos a nivel mundial <\/strong>y se dar\u00e1 en el marco de la conmemoraci\u00f3n de los 40 a\u00f1os del retorno democr\u00e1tico en Argentina, un hecho que atravesar\u00e1 distintos ejes de debate durante el foro.<\/p>\n<p>\u00abEl mejor acto que pod\u00edamos hacer de reflexi\u00f3n tiene que ver con los derechos humanos, y c\u00f3mo este concepto se ha ido ampliando\u00bb, <strong>dijo a T\u00e9lam Gil Lozano, directora del Centro Internacional para la Promoci\u00f3n de los Derechos Humanos (CIPDH-Unesco)<\/strong>, organismo que lidera la Secretar\u00eda Ejecutiva Nacional del FMDH23.<\/p>\n<p>Gil Lozano consider\u00f3 que en la actualidad \u00ab<strong>casi todos los temas que nos aquejan a nivel mundial pasan por los derechos humanos<\/strong> y por un posicionamiento de pensarnos como personas con derechos y valores solidarios, ya no desde lo individual ni desde el mercado\u00bb.<\/p>\n<p>\u00abNo hay salvaci\u00f3n si no es con todos, esto va muy en serio, no es un slogan. Si no cuidamos al planeta, si no nos tratamos mejor, si no aprendemos a convivir en paz, nos va a quedar poco tiempo\u00bb, reflexion\u00f3.<\/p>\n<blockquote class=\"\"><p>Este encuentro multisectorial contar\u00e1 con conferencistas magistrales entre los que se incluyen representantes de los Estados, organismos internacionales y organizaciones de la sociedad civil, activistas y defensores de derechos humanos, con la participaci\u00f3n de un total de 98 pa\u00edses.<\/p><\/blockquote>\n<p>\u00abEl foro se erige como un espacio de fortalecimiento de redes que brinda la posibilidad de que diferentes sectores se encuentren a los fines de trabajar y renovar el compromiso con los derechos humanos. Desde la organizaci\u00f3n estamos muy complacidos con lo que se ha logrado y agradecidos con cada una de las mil organizaciones que son parte de este foro mundial\u00bb, expres\u00f3 a esta agencia <strong>el secretario ejecutivo adjunto del FMDH23, Rodrigo G\u00f3mez Tortosa.<\/strong><\/p>\n<p><figure class=\"mb-3\"><img decoding=\"async\" src=\"https:\/\/www.telam.com.ar\/thumbs\/bluesteel\/advf\/imagenes\/2023\/03\/64174bcd1aac9_1200.jpg\" class=\" lazy \" width=\"100%\" height=\"100%\" alt=\"Fernanda Gil Lozano directora del Centro Internacional para la Promocin de los Derechos Humanos CIPDHUnesco\"\/><figcaption> Fernanda Gil Lozano, directora del Centro Internacional para la Promoci\u00f3n de los Derechos Humanos \/ CIPDH-Unesco. <\/figcaption><\/figure>\n<p>G\u00f3mez Tortosa se\u00f1al\u00f3 que las actividades del foro materializan las preocupaciones que existen a nivel mundial y que son \u00abun s\u00edmbolo de lo que representan las diferentes luchas, como por ejemplo las vinculadas a cuestiones ambientales; de memoria,verdad y justicia; actividades contra la tortura o que ponen de manifiesto lo que es el tema de trata se personas\u00bb.<\/p>\n<p>Tambi\u00e9n destac\u00f3 que el FMDH202<strong>3 \u00abno son s\u00f3lo estas cinco jornadas\u00bb sino que es \u00abun proceso de trabajo de un a\u00f1o entero <\/strong>en el cual cada uno de los 26 ejes tem\u00e1ticos fue trabajado por comisiones integradas por much\u00edsimas personas de distintas organizaciones en diferentes instancias\u00bb.<\/p>\n<p>\u00abEl FMDH2023 se inscribe en un momento muy importante para Argentina como son los 40 a\u00f1os de democracia, en el que se pone de relieve el recorrido que ha significado la lucha por los derechos humanos en el pa\u00eds, sobre todo la de las Abuelas, Madres e Hijos, y esa experiencia y liderazgo conceptual que han brindado para todos los argentinos se materializa en este encuentro\u00bb, resalt\u00f3 G\u00f3mez Tortosa.<\/p>\n<p><figure class=\"mb-3\"><img decoding=\"async\" src=\"https:\/\/www.telam.com.ar\/thumbs\/bluesteel\/advf\/imagenes\/2023\/03\/64174bcd3355c_1200.jpg\" class=\" lazy \" width=\"100%\" height=\"100%\" alt=\"El secretario ejecutivo adjunto del FMDH23 Rodrigo Gmez Tortosa\"\/><figcaption> El secretario ejecutivo adjunto del FMDH23, Rodrigo G\u00f3mez Tortosa. <\/figcaption><\/figure>\n<p>La inscripci\u00f3n al foro -al que ya se han registrado 15 mil personas- permanecer\u00e1 abierta durante toda la semana para que quien quiera participar pueda hacerlo de manera gratuita s\u00f3lo inscribi\u00e9ndose previamente desde la web <a href=\"https:\/\/fmdh23.org\/\" target=\"_blank\" rel=\"noopener\">https:\/\/fmdh23.org\/<\/a><\/p>\n<blockquote class=\"\"><p>El FMDH2023 se inscribe en un momento muy importante para Argentina como son los 40 a\u00f1os de democracia.<\/p><\/blockquote>\n<p>\u00abEs un evento \u00fanico de estas caracter\u00edsticas a nivel internacional en el pa\u00eds, que ha generado una convocatoria muy importante en todos los \u00f3rdenes y que implica una verdadera distinci\u00f3n para el movimiento de derechos humanos de la Argentina\u00bb, expres\u00f3 en di\u00e1logo con T\u00e9lam <strong>el director nacional de Derechos Humanos y Derecho Internacional Humanitario del Ministerio de Defensa, Eduardo Jozami<\/strong>, quien adem\u00e1s integra el Comit\u00e9 Organizador Nacional del FMDH2023.<\/p>\n<p>Jozami consider\u00f3 que se trata de \u00abun momento para celebrar, medir y evaluar los avances y las carencias\u00bb y \u00abde felicitarnos\u00bb, a pesar de \u00abla situaci\u00f3n dif\u00edcil que vive hoy la Argentina, por haber podido mantener la estabilidad democr\u00e1tica y el orden institucional durante estos 40 a\u00f1os\u00bb.<\/p>\n<blockquote class=\"twitter-tweet\">\n<p lang=\"es\" dir=\"ltr\">Durante 6 meses, m\u00e1s de 950 organizaciones de derechos humanos, sociales, acad\u00e9micas y gubernamentales trabajaron en 24 Comisiones Tem\u00e1ticas para llevar al FMDH23 sus actividades.<a href=\"https:\/\/twitter.com\/hashtag\/caminoAlFMDH23?src=hash&amp;ref_src=twsrc%5Etfw\">#caminoAlFMDH23<\/a> <a href=\"https:\/\/t.co\/p5rZjjUGcO\">pic.twitter.com\/p5rZjjUGcO<\/a><\/p>\n<p>\u2014 III Foro Mundial de Derechos Humanos 2023 (@fmdh23) <a href=\"https:\/\/twitter.com\/fmdh23\/status\/1636823820735528969?ref_src=twsrc%5Etfw\">March 17, 2023<\/a><\/p><\/blockquote>\n<p>En esta misma l\u00ednea,<strong> la reconocida soci\u00f3loga feminista Dora Barrancos,<\/strong> que participar\u00e1 en el panel \u00ab\u00bfLos derechos humanos en el abismo?\u00bb junto al diputado espa\u00f1ol Gerardo Pisarello, destac\u00f3 como \u00ababsolutamente conmemorable el Estado de derecho que hemos ganado en Argentina aun con todas las dificultades que tiene la formalidad democr\u00e1tica\u00bb.<\/p>\n<p>\u00abMi generaci\u00f3n aprendi\u00f3 que m\u00e1s all\u00e1 de las dificultades, de las aver\u00edas o de las desigualdades, <strong>el sistema democr\u00e1tico debe ser salvaguardado como un bien fundamental <\/strong>en el que deben transcurrir todas las transformaciones pol\u00edticas\u00bb, subray\u00f3.<\/p>\n<p>Adem\u00e1s de los distintos paneles especiales, talleres y actividades autogestionadas, el martes y el mi\u00e9rcoles se llevar\u00e1 a cabo en la Plaza de la Democracia de la exESMA un festival de m\u00fasica bajo el lema <strong>\u00ab40 a\u00f1os por la democracia y los derechos humanos\u00bb<\/strong>, con m\u00faltiples artistas en escena.<\/p>\n<blockquote class=\"twitter-tweet\">\n<p lang=\"es\" dir=\"ltr\">A 40 a\u00f1os de la recuperaci\u00f3n de la democracia, Argentina organiza el III Foro Mundial de Derechos Humanos (<a href=\"https:\/\/twitter.com\/fmdh23?ref_src=twsrc%5Etfw\">@fmdh23<\/a>).<\/p>\n<p>Del 20 al 24 de marzo del 2023 pod\u00e9s participar de las conferencias, talleres y actividades culturales \u2b07\ufe0f <a href=\"https:\/\/twitter.com\/hashtag\/FMDH23?src=hash&amp;ref_src=twsrc%5Etfw\">#FMDH23<\/a> <a href=\"https:\/\/t.co\/ySdKVgIwi6\">pic.twitter.com\/ySdKVgIwi6<\/a><\/p>\n<p>\u2014 Casa Rosada (@CasaRosada) <a href=\"https:\/\/twitter.com\/CasaRosada\/status\/1637544719927459840?ref_src=twsrc%5Etfw\">March 19, 2023<\/a><\/p><\/blockquote>\n<p>El foro tendr\u00e1 su culminaci\u00f3n con la marcha del viernes 24 de Marzo, en conmemoraci\u00f3n al D\u00eda de la Memoria, la Verdad y la Justicia en la que todos los participantes ser\u00e1n invitados a confluir en Plaza de Mayo. <\/p>\n<\/div>\n<p><script async src=\"\/\/platform.twitter.com\/widgets.js\" charset=\"utf-8\"><\/script><script async defer crossorigin=\"anonymous\" src=\"https:\/\/connect.facebook.net\/es_LA\/sdk.js#xfbml=1&#038;version=v12.0\" nonce=\"SBlHQzIF\"><\/script><br \/>\n<br \/>[ad_2]<br \/>\n<br \/><a href=\"https:\/\/www.telam.com.ar\/notas\/202303\/622971-foro-mundial-derechos-humanos-fernandez-presidente-cristina.html\">Source link <\/a><\/p>\n","protected":false},"excerpt":{"rendered":"<p>[ad_1] El Centro Cultura Kirchner es una de las sedes para el Foro \/ Foto: Archivo. La tercera edici\u00f3n del Foro Mundial de Derechos Humanos (FMDH2023) comienza este lunes en la ciudad de Buenos Aires, con una amplia convocatoria que incluye la presencia de referentes de derechos humanos de todo el mundo, 15 mil inscriptos, [&hellip;]<\/p>\n","protected":false},"author":1,"featured_media":716,"comment_status":"open","ping_status":"open","sticky":false,"template":"","format":"standard","meta":{"_et_pb_use_builder":"","_et_pb_old_content":"","_et_gb_content_width":"","_uag_custom_page_level_css":"","footnotes":""},"categories":[12],"tags":[],"uagb_featured_image_src":{"full":["https:\/\/elementor.radiosenvivo.com.ar\/wp-content\/uploads\/2023\/03\/6338ae10540cb_450.jpg",450,253,false],"thumbnail":["https:\/\/elementor.radiosenvivo.com.ar\/wp-content\/uploads\/2023\/03\/6338ae10540cb_450-150x150.jpg",150,150,true],"medium":["https:\/\/elementor.radiosenvivo.com.ar\/wp-content\/uploads\/2023\/03\/6338ae10540cb_450-300x169.jpg",300,169,true],"medium_large":["https:\/\/elementor.radiosenvivo.com.ar\/wp-content\/uploads\/2023\/03\/6338ae10540cb_450.jpg",450,253,false],"large":["https:\/\/elementor.radiosenvivo.com.ar\/wp-content\/uploads\/2023\/03\/6338ae10540cb_450.jpg",450,253,false],"1536x1536":["https:\/\/elementor.radiosenvivo.com.ar\/wp-content\/uploads\/2023\/03\/6338ae10540cb_450.jpg",450,253,false],"2048x2048":["https:\/\/elementor.radiosenvivo.com.ar\/wp-content\/uploads\/2023\/03\/6338ae10540cb_450.jpg",450,253,false],"et-pb-post-main-image":["https:\/\/elementor.radiosenvivo.com.ar\/wp-content\/uploads\/2023\/03\/6338ae10540cb_450-400x250.jpg",400,250,true],"et-pb-post-main-image-fullwidth":["https:\/\/elementor.radiosenvivo.com.ar\/wp-content\/uploads\/2023\/03\/6338ae10540cb_450.jpg",450,253,false],"et-pb-portfolio-image":["https:\/\/elementor.radiosenvivo.com.ar\/wp-content\/uploads\/2023\/03\/6338ae10540cb_450-400x253.jpg",400,253,true],"et-pb-portfolio-module-image":["https:\/\/elementor.radiosenvivo.com.ar\/wp-content\/uploads\/2023\/03\/6338ae10540cb_450.jpg",450,253,false],"et-pb-portfolio-image-single":["https:\/\/elementor.radiosenvivo.com.ar\/wp-content\/uploads\/2023\/03\/6338ae10540cb_450.jpg",450,253,false],"et-pb-gallery-module-image-portrait":["https:\/\/elementor.radiosenvivo.com.ar\/wp-content\/uploads\/2023\/03\/6338ae10540cb_450-400x253.jpg",400,253,true],"et-pb-post-main-image-fullwidth-large":["https:\/\/elementor.radiosenvivo.com.ar\/wp-content\/uploads\/2023\/03\/6338ae10540cb_450.jpg",450,253,false],"et-pb-image--responsive--desktop":["https:\/\/elementor.radiosenvivo.com.ar\/wp-content\/uploads\/2023\/03\/6338ae10540cb_450.jpg",450,253,false],"et-pb-image--responsive--tablet":["https:\/\/elementor.radiosenvivo.com.ar\/wp-content\/uploads\/2023\/03\/6338ae10540cb_450.jpg",450,253,false],"et-pb-image--responsive--phone":["https:\/\/elementor.radiosenvivo.com.ar\/wp-content\/uploads\/2023\/03\/6338ae10540cb_450.jpg",450,253,false]},"uagb_author_info":{"display_name":"admin","author_link":"https:\/\/elementor.radiosenvivo.com.ar\/index.php\/author\/admin\/"},"uagb_comment_info":0,"uagb_excerpt":"[ad_1] El Centro Cultura Kirchner es una de las sedes para el Foro \/ Foto: Archivo. La tercera edici\u00f3n del Foro Mundial de Derechos Humanos (FMDH2023) comienza este lunes en la ciudad de Buenos Aires, con una amplia convocatoria que incluye la presencia de referentes de derechos humanos de todo el mundo, 15 mil inscriptos,&hellip;","_links":{"self":[{"href":"https:\/\/elementor.radiosenvivo.com.ar\/index.php\/wp-json\/wp\/v2\/posts\/715"}],"collection":[{"href":"https:\/\/elementor.radiosenvivo.com.ar\/index.php\/wp-json\/wp\/v2\/posts"}],"about":[{"href":"https:\/\/elementor.radiosenvivo.com.ar\/index.php\/wp-json\/wp\/v2\/types\/post"}],"author":[{"embeddable":true,"href":"https:\/\/elementor.radiosenvivo.com.ar\/index.php\/wp-json\/wp\/v2\/users\/1"}],"replies":[{"embeddable":true,"href":"https:\/\/elementor.radiosenvivo.com.ar\/index.php\/wp-json\/wp\/v2\/comments?post=715"}],"version-history":[{"count":0,"href":"https:\/\/elementor.radiosenvivo.com.ar\/index.php\/wp-json\/wp\/v2\/posts\/715\/revisions"}],"wp:featuredmedia":[{"embeddable":true,"href":"https:\/\/elementor.radiosenvivo.com.ar\/index.php\/wp-json\/wp\/v2\/media\/716"}],"wp:attachment":[{"href":"https:\/\/elementor.radiosenvivo.com.ar\/index.php\/wp-json\/wp\/v2\/media?parent=715"}],"wp:term":[{"taxonomy":"category","embeddable":true,"href":"https:\/\/elementor.radiosenvivo.com.ar\/index.php\/wp-json\/wp\/v2\/categories?post=715"},{"taxonomy":"post_tag","embeddable":true,"href":"https:\/\/elementor.radiosenvivo.com.ar\/index.php\/wp-json\/wp\/v2\/tags?post=715"}],"curies":[{"name":"wp","href":"https:\/\/api.w.org\/{rel}","templated":true}]}}