{"id":711,"date":"2023-03-18T16:07:52","date_gmt":"2023-03-18T16:07:52","guid":{"rendered":"https:\/\/elementor.radiosenvivo.com.ar\/index.php\/2023\/03\/18\/ricardo-gareca-ensaya-con-diego-godin-y-lo-piensa-como-titular-en-velez\/"},"modified":"2023-03-18T16:07:52","modified_gmt":"2023-03-18T16:07:52","slug":"ricardo-gareca-ensaya-con-diego-godin-y-lo-piensa-como-titular-en-velez","status":"publish","type":"post","link":"https:\/\/elementor.radiosenvivo.com.ar\/index.php\/2023\/03\/18\/ricardo-gareca-ensaya-con-diego-godin-y-lo-piensa-como-titular-en-velez\/","title":{"rendered":"Ricardo Gareca ensaya con Diego God\u00edn y lo piensa como titular en V\u00e9lez"},"content":{"rendered":"<p> [ad_1]<br \/>\n<\/p>\n<div>\n<figure class=\"mb-3\"><img decoding=\"async\" src=\"https:\/\/www.telam.com.ar\/thumbs\/bluesteel\/advf\/imagenes\/2023\/03\/6408b2a27dd26_1200.jpg\" class=\" lazy \" width=\"100%\" height=\"100%\" alt=\"Gareca se alista para el regreso al banco de suplentes de Vlez \"\/><figcaption> Gareca se alista para el regreso al banco de suplentes de V\u00e9lez <\/figcaption><\/figure>\n<p> El t\u00e9cnico de V\u00e9lez Sarfield, Ricardo Gareca, apost\u00f3 este s\u00e1bado a la inclusi\u00f3n del defensor uruguayo Diego God\u00edn como titular en el ejercicio futbol\u00edstico que dise\u00f1\u00f3 en la Villa Ol\u00edmpica de Ituzaing\u00f3, con miras al partido del martes con Central C\u00f3rdoba de Santiago del Estero.<\/p>\n<p>El entrenador velezano, que inaugur\u00f3 su segundo ciclo al frente del club el pasado lunes en el empate 1-1 con Platense, le devolvi\u00f3 la titularidad al exjugador de Atl\u00e9tico de Madrid relegando a Lautaro Giannetti al elenco suplente.<\/p>\n<p>God\u00edn no jug\u00f3 los \u00faltimos encuentros ante Talleres de C\u00f3rdoba (2-1) y Platense por una sobrecarga muscular que lo afect\u00f3. Su \u00faltimo cotejo data del duelo con Boca Juniors (1-2), que represent\u00f3 la salida del anterior DT, Alexander Medina.<\/p>\n<p>En tanto, Gareca insisti\u00f3 hoy con ubicar a Francisco Ortega (ya cumpli\u00f3 la sanci\u00f3n que arrastraba) como lateral por el costado izquierdo, en sustituci\u00f3n de Valent\u00edn G\u00f3mez.<\/p>\n<p>La alineaci\u00f3n con la que prob\u00f3 el t\u00e9cnico del \u2018Fort\u00edn\u2019 incluy\u00f3 a <strong>Leonardo Buri\u00e1n; Leonardo Jara, God\u00edn, Miguel Brizuela y Ortega; Christian Ord\u00f3\u00f1ez, Jos\u00e9 Florent\u00edn y El\u00edas Cabrera; Juli\u00e1n Fern\u00e1ndez, Lucas Pratto y Walter Bou.<\/strong><\/p>\n<p>Por su lado, el conjunto suplente form\u00f3 con Gast\u00f3n G\u00f3mez; Tom\u00e1s Guidara, Giannetti, Valent\u00edn G\u00f3mez y Tom\u00e1s Cavanagh; Mateo Seoane y Dami\u00e1n Fern\u00e1ndez; Lenny Lobato, Gianluca Prestianni y Santiago Castro; Abiel Osorio.<\/p>\n<blockquote class=\"twitter-tweet\">\n<p lang=\"und\" dir=\"ltr\">\u26bd\ud83d\udeb2\ud83d\udca8<\/p>\n<p>\ud83c\udde7\ud83c\uddf7 <a href=\"https:\/\/twitter.com\/Lennylobato10?ref_src=twsrc%5Etfw\">@Lennylobato10<\/a> <a href=\"https:\/\/t.co\/Rn8UWw52v6\">pic.twitter.com\/Rn8UWw52v6<\/a><\/p>\n<p>\u2014 V\u00e9lez Sarsfield (@Velez) <a href=\"https:\/\/twitter.com\/Velez\/status\/1637096082596405251?ref_src=twsrc%5Etfw\">March 18, 2023<\/a><\/p><\/blockquote>\n<p> V\u00e9lez recibir\u00e1 este martes a las 21.00 a Central C\u00f3rdoba de Santiago del Estero, en el estadio Jos\u00e9 Amalfitani, por la octava fecha del torneo de la Liga Profesional (LPF), con el arbitraje de Pablo D\u00f3valo.<\/p>\n<p><iframe loading=\"lazy\" src=\"https:\/\/estdeportes.telam.com.ar\/html\/v3\/minapp\/modules\/futbol\/preview\/preview.html?channel=deportes.futbol.primeraa.643077.preview&amp;lang=es_LA\" width=\"100%\" height=\"1025\" scrolling=\"auto\" style=\"width: 1px; min-width: 100%; *width: 100%;\" class=\"\"><\/iframe> <\/p>\n<\/div>\n<p><script async src=\"\/\/platform.twitter.com\/widgets.js\" charset=\"utf-8\"><\/script><script async defer crossorigin=\"anonymous\" src=\"https:\/\/connect.facebook.net\/es_LA\/sdk.js#xfbml=1&#038;version=v12.0\" nonce=\"SBlHQzIF\"><\/script><br \/>\n<br \/>[ad_2]<br \/>\n<br \/><a href=\"https:\/\/www.telam.com.ar\/notas\/202303\/622884-ricardo-gareca-entrenamiento-futbol-diego-godin-titular-velez.html\">Source link <\/a><\/p>\n","protected":false},"excerpt":{"rendered":"<p>[ad_1] Gareca se alista para el regreso al banco de suplentes de V\u00e9lez El t\u00e9cnico de V\u00e9lez Sarfield, Ricardo Gareca, apost\u00f3 este s\u00e1bado a la inclusi\u00f3n del defensor uruguayo Diego God\u00edn como titular en el ejercicio futbol\u00edstico que dise\u00f1\u00f3 en la Villa Ol\u00edmpica de Ituzaing\u00f3, con miras al partido del martes con Central C\u00f3rdoba de [&hellip;]<\/p>\n","protected":false},"author":1,"featured_media":712,"comment_status":"open","ping_status":"open","sticky":false,"template":"","format":"standard","meta":{"_et_pb_use_builder":"","_et_pb_old_content":"","_et_gb_content_width":"","_uag_custom_page_level_css":"","footnotes":""},"categories":[13],"tags":[],"uagb_featured_image_src":{"full":["https:\/\/elementor.radiosenvivo.com.ar\/wp-content\/uploads\/2023\/03\/6408b2a27dd26_450.jpg",450,253,false],"thumbnail":["https:\/\/elementor.radiosenvivo.com.ar\/wp-content\/uploads\/2023\/03\/6408b2a27dd26_450-150x150.jpg",150,150,true],"medium":["https:\/\/elementor.radiosenvivo.com.ar\/wp-content\/uploads\/2023\/03\/6408b2a27dd26_450-300x169.jpg",300,169,true],"medium_large":["https:\/\/elementor.radiosenvivo.com.ar\/wp-content\/uploads\/2023\/03\/6408b2a27dd26_450.jpg",450,253,false],"large":["https:\/\/elementor.radiosenvivo.com.ar\/wp-content\/uploads\/2023\/03\/6408b2a27dd26_450.jpg",450,253,false],"1536x1536":["https:\/\/elementor.radiosenvivo.com.ar\/wp-content\/uploads\/2023\/03\/6408b2a27dd26_450.jpg",450,253,false],"2048x2048":["https:\/\/elementor.radiosenvivo.com.ar\/wp-content\/uploads\/2023\/03\/6408b2a27dd26_450.jpg",450,253,false],"et-pb-post-main-image":["https:\/\/elementor.radiosenvivo.com.ar\/wp-content\/uploads\/2023\/03\/6408b2a27dd26_450-400x250.jpg",400,250,true],"et-pb-post-main-image-fullwidth":["https:\/\/elementor.radiosenvivo.com.ar\/wp-content\/uploads\/2023\/03\/6408b2a27dd26_450.jpg",450,253,false],"et-pb-portfolio-image":["https:\/\/elementor.radiosenvivo.com.ar\/wp-content\/uploads\/2023\/03\/6408b2a27dd26_450-400x253.jpg",400,253,true],"et-pb-portfolio-module-image":["https:\/\/elementor.radiosenvivo.com.ar\/wp-content\/uploads\/2023\/03\/6408b2a27dd26_450.jpg",450,253,false],"et-pb-portfolio-image-single":["https:\/\/elementor.radiosenvivo.com.ar\/wp-content\/uploads\/2023\/03\/6408b2a27dd26_450.jpg",450,253,false],"et-pb-gallery-module-image-portrait":["https:\/\/elementor.radiosenvivo.com.ar\/wp-content\/uploads\/2023\/03\/6408b2a27dd26_450-400x253.jpg",400,253,true],"et-pb-post-main-image-fullwidth-large":["https:\/\/elementor.radiosenvivo.com.ar\/wp-content\/uploads\/2023\/03\/6408b2a27dd26_450.jpg",450,253,false],"et-pb-image--responsive--desktop":["https:\/\/elementor.radiosenvivo.com.ar\/wp-content\/uploads\/2023\/03\/6408b2a27dd26_450.jpg",450,253,false],"et-pb-image--responsive--tablet":["https:\/\/elementor.radiosenvivo.com.ar\/wp-content\/uploads\/2023\/03\/6408b2a27dd26_450.jpg",450,253,false],"et-pb-image--responsive--phone":["https:\/\/elementor.radiosenvivo.com.ar\/wp-content\/uploads\/2023\/03\/6408b2a27dd26_450.jpg",450,253,false]},"uagb_author_info":{"display_name":"admin","author_link":"https:\/\/elementor.radiosenvivo.com.ar\/index.php\/author\/admin\/"},"uagb_comment_info":0,"uagb_excerpt":"[ad_1] Gareca se alista para el regreso al banco de suplentes de V\u00e9lez El t\u00e9cnico de V\u00e9lez Sarfield, Ricardo Gareca, apost\u00f3 este s\u00e1bado a la inclusi\u00f3n del defensor uruguayo Diego God\u00edn como titular en el ejercicio futbol\u00edstico que dise\u00f1\u00f3 en la Villa Ol\u00edmpica de Ituzaing\u00f3, con miras al partido del martes con Central C\u00f3rdoba de&hellip;","_links":{"self":[{"href":"https:\/\/elementor.radiosenvivo.com.ar\/index.php\/wp-json\/wp\/v2\/posts\/711"}],"collection":[{"href":"https:\/\/elementor.radiosenvivo.com.ar\/index.php\/wp-json\/wp\/v2\/posts"}],"about":[{"href":"https:\/\/elementor.radiosenvivo.com.ar\/index.php\/wp-json\/wp\/v2\/types\/post"}],"author":[{"embeddable":true,"href":"https:\/\/elementor.radiosenvivo.com.ar\/index.php\/wp-json\/wp\/v2\/users\/1"}],"replies":[{"embeddable":true,"href":"https:\/\/elementor.radiosenvivo.com.ar\/index.php\/wp-json\/wp\/v2\/comments?post=711"}],"version-history":[{"count":0,"href":"https:\/\/elementor.radiosenvivo.com.ar\/index.php\/wp-json\/wp\/v2\/posts\/711\/revisions"}],"wp:featuredmedia":[{"embeddable":true,"href":"https:\/\/elementor.radiosenvivo.com.ar\/index.php\/wp-json\/wp\/v2\/media\/712"}],"wp:attachment":[{"href":"https:\/\/elementor.radiosenvivo.com.ar\/index.php\/wp-json\/wp\/v2\/media?parent=711"}],"wp:term":[{"taxonomy":"category","embeddable":true,"href":"https:\/\/elementor.radiosenvivo.com.ar\/index.php\/wp-json\/wp\/v2\/categories?post=711"},{"taxonomy":"post_tag","embeddable":true,"href":"https:\/\/elementor.radiosenvivo.com.ar\/index.php\/wp-json\/wp\/v2\/tags?post=711"}],"curies":[{"name":"wp","href":"https:\/\/api.w.org\/{rel}","templated":true}]}}