{"id":529,"date":"2023-03-09T22:33:08","date_gmt":"2023-03-09T22:33:08","guid":{"rendered":"https:\/\/elementor.radiosenvivo.com.ar\/index.php\/2023\/03\/09\/cerruti-reafirmo-que-fernandez-hara-todo-lo-posible-para-que-gane-el-frente-de-todos\/"},"modified":"2023-03-09T22:33:08","modified_gmt":"2023-03-09T22:33:08","slug":"cerruti-reafirmo-que-fernandez-hara-todo-lo-posible-para-que-gane-el-frente-de-todos","status":"publish","type":"post","link":"https:\/\/elementor.radiosenvivo.com.ar\/index.php\/2023\/03\/09\/cerruti-reafirmo-que-fernandez-hara-todo-lo-posible-para-que-gane-el-frente-de-todos\/","title":{"rendered":"Cerruti reafirm\u00f3 que Fern\u00e1ndez har\u00e1 &#8216;todo lo posible&#8217; para que gane el Frente de Todos"},"content":{"rendered":"<p> [ad_1]<br \/>\n<\/p>\n<div>\n<div class=\"video_repositive\"><i class=\"far fa-window-close\"\/><\/p>\n<div id=\"1X4309tFMGY\" class=\"video_telam\" style=\"background-image:url('https:\/\/img.youtube.com\/vi\/1X4309tFMGY\/hqdefault.jpg');background-position: center center;\">\n<div class=\"feature_article_inner\">\n<p><h2 class=\"text-center\">El Presidente \u00absigue sosteniendo la inocencia\u00bb de Cristina Fern\u00e1ndez, subray\u00f3 Cerruti<\/h2>\n<\/p>\n<\/div>\n<p>VER VIDEO <i class=\"fas fa-play\"\/><\/p>\n<\/div>\n<\/div>\n<p>La portavoz de la Presidencia, Gabriela Cerruti, afirm\u00f3 que el presidente Alberto Fern\u00e1ndez \u00abes kirchnerista\u00bb como \u00abla enorme mayor\u00eda del Gabinete\u00bb de ministros y asever\u00f3 que el primer mandatario \u00abva a hacer todo lo posible para que el Frente de Todos triunfe en las elecciones de octubre\u00bb.<\/p>\n<p>El jefe de Estado \u00abes uno de los fundadores, de los que acompa\u00f1\u00f3 a N\u00e9stor Kirchner en la fundaci\u00f3n del kirchnerismo\u00bb, abund\u00f3 Cerruti.<\/p>\n<p>Adem\u00e1s, reiter\u00f3 la posici\u00f3n del Gobierno acerca de que la condena a seis a\u00f1os de prisi\u00f3n e inhabilitaci\u00f3n para ejercer cargos p\u00fablicos contra la vicepresidenta Cristina Fern\u00e1ndez en la causa Vialidad busca \u00absacarla de la escena pol\u00edtica\u00bb.<\/p>\n<p>Cerruti dijo en una conferencia de prensa en la Casa de Gobierno que el presidente Fern\u00e1ndez \u00abya dijo en m\u00e1s de una oportunidad que entiende que esta causa no tiene ni pie ni cabeza\u00bb.<\/p>\n<p>Y que \u00abla Vicepresidenta fue tra\u00edda para ser metida en esta causa, en la cual no tiene ning\u00fan tipo de relaci\u00f3n, y eso est\u00e1 claramente expuesto en los fundamentos, donde en varias oportunidades queda claro que no hay ninguna prueba para que est\u00e9 all\u00ed la Vicepresidenta\u00bb.<\/p>\n<p><u><strong>\u00abEl Presidente sigue sosteniendo la inocencia de la Vicepresidenta y cree que uno de nuestros temas centrales tiene que ser defender su inocencia\u00bb<\/strong><\/u>, sostuvo la portavoz.<\/p>\n<p>Agreg\u00f3 que para el primer mandatario se trata de una \u00abcausa armada\u00bb con el objetivo de \u00abperseguir a la Vicepresidenta, para inhabilitarla y que no pueda ejercer funciones pol\u00edticas\u00bb. Y tambi\u00e9n una forma de \u00abaleccionar a otros dirigentes pol\u00edticos que intenten tomar medidas que vayan a favor de las grandes mayor\u00edas\u00bb.<\/p>\n<p>Cerruti ratific\u00f3 que \u00abno hay ninguna prueba concreta de nada de lo que se sostiene\u00bb en la sentencia.<\/p>\n<p>Adem\u00e1s, confirm\u00f3 que el jefe de Estado visitar\u00e1 el s\u00e1bado pr\u00f3ximo en Luj\u00e1n al padre Jos\u00e9 Mar\u00eda \u00abPepe\u00bb Di Paola para sumar su adhesi\u00f3n al proyecto \u00abNi un pibe ni una piba menos por la droga\u00bb, que impulsa la Federaci\u00f3n de Hogares de Cristo y que ser\u00e1 presentado el fin de semana en esa ciudad bonaerense.<\/p>\n<p>\u00abEl Presidente va a ir a la firma del proyecto que est\u00e1 llevando adelante el padre Pepe, que va a ser a las 12\u00bb, respondi\u00f3 la portavoz ante una pregunta de T\u00e9lam.<\/p>\n<p>\u00abEl Presidente va a estar al mediod\u00eda con la iniciativa que est\u00e1 llevando el padre Pepe con los ni\u00f1os tomados por la droga\u00bb, complet\u00f3.<\/p>\n<p><figure class=\"mb-3\"><img decoding=\"async\" src=\"https:\/\/www.telam.com.ar\/thumbs\/bluesteel\/advf\/imagenes\/2023\/03\/640104982210b_1200.jpg\" class=\" lazy \" width=\"100%\" height=\"100%\" alt=\"Foto Presidencia\"\/><figcaption> Foto: Presidencia <\/figcaption><\/figure>\n<\/p>\n<p>Cerruti tambi\u00e9n se refiri\u00f3 a la participaci\u00f3n de una divisi\u00f3n del Ej\u00e9rcito en tareas de urbanizaci\u00f3n en Rosario y destac\u00f3 que \u00abno van a desempe\u00f1ar tareas de seguridad\u00bb en esa ciudad santafesina , sino \u00abuna colaboraci\u00f3n en urbanizaciones de sectores de vivienda social\u00bb, ya que son \u00ablas Fuerzas Armadas de la democracia, que no participan de la seguridad interior\u00bb.<\/p>\n<p>Por otra parte, resalt\u00f3 que las pol\u00edticas del Ministerio de las Mujeres, G\u00e9neros y Diversidad \u00abhan sido fundamentales tanto en el descenso de mortalidad infantil, y tenemos en este momento la tasa m\u00e1s baja, como en que se haya reducido en la mitad las muertes por abortos clandestinos\u00bb s\u00f3lo en el primer a\u00f1o de aplicaci\u00f3n de la ley de Interrupci\u00f3n Voluntaria del Embarazo (IVE)\u00bb, y afirm\u00f3 adem\u00e1s que \u00abdescendi\u00f3 much\u00edsimo, casi a la mitad, la tasa de embarazo adolescente\u00bb, por lo que valor\u00f3 la gesti\u00f3n de la cartera que actualmente conduce Ayel\u00e9n Mazzina.<\/p>\n<h2 class=\"\">El escenario pol\u00edtico ante las elecciones<\/h2>\n<p>Sostuvo luego que Alberto Fern\u00e1ndez \u00abes kirchnerista\u00bb, ante una pregunta puntual relacionada con las declaraciones atribuidas al mandatario en El Destape web, en el que se suger\u00eda la posibilidad de darle fin a \u00abveinte a\u00f1os de kirchnerismo\u00bb.<\/p>\n<p>\u00abEl Presidente es kirchnerista, ser\u00eda estar hablando de dejarse atr\u00e1s a s\u00ed mismo. El Presidente es kirchnerista, es uno de los fundadores, de los que acompa\u00f1\u00f3 a N\u00e9stor Kirchner en la fundaci\u00f3n del kirchnerismo. La enorme mayor\u00eda de este Gabinete es kirchnerista y no le damos m\u00e1s entidad que esa\u00bb, aclar\u00f3 la funcionaria.<\/p>\n<p>Adem\u00e1s, manifest\u00f3 que el jefe de Estado \u00abno le responde a un ministro de una provincia\u00bb, consultada por las cr\u00edticas lanzadas por el ministro de Desarrollo de la Comunidad de la provincia bonaerense, Andr\u00e9s Larroque.<\/p>\n<p>\u00abHay millones y millones de personas que integran la coalici\u00f3n y no vamos a responderle a todos. &#8216;Cuervo&#8217; Larroque es un gran compa\u00f1ero, pero el Presidente no responde declaraciones de un ministro de una provincia\u00bb, a\u00f1adi\u00f3 Cerruti.<\/p>\n<p>Consultada sobre las candidaturas en la coalici\u00f3n de Gobierno, la portavoz dijo que \u00abno hago futurolog\u00eda\u00bb y que \u00abel Presidente va a hacer todo lo posible para que el Frente de Todos triunfe en las elecciones de octubre\u00bb.<\/p>\n<p>Respecto de la situaci\u00f3n socio econ\u00f3mica, descart\u00f3 que se est\u00e9 \u00abatravesando un ajuste\u00bb, y por el contrario apunt\u00f3 que \u00abla Argentina tiene el doble de inversi\u00f3n en pol\u00edticas sociales de lo que han tenido los \u00faltimos gobiernos, exactamente se duplic\u00f3 la inversi\u00f3n social\u00bb.<\/p>\n<p><figure class=\"mb-3\"><img decoding=\"async\" src=\"https:\/\/www.telam.com.ar\/thumbs\/bluesteel\/advf\/imagenes\/2023\/03\/640a471da74f6_1200.jpg\" class=\" lazy \" width=\"100%\" height=\"100%\" alt=\"Foto Presidencia\"\/><figcaption> Foto: Presidencia <\/figcaption><\/figure>\n<\/p>\n<p>Agreg\u00f3 que \u00abno hay posibilidad de que eso sea denominado ajuste sino m\u00e1s bien, un incremento muy fuerte en las pol\u00edticas de atenci\u00f3n social y de estar junto a quienes m\u00e1s lo necesitan\u00bb.<\/p>\n<p>Sobre el poder adquisitivo del trabajo registrado, Cerruti asegur\u00f3 que el programa econ\u00f3mico que est\u00e1n llevando adelante el Ministerio de Econom\u00eda y el Gobierno en su conjunto \u00abest\u00e1 dando algunos buenos resultados, porque los trabajos registrados han podido, por las paritarias del a\u00f1o pasado, estar un poco por encima de la inflaci\u00f3n de marzo a marzo, y eso sin dudas es una buena noticia\u00bb.<\/p>\n<p>Tambi\u00e9n acentu\u00f3 que \u00abel desempleo sigue bajando\u00bb y celebr\u00f3 que \u00abayer conocimos el aumento de la producci\u00f3n industrial, 6,9% de enero a enero, que es una cifra r\u00e9cord\u00bb.<\/p>\n<p>\u00abSosteniendo esto que estamos haciendo vamos a seguir en la senda correcta\u00bb, complet\u00f3. <\/p>\n<\/div>\n<p><script async defer crossorigin=\"anonymous\" src=\"https:\/\/connect.facebook.net\/es_LA\/sdk.js#xfbml=1&#038;version=v12.0\" nonce=\"SBlHQzIF\"><\/script><br \/>\n<br \/>[ad_2]<br \/>\n<br \/><a href=\"https:\/\/www.telam.com.ar\/notas\/202303\/622085-gabriela-cerruti-alberto-fernandez-elecciones-frente-de-todos.html\">Source link <\/a><\/p>\n","protected":false},"excerpt":{"rendered":"<p>[ad_1] El Presidente \u00absigue sosteniendo la inocencia\u00bb de Cristina Fern\u00e1ndez, subray\u00f3 Cerruti VER VIDEO La portavoz de la Presidencia, Gabriela Cerruti, afirm\u00f3 que el presidente Alberto Fern\u00e1ndez \u00abes kirchnerista\u00bb como \u00abla enorme mayor\u00eda del Gabinete\u00bb de ministros y asever\u00f3 que el primer mandatario \u00abva a hacer todo lo posible para que el Frente de Todos [&hellip;]<\/p>\n","protected":false},"author":1,"featured_media":530,"comment_status":"open","ping_status":"open","sticky":false,"template":"","format":"standard","meta":{"_et_pb_use_builder":"","_et_pb_old_content":"","_et_gb_content_width":"","_uag_custom_page_level_css":"","footnotes":""},"categories":[1],"tags":[],"uagb_featured_image_src":{"full":["https:\/\/elementor.radiosenvivo.com.ar\/wp-content\/uploads\/2023\/03\/640a47b043cf8_450.jpg",450,253,false],"thumbnail":["https:\/\/elementor.radiosenvivo.com.ar\/wp-content\/uploads\/2023\/03\/640a47b043cf8_450-150x150.jpg",150,150,true],"medium":["https:\/\/elementor.radiosenvivo.com.ar\/wp-content\/uploads\/2023\/03\/640a47b043cf8_450-300x169.jpg",300,169,true],"medium_large":["https:\/\/elementor.radiosenvivo.com.ar\/wp-content\/uploads\/2023\/03\/640a47b043cf8_450.jpg",450,253,false],"large":["https:\/\/elementor.radiosenvivo.com.ar\/wp-content\/uploads\/2023\/03\/640a47b043cf8_450.jpg",450,253,false],"1536x1536":["https:\/\/elementor.radiosenvivo.com.ar\/wp-content\/uploads\/2023\/03\/640a47b043cf8_450.jpg",450,253,false],"2048x2048":["https:\/\/elementor.radiosenvivo.com.ar\/wp-content\/uploads\/2023\/03\/640a47b043cf8_450.jpg",450,253,false],"et-pb-post-main-image":["https:\/\/elementor.radiosenvivo.com.ar\/wp-content\/uploads\/2023\/03\/640a47b043cf8_450-400x250.jpg",400,250,true],"et-pb-post-main-image-fullwidth":["https:\/\/elementor.radiosenvivo.com.ar\/wp-content\/uploads\/2023\/03\/640a47b043cf8_450.jpg",450,253,false],"et-pb-portfolio-image":["https:\/\/elementor.radiosenvivo.com.ar\/wp-content\/uploads\/2023\/03\/640a47b043cf8_450-400x253.jpg",400,253,true],"et-pb-portfolio-module-image":["https:\/\/elementor.radiosenvivo.com.ar\/wp-content\/uploads\/2023\/03\/640a47b043cf8_450.jpg",450,253,false],"et-pb-portfolio-image-single":["https:\/\/elementor.radiosenvivo.com.ar\/wp-content\/uploads\/2023\/03\/640a47b043cf8_450.jpg",450,253,false],"et-pb-gallery-module-image-portrait":["https:\/\/elementor.radiosenvivo.com.ar\/wp-content\/uploads\/2023\/03\/640a47b043cf8_450-400x253.jpg",400,253,true],"et-pb-post-main-image-fullwidth-large":["https:\/\/elementor.radiosenvivo.com.ar\/wp-content\/uploads\/2023\/03\/640a47b043cf8_450.jpg",450,253,false],"et-pb-image--responsive--desktop":["https:\/\/elementor.radiosenvivo.com.ar\/wp-content\/uploads\/2023\/03\/640a47b043cf8_450.jpg",450,253,false],"et-pb-image--responsive--tablet":["https:\/\/elementor.radiosenvivo.com.ar\/wp-content\/uploads\/2023\/03\/640a47b043cf8_450.jpg",450,253,false],"et-pb-image--responsive--phone":["https:\/\/elementor.radiosenvivo.com.ar\/wp-content\/uploads\/2023\/03\/640a47b043cf8_450.jpg",450,253,false]},"uagb_author_info":{"display_name":"admin","author_link":"https:\/\/elementor.radiosenvivo.com.ar\/index.php\/author\/admin\/"},"uagb_comment_info":0,"uagb_excerpt":"[ad_1] El Presidente \u00absigue sosteniendo la inocencia\u00bb de Cristina Fern\u00e1ndez, subray\u00f3 Cerruti VER VIDEO La portavoz de la Presidencia, Gabriela Cerruti, afirm\u00f3 que el presidente Alberto Fern\u00e1ndez \u00abes kirchnerista\u00bb como \u00abla enorme mayor\u00eda del Gabinete\u00bb de ministros y asever\u00f3 que el primer mandatario \u00abva a hacer todo lo posible para que el Frente de Todos&hellip;","_links":{"self":[{"href":"https:\/\/elementor.radiosenvivo.com.ar\/index.php\/wp-json\/wp\/v2\/posts\/529"}],"collection":[{"href":"https:\/\/elementor.radiosenvivo.com.ar\/index.php\/wp-json\/wp\/v2\/posts"}],"about":[{"href":"https:\/\/elementor.radiosenvivo.com.ar\/index.php\/wp-json\/wp\/v2\/types\/post"}],"author":[{"embeddable":true,"href":"https:\/\/elementor.radiosenvivo.com.ar\/index.php\/wp-json\/wp\/v2\/users\/1"}],"replies":[{"embeddable":true,"href":"https:\/\/elementor.radiosenvivo.com.ar\/index.php\/wp-json\/wp\/v2\/comments?post=529"}],"version-history":[{"count":0,"href":"https:\/\/elementor.radiosenvivo.com.ar\/index.php\/wp-json\/wp\/v2\/posts\/529\/revisions"}],"wp:featuredmedia":[{"embeddable":true,"href":"https:\/\/elementor.radiosenvivo.com.ar\/index.php\/wp-json\/wp\/v2\/media\/530"}],"wp:attachment":[{"href":"https:\/\/elementor.radiosenvivo.com.ar\/index.php\/wp-json\/wp\/v2\/media?parent=529"}],"wp:term":[{"taxonomy":"category","embeddable":true,"href":"https:\/\/elementor.radiosenvivo.com.ar\/index.php\/wp-json\/wp\/v2\/categories?post=529"},{"taxonomy":"post_tag","embeddable":true,"href":"https:\/\/elementor.radiosenvivo.com.ar\/index.php\/wp-json\/wp\/v2\/tags?post=529"}],"curies":[{"name":"wp","href":"https:\/\/api.w.org\/{rel}","templated":true}]}}