{"id":2074,"date":"2024-01-13T01:16:09","date_gmt":"2024-01-13T01:16:09","guid":{"rendered":"https:\/\/elementor.radiosenvivo.com.ar\/index.php\/2024\/01\/13\/dos-nuevos-casos-de-encefalomielitis-equina-en-caballos-fueron-confirmados-en-san-rafael\/"},"modified":"2024-01-13T01:16:09","modified_gmt":"2024-01-13T01:16:09","slug":"dos-nuevos-casos-de-encefalomielitis-equina-en-caballos-fueron-confirmados-en-san-rafael","status":"publish","type":"post","link":"https:\/\/elementor.radiosenvivo.com.ar\/index.php\/2024\/01\/13\/dos-nuevos-casos-de-encefalomielitis-equina-en-caballos-fueron-confirmados-en-san-rafael\/","title":{"rendered":"Dos nuevos casos de Encefalomielitis Equina en caballos fueron confirmados en San Rafael"},"content":{"rendered":"<p> [ad_1]<br \/>\n<\/p>\n<div>\n<figure class=\"mb-3\"><img decoding=\"async\" src=\"https:\/\/www.telam.com.ar\/thumbs\/bluesteel\/advf\/imagenes\/2016\/10\/57fe5e6f1943d_1200.jpg\" class=\" lazy \" width=\"100%\" height=\"100%\" alt=\"El pasado 4 de enero el Servicio Nacional de Sanidad y Calidad Agroalimentaria Senasa denunci el brote en Mendoza Foto archivo\"\/><figcaption> El pasado 4 de enero, el Servicio Nacional de Sanidad y Calidad Agroalimentaria (Senasa) denunci\u00f3 el brote en Mendoza \/ Foto: archivo. <\/figcaption><\/figure>\n<p> Dos nuevos casos de Encefalomielitis Equina fueron confirmados en animales en la ciudad mendocina de San Rafael, informaron este viernes las autoridades locales.<\/p>\n<p>En declaraciones a Canal 7 de Mendoza, el secretario de Gobierno de San Rafael, Paulo Campi, confirm\u00f3 estos dos casos de Encefalomielitis Equina en el departamento del sur de la provincia, los que se suman a los tres detectados en el departamento de Santa Rosa.<\/p>\n<p>El pasado 4 de enero, el Servicio Nacional de Sanidad y Calidad Agroalimentaria <strong>(Senasa) denunci\u00f3 el brote en Mendoza<\/strong>, por el que fueron afectados tres equinos.<\/p>\n<p>La encefalomielitis equina es una virosis febril del caballo, transmitidas por mosquitos, y causadas por agentes de un virus del g\u00e9nero Alphavirus de la familia Togaviridae.<\/p>\n<blockquote class=\"\"><p>La encefalomielitis equina es una virosis febril del caballo, transmitida por mosquitos, y causadas por agentes de un virus del g\u00e9nero Alphavirus de la familia Togaviridae<\/p><\/blockquote>\n<p>Lucas <strong>Sbririglio, m\u00e9dico veterinario magister en zonas \u00e1ridas<\/strong>, manifest\u00f3: \u00abEl sector de las caballerizas est\u00e1 muy preocupado porque es una enfermedad que tiene una alta morbilidad y una mortalidad media del 25% al 40%.<strong> Si el animal no muere de todas maneras queda afectado su sistema nervioso<\/strong>\u00ab.<\/p>\n<p><strong>\u00abEs muy importante concientizar a los propietarios para que vacunen a los animales y que se tomen medidas para la prevenci\u00f3n de los vectores\u00bb<\/strong>, agreg\u00f3.<\/p>\n<p>\u00abHay que tomar todas las precauciones necesarias para que no se cr\u00eden mosquitos, con medidas similares a la prevenci\u00f3n del Dengue, como la eliminaci\u00f3n onde pueda haber agua estancada, como recipientes, cubiertas, baldes, etc. Y en lo posible ponerle alg\u00fan repelente a los caballos\u00bb, remarc\u00f3 el especialista.<\/p>\n<p>Sbririglio inform\u00f3 que el vector de esta enfermedad \u00abes el mosquito Aedes\u00bb, y advirti\u00f3 que \u00abesta proliferaci\u00f3n de insectos claramente tambi\u00e9n es un aviso que nos da la situaci\u00f3n del cambio clim\u00e1tico, donde al aumentar la temperatura y las precipitaciones, aumenta tambi\u00e9n la proliferaci\u00f3n de diferentes vectores\u00bb.<br \/>\u00a0<br \/>Por su parte,<strong> el director de Ganader\u00eda de Mendoza, Dami\u00e1n Carb\u00f3, record\u00f3 que hac\u00eda 36 a\u00f1os que no se manifestaba la enfermedad en Argentina<\/strong>, y remarc\u00f3 que \u00abel caballo no transmite la infecci\u00f3n a los seres humanos y s\u00ed lo propagan los mosquitos y las aves\u00bb. <\/p>\n<\/div>\n<p><script async defer crossorigin=\"anonymous\" src=\"https:\/\/connect.facebook.net\/es_LA\/sdk.js#xfbml=1&#038;version=v12.0\" nonce=\"SBlHQzIF\"><\/script><br \/>\n<br \/>[ad_2]<br \/>\n<br \/><a href=\"https:\/\/www.telam.com.ar\/notas\/202401\/652387-encefalomielitis-equina-mendoza-san-rafael.html\">Source link <\/a><\/p>\n","protected":false},"excerpt":{"rendered":"<p>[ad_1] El pasado 4 de enero, el Servicio Nacional de Sanidad y Calidad Agroalimentaria (Senasa) denunci\u00f3 el brote en Mendoza \/ Foto: archivo. Dos nuevos casos de Encefalomielitis Equina fueron confirmados en animales en la ciudad mendocina de San Rafael, informaron este viernes las autoridades locales. En declaraciones a Canal 7 de Mendoza, el secretario [&hellip;]<\/p>\n","protected":false},"author":1,"featured_media":2075,"comment_status":"open","ping_status":"open","sticky":false,"template":"","format":"standard","meta":{"_et_pb_use_builder":"","_et_pb_old_content":"","_et_gb_content_width":"","_uag_custom_page_level_css":"","footnotes":""},"categories":[12],"tags":[],"uagb_featured_image_src":{"full":["https:\/\/elementor.radiosenvivo.com.ar\/wp-content\/uploads\/2024\/01\/57fe5e6f1943d_450.jpg",450,253,false],"thumbnail":["https:\/\/elementor.radiosenvivo.com.ar\/wp-content\/uploads\/2024\/01\/57fe5e6f1943d_450-150x150.jpg",150,150,true],"medium":["https:\/\/elementor.radiosenvivo.com.ar\/wp-content\/uploads\/2024\/01\/57fe5e6f1943d_450-300x169.jpg",300,169,true],"medium_large":["https:\/\/elementor.radiosenvivo.com.ar\/wp-content\/uploads\/2024\/01\/57fe5e6f1943d_450.jpg",450,253,false],"large":["https:\/\/elementor.radiosenvivo.com.ar\/wp-content\/uploads\/2024\/01\/57fe5e6f1943d_450.jpg",450,253,false],"1536x1536":["https:\/\/elementor.radiosenvivo.com.ar\/wp-content\/uploads\/2024\/01\/57fe5e6f1943d_450.jpg",450,253,false],"2048x2048":["https:\/\/elementor.radiosenvivo.com.ar\/wp-content\/uploads\/2024\/01\/57fe5e6f1943d_450.jpg",450,253,false],"et-pb-post-main-image":["https:\/\/elementor.radiosenvivo.com.ar\/wp-content\/uploads\/2024\/01\/57fe5e6f1943d_450-400x250.jpg",400,250,true],"et-pb-post-main-image-fullwidth":["https:\/\/elementor.radiosenvivo.com.ar\/wp-content\/uploads\/2024\/01\/57fe5e6f1943d_450.jpg",450,253,false],"et-pb-portfolio-image":["https:\/\/elementor.radiosenvivo.com.ar\/wp-content\/uploads\/2024\/01\/57fe5e6f1943d_450-400x253.jpg",400,253,true],"et-pb-portfolio-module-image":["https:\/\/elementor.radiosenvivo.com.ar\/wp-content\/uploads\/2024\/01\/57fe5e6f1943d_450.jpg",450,253,false],"et-pb-portfolio-image-single":["https:\/\/elementor.radiosenvivo.com.ar\/wp-content\/uploads\/2024\/01\/57fe5e6f1943d_450.jpg",450,253,false],"et-pb-gallery-module-image-portrait":["https:\/\/elementor.radiosenvivo.com.ar\/wp-content\/uploads\/2024\/01\/57fe5e6f1943d_450-400x253.jpg",400,253,true],"et-pb-post-main-image-fullwidth-large":["https:\/\/elementor.radiosenvivo.com.ar\/wp-content\/uploads\/2024\/01\/57fe5e6f1943d_450.jpg",450,253,false],"et-pb-image--responsive--desktop":["https:\/\/elementor.radiosenvivo.com.ar\/wp-content\/uploads\/2024\/01\/57fe5e6f1943d_450.jpg",450,253,false],"et-pb-image--responsive--tablet":["https:\/\/elementor.radiosenvivo.com.ar\/wp-content\/uploads\/2024\/01\/57fe5e6f1943d_450.jpg",450,253,false],"et-pb-image--responsive--phone":["https:\/\/elementor.radiosenvivo.com.ar\/wp-content\/uploads\/2024\/01\/57fe5e6f1943d_450.jpg",450,253,false]},"uagb_author_info":{"display_name":"admin","author_link":"https:\/\/elementor.radiosenvivo.com.ar\/index.php\/author\/admin\/"},"uagb_comment_info":0,"uagb_excerpt":"[ad_1] El pasado 4 de enero, el Servicio Nacional de Sanidad y Calidad Agroalimentaria (Senasa) denunci\u00f3 el brote en Mendoza \/ Foto: archivo. Dos nuevos casos de Encefalomielitis Equina fueron confirmados en animales en la ciudad mendocina de San Rafael, informaron este viernes las autoridades locales. En declaraciones a Canal 7 de Mendoza, el secretario&hellip;","_links":{"self":[{"href":"https:\/\/elementor.radiosenvivo.com.ar\/index.php\/wp-json\/wp\/v2\/posts\/2074"}],"collection":[{"href":"https:\/\/elementor.radiosenvivo.com.ar\/index.php\/wp-json\/wp\/v2\/posts"}],"about":[{"href":"https:\/\/elementor.radiosenvivo.com.ar\/index.php\/wp-json\/wp\/v2\/types\/post"}],"author":[{"embeddable":true,"href":"https:\/\/elementor.radiosenvivo.com.ar\/index.php\/wp-json\/wp\/v2\/users\/1"}],"replies":[{"embeddable":true,"href":"https:\/\/elementor.radiosenvivo.com.ar\/index.php\/wp-json\/wp\/v2\/comments?post=2074"}],"version-history":[{"count":0,"href":"https:\/\/elementor.radiosenvivo.com.ar\/index.php\/wp-json\/wp\/v2\/posts\/2074\/revisions"}],"wp:featuredmedia":[{"embeddable":true,"href":"https:\/\/elementor.radiosenvivo.com.ar\/index.php\/wp-json\/wp\/v2\/media\/2075"}],"wp:attachment":[{"href":"https:\/\/elementor.radiosenvivo.com.ar\/index.php\/wp-json\/wp\/v2\/media?parent=2074"}],"wp:term":[{"taxonomy":"category","embeddable":true,"href":"https:\/\/elementor.radiosenvivo.com.ar\/index.php\/wp-json\/wp\/v2\/categories?post=2074"},{"taxonomy":"post_tag","embeddable":true,"href":"https:\/\/elementor.radiosenvivo.com.ar\/index.php\/wp-json\/wp\/v2\/tags?post=2074"}],"curies":[{"name":"wp","href":"https:\/\/api.w.org\/{rel}","templated":true}]}}