{"id":1913,"date":"2023-12-19T11:00:39","date_gmt":"2023-12-19T11:00:39","guid":{"rendered":"https:\/\/elementor.radiosenvivo.com.ar\/index.php\/2023\/12\/19\/los-expertos-del-conicet-analizaron-el-fenomeno-climatico-y-sus-consecuencias\/"},"modified":"2023-12-19T11:00:39","modified_gmt":"2023-12-19T11:00:39","slug":"los-expertos-del-conicet-analizaron-el-fenomeno-climatico-y-sus-consecuencias","status":"publish","type":"post","link":"https:\/\/elementor.radiosenvivo.com.ar\/index.php\/2023\/12\/19\/los-expertos-del-conicet-analizaron-el-fenomeno-climatico-y-sus-consecuencias\/","title":{"rendered":"Los expertos del Conicet analizaron el fen\u00f3meno clim\u00e1tico y sus consecuencias"},"content":{"rendered":"<p> [ad_1]<br \/>\n<\/p>\n<div>\n<figure class=\"mb-3\"><img decoding=\"async\" src=\"https:\/\/www.telam.com.ar\/thumbs\/bluesteel\/advf\/imagenes\/2023\/12\/6580ea093aae7_1200.jpg\" class=\" lazy \" width=\"100%\" height=\"100%\" alt=\"Foto Julian Alvarez\"\/><figcaption> Foto: Julian Alvarez. <\/figcaption><\/figure>\n<p> \u201cLo que sucedi\u00f3 este fin de semana en AMBA y el interior de Provincia de Buenos Aires a nivel clim\u00e1tico es lo que se conoce como un sistema conectivo de mesoescala (SCM) de gran intensidad, que <strong>se caracteriza por vientos extremos<\/strong> que en algunos casos superaron los 100 kil\u00f3metros por hora\u201d, explic\u00f3 Paola Salio, investigadora del Conicet en el Centro de Investigaciones del Mar y la Atm\u00f3sfera (CIMA, Conicet-UBA).<\/p>\n<p>Salio, octora en Ciencias de la Atm\u00f3sfera, explica que pese a que no es posible evitar que este tipo de eventos extremos causen da\u00f1os, lo que s\u00ed se puede es tratar de minimizarlos.<\/p>\n<p>\u00abPor eso <strong>son prioritarios los sistemas de alerta<\/strong> de lo que dispone el Servicio Meteorol\u00f3gico Nacional\u201d, indica la experta, seg\u00fan un comunicado del Conicet.<\/p>\n<p>\u201cLos sistemas de tormentas fueron pronosticados desde el viernes 15 de diciembre con diversas alertas naranjas\u201d, agrega.<\/p>\n<p>La particularidad de esta tormenta, seg\u00fan explica la especialista, fue que<strong> se extendi\u00f3 mucho en espacio -azot\u00f3 varios cientos de kil\u00f3metros- <\/strong>y tiempo -dur\u00f3 cerca de diez horas-, por lo cual recibi\u00f3 el nombre de \u201cderechos\u201d.<\/p>\n<p><figure class=\"mb-3\"><img decoding=\"async\" src=\"https:\/\/www.telam.com.ar\/thumbs\/bluesteel\/advf\/imagenes\/2023\/12\/6580ea0921262_1200.jpg\" class=\" lazy \" width=\"100%\" height=\"100%\" alt=\"Foto Julian Alvarez\"\/><figcaption> Foto: Julian Alvarez. <\/figcaption><\/figure>\n<p>\u201cLos derechos se mueven muy r\u00e1pidamente formando un frente de r\u00e1fagas que siguen la misma direcci\u00f3n que la tormenta y generan vientos muy intensos, aunque es importante se\u00f1alar que muchas veces se asocia todo viento intenso a un tornado y eso es incorrecto\u201d, afirm\u00f3.<\/p>\n<p>Agrega que, dado que la tormenta se produjo durante la noche, la \u00fanica forma de evaluar si fue o no un tornado es a trav\u00e9s de los da\u00f1os que produjo.<\/p>\n<p>\u201cPor los da\u00f1os observados a trav\u00e9s de medios de comunicaci\u00f3n y redes sociales <strong>no hay evidencia de que haya ocurrido un tornado<\/strong>\u201d, se\u00f1ala.<\/p>\n<p>Salio subraya la importancia fundamental que tienen las investigaciones cient\u00edficas en el campo de las ciencias de la atm\u00f3sfera para optimizar el sistema de pron\u00f3sticos, y destaca, en este sentido, una experiencia de investigaci\u00f3n internacional de la que form\u00f3 parte hace algunos a\u00f1os: Rel\u00e1mpago-CACTI.<\/p>\n<p>\u00abEn el marco de este proyecto, que se lanz\u00f3 en 2018, lo que hicimos fue realizar mediciones, con el objetivo de poder entender mejor las tormentas que ocurren en el centro de la Argentina y as\u00ed mejorar la predicci\u00f3n meteorol\u00f3gica para disminuir los impactos sociales y econ\u00f3micos que tienen este tipo de eventos\u201d, se\u00f1ala.<\/p>\n<p><figure class=\"mb-3\"><img decoding=\"async\" src=\"https:\/\/www.telam.com.ar\/thumbs\/bluesteel\/advf\/imagenes\/2023\/12\/6580ecc71962f_1200.jpg\" class=\" lazy \" width=\"100%\" height=\"100%\" alt=\"Foto Florencia Downes\"\/><figcaption> Foto: Florencia Downes. <\/figcaption><\/figure>\n<p>M\u00e1s all\u00e1 del evento clim\u00e1tico, la ca\u00edda del techo en el Club bahiense <strong>motiv\u00f3 a que la comunidad cient\u00edfica analice el fen\u00f3meno desde lo habitacional<\/strong>, agreg\u00f3 la informaci\u00f3n difundida por el Conicet.<\/p>\n<p>Alberto Floreano, arquitecto, profesional principal del Conicet, coordinador del \u00e1rea de Sistemas y Componentes constructivos del Centro Experimental de la Vivienda Econ\u00f3mica (CEVE, Conicet-AVE) y especializado en viviendas \u201cseguras\u201d, se\u00f1al\u00f3: \u00abPor lo que se sabe por las noticias que vimos estos d\u00edas, el derrumbe del techo que ocurri\u00f3 este fin de semana en Bah\u00eda Blanca tuvo que ver m\u00e1s con el fen\u00f3meno clim\u00e1tico que con una mala ejecuci\u00f3n de la construcci\u00f3n del club\u201d.<\/p>\n<blockquote class=\"\"><p>El derrumbe del techo que ocurri\u00f3 este fin de semana en Bah\u00eda Blanca tuvo que ver m\u00e1s con el fen\u00f3meno clim\u00e1tico que con una mala ejecuci\u00f3n de la construcci\u00f3n del club\u201d<cite class=\"author\">Alberto Floreano, Conicet<\/cite><\/p><\/blockquote>\n<p> \u00abAunque es necesario advertir que generalmente, cuando se dan eventos as\u00ed, <strong>las fallas no tienen que ver con los materiales que se utilizan en la construcci\u00f3n<\/strong>, sino al modo en que se los utiliza. Es decir que hay que construir siguiendo unas normativas que no siempre se llevan adelante para construir viviendas seguras\u00bb, agreg\u00f3.<\/p>\n<p>Y ejemplifica: \u201cSi es una vivienda autoconstruida, deber\u00edan ir haci\u00e9ndose controles t\u00e9cnicos asiduamente para corregir los puntos m\u00e1s dif\u00edciles de la construcci\u00f3n, como son la fundaci\u00f3n, la parte estructural, verificar los encuentros de columnas y vigas, y la realizaci\u00f3n de la cubierta. En la mayor\u00eda de los sectores populares, por ejemplo, se construyen los techos con chapa liviana\u00bb.<\/p>\n<p>\u00abEn esos casos, a\u00f1ade, e deber\u00eda verificar el grado de firmeza que tiene esa estructura y la vinculaci\u00f3n con el resto de la construcci\u00f3n existente, para evitar voladuras. Por eso es tan importante conectar el conocimiento t\u00e9cnico y el saber hacer que tiene la gente\u201d.<\/p>\n<p><figure class=\"mb-3\"><img decoding=\"async\" src=\"https:\/\/www.telam.com.ar\/thumbs\/bluesteel\/advf\/imagenes\/2023\/12\/6580ecc6de939_1200.jpg\" class=\" lazy \" width=\"100%\" height=\"100%\" alt=\"Foto Florencia Downes\"\/><figcaption> Foto: Florencia Downes. <\/figcaption><\/figure>\n<p>Floreano, en su trayectoria como cient\u00edfico, integr\u00f3 la Red XIV G: H\u00e1bitat en Riesgo, programa Iberoamericano de Ciencia y Tecnolog\u00eda para el Desarrollo, que fue reconocida por la Oficina de las Naciones Unidas para la Reducci\u00f3n del Riesgo de Desastres (ISDR) con el Premio \u00abSasakawa\u00bb los aportes realizados.<\/p>\n<p>\u201cLlamamos vivienda \u00b4segura\u00b4 a toda vivienda que re\u00fane todo lo que haga a las normas del buen construir, si es un sistema tradicional de construcci\u00f3n. Y <strong>si es un sistema constructivo no tradicional, que<\/strong> c<strong>uente con su certificado de aptitud t\u00e9cnica<\/strong>: un certificado que dice que se re\u00fanen las condiciones estructurales seg\u00fan se ubique en zonas s\u00edsmicas, y de ah\u00ed en m\u00e1s a todo lo que son los aspectos constructivos\u201d, aclara.<\/p>\n<p>En tanto, Ver\u00f3nica Bucal\u00e1, investigadora del Conicet y directora de la Planta Piloto de Ingenier\u00eda Qu\u00edmica (PLAPIQUI, Conicet-UNS) -un instituto de investigaci\u00f3n, educaci\u00f3n y desarrollo de tecnolog\u00eda con sede en la ciudad de Bah\u00eda Blanca- dijo que la tormenta del fin de semana fue \u201cmuy tr\u00e1gica y angustiante\u201d.<\/p>\n<p>\u00abSent\u00ed r\u00e1fagas muy fuertes de viento y vi por la ventana un \u00e1rbol del vecino que se mov\u00eda de lado a lado. Un rato despu\u00e9s, como muchos bahienses, comenc\u00e9 a recibir noticias tr\u00e1gicas de las consecuencias del temporal en otros lugares, como el Club Bahiense\u201d, describi\u00f3. <\/p>\n<\/div>\n<p><script async defer crossorigin=\"anonymous\" src=\"https:\/\/connect.facebook.net\/es_LA\/sdk.js#xfbml=1&#038;version=v12.0\" nonce=\"SBlHQzIF\"><\/script><br \/>\n<br \/>[ad_2]<br \/>\n<br \/><a href=\"https:\/\/www.telam.com.ar\/notas\/202312\/649945-expertos-conicet-temporal.html\">Source link <\/a><\/p>\n","protected":false},"excerpt":{"rendered":"<p>[ad_1] Foto: Julian Alvarez. \u201cLo que sucedi\u00f3 este fin de semana en AMBA y el interior de Provincia de Buenos Aires a nivel clim\u00e1tico es lo que se conoce como un sistema conectivo de mesoescala (SCM) de gran intensidad, que se caracteriza por vientos extremos que en algunos casos superaron los 100 kil\u00f3metros por hora\u201d, [&hellip;]<\/p>\n","protected":false},"author":1,"featured_media":1914,"comment_status":"open","ping_status":"open","sticky":false,"template":"","format":"standard","meta":{"_et_pb_use_builder":"","_et_pb_old_content":"","_et_gb_content_width":"","_uag_custom_page_level_css":"","footnotes":""},"categories":[12],"tags":[],"uagb_featured_image_src":{"full":["https:\/\/elementor.radiosenvivo.com.ar\/wp-content\/uploads\/2023\/12\/6580ea093aae7_450.jpg",450,253,false],"thumbnail":["https:\/\/elementor.radiosenvivo.com.ar\/wp-content\/uploads\/2023\/12\/6580ea093aae7_450-150x150.jpg",150,150,true],"medium":["https:\/\/elementor.radiosenvivo.com.ar\/wp-content\/uploads\/2023\/12\/6580ea093aae7_450-300x169.jpg",300,169,true],"medium_large":["https:\/\/elementor.radiosenvivo.com.ar\/wp-content\/uploads\/2023\/12\/6580ea093aae7_450.jpg",450,253,false],"large":["https:\/\/elementor.radiosenvivo.com.ar\/wp-content\/uploads\/2023\/12\/6580ea093aae7_450.jpg",450,253,false],"1536x1536":["https:\/\/elementor.radiosenvivo.com.ar\/wp-content\/uploads\/2023\/12\/6580ea093aae7_450.jpg",450,253,false],"2048x2048":["https:\/\/elementor.radiosenvivo.com.ar\/wp-content\/uploads\/2023\/12\/6580ea093aae7_450.jpg",450,253,false],"et-pb-post-main-image":["https:\/\/elementor.radiosenvivo.com.ar\/wp-content\/uploads\/2023\/12\/6580ea093aae7_450-400x250.jpg",400,250,true],"et-pb-post-main-image-fullwidth":["https:\/\/elementor.radiosenvivo.com.ar\/wp-content\/uploads\/2023\/12\/6580ea093aae7_450.jpg",450,253,false],"et-pb-portfolio-image":["https:\/\/elementor.radiosenvivo.com.ar\/wp-content\/uploads\/2023\/12\/6580ea093aae7_450-400x253.jpg",400,253,true],"et-pb-portfolio-module-image":["https:\/\/elementor.radiosenvivo.com.ar\/wp-content\/uploads\/2023\/12\/6580ea093aae7_450.jpg",450,253,false],"et-pb-portfolio-image-single":["https:\/\/elementor.radiosenvivo.com.ar\/wp-content\/uploads\/2023\/12\/6580ea093aae7_450.jpg",450,253,false],"et-pb-gallery-module-image-portrait":["https:\/\/elementor.radiosenvivo.com.ar\/wp-content\/uploads\/2023\/12\/6580ea093aae7_450-400x253.jpg",400,253,true],"et-pb-post-main-image-fullwidth-large":["https:\/\/elementor.radiosenvivo.com.ar\/wp-content\/uploads\/2023\/12\/6580ea093aae7_450.jpg",450,253,false],"et-pb-image--responsive--desktop":["https:\/\/elementor.radiosenvivo.com.ar\/wp-content\/uploads\/2023\/12\/6580ea093aae7_450.jpg",450,253,false],"et-pb-image--responsive--tablet":["https:\/\/elementor.radiosenvivo.com.ar\/wp-content\/uploads\/2023\/12\/6580ea093aae7_450.jpg",450,253,false],"et-pb-image--responsive--phone":["https:\/\/elementor.radiosenvivo.com.ar\/wp-content\/uploads\/2023\/12\/6580ea093aae7_450.jpg",450,253,false]},"uagb_author_info":{"display_name":"admin","author_link":"https:\/\/elementor.radiosenvivo.com.ar\/index.php\/author\/admin\/"},"uagb_comment_info":0,"uagb_excerpt":"[ad_1] Foto: Julian Alvarez. \u201cLo que sucedi\u00f3 este fin de semana en AMBA y el interior de Provincia de Buenos Aires a nivel clim\u00e1tico es lo que se conoce como un sistema conectivo de mesoescala (SCM) de gran intensidad, que se caracteriza por vientos extremos que en algunos casos superaron los 100 kil\u00f3metros por hora\u201d,&hellip;","_links":{"self":[{"href":"https:\/\/elementor.radiosenvivo.com.ar\/index.php\/wp-json\/wp\/v2\/posts\/1913"}],"collection":[{"href":"https:\/\/elementor.radiosenvivo.com.ar\/index.php\/wp-json\/wp\/v2\/posts"}],"about":[{"href":"https:\/\/elementor.radiosenvivo.com.ar\/index.php\/wp-json\/wp\/v2\/types\/post"}],"author":[{"embeddable":true,"href":"https:\/\/elementor.radiosenvivo.com.ar\/index.php\/wp-json\/wp\/v2\/users\/1"}],"replies":[{"embeddable":true,"href":"https:\/\/elementor.radiosenvivo.com.ar\/index.php\/wp-json\/wp\/v2\/comments?post=1913"}],"version-history":[{"count":0,"href":"https:\/\/elementor.radiosenvivo.com.ar\/index.php\/wp-json\/wp\/v2\/posts\/1913\/revisions"}],"wp:featuredmedia":[{"embeddable":true,"href":"https:\/\/elementor.radiosenvivo.com.ar\/index.php\/wp-json\/wp\/v2\/media\/1914"}],"wp:attachment":[{"href":"https:\/\/elementor.radiosenvivo.com.ar\/index.php\/wp-json\/wp\/v2\/media?parent=1913"}],"wp:term":[{"taxonomy":"category","embeddable":true,"href":"https:\/\/elementor.radiosenvivo.com.ar\/index.php\/wp-json\/wp\/v2\/categories?post=1913"},{"taxonomy":"post_tag","embeddable":true,"href":"https:\/\/elementor.radiosenvivo.com.ar\/index.php\/wp-json\/wp\/v2\/tags?post=1913"}],"curies":[{"name":"wp","href":"https:\/\/api.w.org\/{rel}","templated":true}]}}