{"id":1904,"date":"2023-12-16T00:47:14","date_gmt":"2023-12-16T00:47:14","guid":{"rendered":"https:\/\/elementor.radiosenvivo.com.ar\/index.php\/2023\/12\/16\/provincias-se-declaran-en-emergencia-y-el-gobierno-convoco-a-una-cumbre-de-gobernadores\/"},"modified":"2023-12-16T00:47:14","modified_gmt":"2023-12-16T00:47:14","slug":"provincias-se-declaran-en-emergencia-y-el-gobierno-convoco-a-una-cumbre-de-gobernadores","status":"publish","type":"post","link":"https:\/\/elementor.radiosenvivo.com.ar\/index.php\/2023\/12\/16\/provincias-se-declaran-en-emergencia-y-el-gobierno-convoco-a-una-cumbre-de-gobernadores\/","title":{"rendered":"Provincias se declaran en &#8216;emergencia&#8217; y el Gobierno convoc\u00f3 a una cumbre de gobernadores"},"content":{"rendered":"<p> [ad_1]<br \/>\n<\/p>\n<div>\n<figure class=\"mb-3\"><img decoding=\"async\" src=\"https:\/\/www.telam.com.ar\/thumbs\/bluesteel\/advf\/imagenes\/2023\/11\/655e220dda9ca_1200.jpg\" class=\" lazy \" width=\"100%\" height=\"100%\" alt=\"Guillermo Francos Foto Camila Godoy\"\/><figcaption> Guillermo Francos, Foto: Camila Godoy <\/figcaption><\/figure>\n<p>El ministro del Interior, Guillermo Francos, encabez\u00f3 <strong>una primera reuni\u00f3n con gobernadores y funcionarios que combin\u00f3 la modalidad virtual con la presencialidad<\/strong>, y en la cual el funcionario <strong>invit\u00f3 a los mandatarios provinciales a un encuentro con el presidente Javier Milei que se llevar\u00e1 a cabo el pr\u00f3ximo martes<\/strong>.<\/p>\n<p>Durante la cita, que se realiz\u00f3 en el Sal\u00f3n de los Escudos en Casa Rosada, los gobernadores dialogaron sobre problem\u00e1ticas provinciales y nacionales, mientras que <strong>Francos subray\u00f3 \u00ablas dificultades que debe encarar la Naci\u00f3n en su conjunto\u00bb<\/strong>, informaron fuentes de la cartera del Interior.<\/p>\n<p><strong>\u00abEs necesario que analicemos la situaci\u00f3n en su conjunto, y no desde la visi\u00f3n de cada uno de los actores\u00bb, manifest\u00f3<\/strong> el funcionario del Ejecutivo, y agreg\u00f3 que \u00ablas medidas adoptadas por el Gobierno nacional se decidieron para evitar un da\u00f1o mayor a todos los argentinos\u00bb.<\/p>\n<p>Francos expres\u00f3 que \u00abla realidad es que la macroeconom\u00eda argentina presenta un panorama muy duro y la posibilidad de una inflaci\u00f3n creciente, y es precisamente esa situaci\u00f3n la que el Gobierno nacional ha tratado de evitar con las medidas adoptadas\u00bb.<\/p>\n<p>Y refiri\u00f3 que \u00aben ese sentido, el Gobierno nacional tiene la firme convicci\u00f3n de que, para afrontar la situaci\u00f3n de inflaci\u00f3n que hoy presenta la Argentina, es necesario llegar al d\u00e9ficit cero en el orden nacional\u00bb.<\/p>\n<p>Participaron del encuentro con Francos, <strong>de manera presencial, los gobernadores Leandro Zdero (Chaco), Alfredo Cornejo (Mendoza), Maximiliano Pullaro (Santa Fe) y Gustavo Vald\u00e9s (Corrientes), acompa\u00f1ados por el secretario de Interior, Lisandro Catal\u00e1n<\/strong>.<\/p>\n<p>En tanto que <strong>por videoconferencia lo hicieron los siguientes mandatarios y funcionarios provinciales: Axel Kicillof (Buenos Aires), Ra\u00fal Jalil (La Rioja), Gustavo S\u00e1enz (Salta), Marcelo Orrego (San Juan), Gustavo Melella (Tierra del Fuego), Claudio Poggi (San Luis), Claudio Vidal (Santa Cruz) y Gerardo Zamora (Santiago del Estero)<\/strong>.<\/p>\n<p>Tambi\u00e9n lo hicieron <strong>Hugo Passalacqua (Misiones), Alberto Weretilneck (R\u00edo Negro), Rolando Figueroa (Neuqu\u00e9n), Ricardo Quintela (La Rioja), Mart\u00edn Llaryora (C\u00f3rdoba), Carlos Sadir (Jujuy), Rogelio Frigerio (Entre R\u00edos), Gustavo Menna (vicegobernador de Chubut), Eber Sol\u00eds (vicegobernador de Formosa) y Jos\u00e9 Vanini (secretario general de Gobierno de La Pampa)<\/strong>.<\/p>\n<p>Por \u00faltimo, por cuestiones de agenda notificaron que <strong>no podr\u00edan participar del encuentro Jorge Macri (jefe de Gobierno de la Ciudad Aut\u00f3noma de Buenos Aires) y Osvaldo Jaldo (gobernador de Tucum\u00e1n)<\/strong>.<\/p>\n<p>El del martes ser\u00e1 el primer encuentro institucional que el Presidente celebrar\u00e1 con los mandatarios provinciales, exactamente nueve d\u00edas despu\u00e9s del inicio de su mandato.<\/p>\n<h2 class=\"\">La situaci\u00f3n en las provincias<\/h2>\n<p> Los gobernadores de diferentes espacios pol\u00edticos anunciaron\u00a0 un plan de recorte del gasto p\u00fablico al reconocer que existe <strong>\u00abuna emergencia econ\u00f3mica\u00bb<\/strong> a nivel nacional y en cada uno de sus distritos, en sinton\u00eda con las medidas anunciadas por el ministro de Econom\u00eda, Luis Caputo.<\/p>\n<p>Con distintos enfoques y particularidades debido a la situaci\u00f3n financiera de cada provincia, los gobernadores que anunciaron planes de control y reducci\u00f3n del gasto p\u00fablico fueron hasta este viernes Gerardo Zamora (Santiago del Estero), Claudio Poggi (San Luis), Martin Llaryora (C\u00f3rdoba), Osvaldo Jaldo (Tucum\u00e1n), Maximiliano Pullaro (Santa Fe), Ra\u00fal Jalil (Catamarca), Gustavo Melella (Tierra del Fuego), Ignacio Torres (Chubut), Marcelo Orrego (San Juan), Rolando Figueroa (Neuqu\u00e9n) y Rogelio Frigerio (Entre R\u00edos).<\/p>\n<p>A nivel provincial, estas iniciativas fueron adoptadas por mandatarios peronistas, aliados en el frente Uni\u00f3n por la Patria (UxP), radicales y del PRO en el espacio de Juntos por el Cambio (JxC) y fuerzas provinciales.<\/p>\n<p><figure class=\"mb-3\"><img decoding=\"async\" src=\"https:\/\/www.telam.com.ar\/thumbs\/bluesteel\/advf\/imagenes\/2023\/11\/6568dc141dacb_1200.jpg\" class=\" lazy \" width=\"100%\" height=\"100%\" alt=\"Axel Kicillof Foto Victoria Gesualdi\"\/><figcaption> Axel Kicillof. Foto: Victoria Gesualdi <\/figcaption><\/figure>\n<\/p>\n<p>Desde la provincia de Buenos Aires, conducida por <strong>Axel Killof<\/strong> (UxP), algunos de sus ministros advirtieron que \u00abse mantiene en alerta\u00bb por las medidas econ\u00f3micas anunciadas por la administraci\u00f3n Milei, que consta, entre otras cosas, de la limitaci\u00f3n de los giros por fuera del sistema de distribuci\u00f3n de recursos federales que establece la ley de Coparticipaci\u00f3n.<\/p>\n<p>En Misiones, el gobernador <strong>Hugo Passaluaqcua<\/strong> (Frente Renovador Misionero) evit\u00f3 lanzar un plan de ajuste pero advirti\u00f3 a los funcionarios sobre la \u00abnecesidad de seguir siendo muy responsables con el manejo de los recursos de los misioneros y continuar con una provincia con cuentas ordenadas\u00bb.<\/p>\n<p>Por su parte, el santiague\u00f1o <strong>Zamora <\/strong>declar\u00f3 este viernes el estado de \u00abemergencia econ\u00f3mica\u00bb en la provincia y la aplicaci\u00f3n de \u00abmedidas restrictivas y de control del gasto p\u00fablico\u00bb por los pr\u00f3ximos seis meses.<\/p>\n<div class=\"video_repositive\"> <i class=\"far fa-window-close\"\/> <\/p>\n<div id=\"fBzZpnC4tN8\" class=\"video_telam\" style=\"background-image:url('https:\/\/img.youtube.com\/vi\/fBzZpnC4tN8\/hqdefault.jpg');background-position: center center;\">\n<div class=\"feature_article_inner\">\n<p><h2 class=\"text-center\">Santiago del Estero: Zamora anunci\u00f3 medidas de emergencia, de control y reducci\u00f3n del gasto<\/h2>\n<\/p><\/div>\n<p>VER VIDEO <i class=\"fas fa-play\"\/><\/p>\n<\/p><\/div>\n<\/p><\/div>\n<p>\u00abLos anuncios realizados (a nivel nacional), si bien no conocemos los alcances, nos obliga a tomar medidas preventivas, de precauci\u00f3n y de mucho cuidado en la administraci\u00f3n de los recursos y por eso estoy enviado esta pr\u00f3xima semana un Decreto de Necesidad y Urgencia para declarar la emergencia econ\u00f3mica, medidas restrictivas y de control del gasto p\u00fablico\u00bb, indic\u00f3 Zamora esta ma\u00f1ana a trav\u00e9s de un mensaje publicado en sus redes sociales.<\/p>\n<p>Al igual que Naci\u00f3n, Zamora decidi\u00f3 que por 6 meses \u00abse congelar\u00e1n las partidas presupuestarias de la administraci\u00f3n p\u00fablica para gastos de promoci\u00f3n o difusi\u00f3n oficial\u00bb.<\/p>\n<p>Bajo otro signo pol\u00edtico, el gobernador sanluise\u00f1o <strong>Poggi <\/strong>(Juntos por el Cambio) present\u00f3 este jueves el estado financiero de la provincia que dej\u00f3 la gesti\u00f3n de Alberto Rodr\u00edguez Sa\u00e1, que muestra un d\u00e9ficit de \u00abm\u00e1s de 125 mil millones de pesos\u00bb y anunci\u00f3 una pol\u00edtica de ajuste, que incluye que los<strong> sueldos de diciembre y enero de estatales se pagar\u00e1n en dos cuotas<\/strong>.<\/p>\n<div class=\"video_repositive\"> <i class=\"far fa-window-close\"\/> <\/p>\n<div id=\"RQr8l45s8A4\" class=\"video_telam\" style=\"background-image:url('https:\/\/img.youtube.com\/vi\/RQr8l45s8A4\/hqdefault.jpg');background-position: center center;\">\n<div class=\"feature_article_inner\">\n<p><h2 class=\"text-center\">Poggi anunci\u00f3 salarios estatales en dos cuotas y declar\u00f3 estado de emergencia p\u00fablica en San Luis<\/h2>\n<\/p><\/div>\n<p>VER VIDEO <i class=\"fas fa-play\"\/><\/p>\n<\/p><\/div>\n<\/p><\/div>\n<p>En un mensaje que fue trasmitido por los medios oficiales de la provincia, Poggi inform\u00f3 que la situaci\u00f3n de la provincia es \u201ccr\u00edtica\u201d con los n\u00fameros en \u201crojo\u201d y anunci\u00f3 que los sueldos de la administraci\u00f3n p\u00fablica se har\u00e1n en dos veces para los meses de diciembre y enero, y pidi\u00f3 que sea extensiva para los dem\u00e1s poderes del Estado.<\/p>\n<p><figure class=\"mb-3\"><img decoding=\"async\" src=\"https:\/\/www.telam.com.ar\/thumbs\/bluesteel\/advf\/imagenes\/2023\/12\/6571e18b31711_1200.jpg\" class=\" lazy \" width=\"100%\" height=\"100%\" alt=\"Osvaldo Jaldo Foto X\"\/><figcaption> Osvaldo Jaldo. Foto: X <\/figcaption><\/figure>\n<\/p>\n<p>Uno de los primeros en lanzar un ajuste fue el gobernador de Tucum\u00e1n, <strong>Osvaldo Jaldo <\/strong>(UxP), quien anunci\u00f3 un plan de reducci\u00f3n que ahorrar\u00e1 219.000 millones de pesos a la Legislatura y una reestructuraci\u00f3n del Ejecutivo, que incluy\u00f3 la eliminaci\u00f3n de 40 organismos gubernamentales y de la Unidad de Reconversi\u00f3n Laboral.<\/p>\n<p>En tanto, el gobernador cordob\u00e9s <strong>Mart\u00edn Llaryora<\/strong> (PJ) modific\u00f3 su organigrama inicial que preve\u00eda unos 32 ministerios y agencias p\u00fablico-privadas, y ahora son 14.<\/p>\n<p>En Santa Fe, el mandatario <strong>Maximiliano Pullaro<\/strong> (JxC), manifest\u00f3 que en la provincia hay \u00ab13.000 empleados p\u00fablicos m\u00e1s que los que hab\u00eda en 2019\u2033, entre los que se cuentan <strong>\u00abfuncionarios pol\u00edticos o familiares de pol\u00edticos de primera y segunda l\u00ednea del gobierno\u00bb <\/strong>del peronista Omar Perotti, su antecesor, por lo que se revisar\u00e1n los decretos de esos nombramientos.<\/p>\n<div class=\"video_repositive\"> <i class=\"far fa-window-close\"\/> <\/p>\n<div id=\"OCVoGhzY5hU\" class=\"video_telam\" style=\"background-image:url('https:\/\/img.youtube.com\/vi\/OCVoGhzY5hU\/hqdefault.jpg');background-position: center center;\">\n<div class=\"feature_article_inner\">\n<p><h2 class=\"text-center\">Pullaro se\u00f1al\u00f3 que \u00abhay que ordenar el Estado\u00bb pero que \u00abel ajuste no lo paguen los m\u00e1s vulnerables\u00bb<\/h2>\n<\/p><\/div>\n<p>VER VIDEO <i class=\"fas fa-play\"\/><\/p>\n<\/p><\/div>\n<\/p><\/div>\n<p>Pullaro confirm\u00f3 este viernes que participar\u00e1 de la reuni\u00f3n de gobernadores convocada por la Casa Rosada y adelant\u00f3 que llevar\u00e1 al encuentro su \u00abmirada\u00bb sobre las medidas econ\u00f3micas en la coincidencia en que \u00abhay que ordenar las cuentas del estado Nacional\u00bb pero con la advertencia de que \u00abese ajuste no lo pueden pagar los sectores m\u00e1s vulnerables\u00bb.<\/p>\n<p>\u00abTengo entendido que vamos a reunirnos la semana que viene los 23 (gobernadores) y el jefe de Gobierno de la ciudad. Daremos nuestra mirada sobre las medidas, coincidiendo que hay que ordenar cuentas del Estado nacional y emisi\u00f3n, pero que ese ajuste no lo pueden pagar los sectores m\u00e1s vulnerables\u00bb, dijo Pullaro a la prensa al ingresar al comit\u00e9 nacional del radicalismo para participar de un plenario de delegados.<\/p>\n<p><figure class=\"mb-3\"><img decoding=\"async\" src=\"https:\/\/www.telam.com.ar\/thumbs\/bluesteel\/advf\/imagenes\/2023\/11\/6547acbfd136c.11.2023%20foto%20pablo%20caprarulo_1200.jpg\" class=\" lazy \" width=\"100%\" height=\"100%\" alt=\"Leandro Zdero Foto Pablo Caprarulo\"\/><figcaption> Leandro Zdero. Foto: Pablo Caprarulo <\/figcaption><\/figure>\n<\/p>\n<p>En Chaco, <strong>Leandro Zdero<\/strong> (JxC) suspendi\u00f3 las recategorizaciones aprobadas hace tres meses por su antecesor, el peronista Jorge Capitanich, mientras que en Neuqu\u00e9n, el gobernador <strong>Rolando Figueroa<\/strong> (Comunidad) anunci\u00f3 la derogaci\u00f3n del r\u00e9gimen de jubilaciones de privilegio, la eliminaci\u00f3n del alquiler de autos y camionetas para funcionarios, la reducci\u00f3n del 50 por ciento de los cargos de planta pol\u00edtica en el Ejecutivo provincial y la revisi\u00f3n de los pases a planta del \u00faltimo a\u00f1o.<\/p>\n<p>En Catamarca, el gobernador peronista <strong>Ra\u00fal Jalil<\/strong>, adelant\u00f3 que en la segunda gesti\u00f3n que inici\u00f3 en la provincia se realizar\u00e1 una reducci\u00f3n de la planta pol\u00edtica del Poder Ejecutivo local en un 20 por ciento.<\/p>\n<p><figure class=\"mb-3\"><img decoding=\"async\" src=\"https:\/\/www.telam.com.ar\/thumbs\/bluesteel\/advf\/imagenes\/2023\/10\/653aabe00f114_1200.jpg\" class=\" lazy \" width=\"100%\" height=\"100%\" alt=\"Gustavo Melella Foto Pablo Aeli\"\/><figcaption> Gustavo Melella. Foto: Pablo A\u00f1eli. <\/figcaption><\/figure>\n<\/p>\n<p>El gobernador fueguino <strong>Gustavo Melella<\/strong>, quien reasumir\u00e1 el domingo 17 para iniciar una nueva gesti\u00f3n, reformar\u00e1 la estructura pol\u00edtica de su gobierno aunque mantendr\u00e1 la misma cantidad de ministerios y de secretar\u00edas de Estado de cara a su segundo mandato al frente del Poder Ejecutivo fueguino que comenzar\u00e1 el pr\u00f3ximo domingo, confirmaron hoy fuentes oficiales.<\/p>\n<p>A su turno, el gobernador de Chubut,<strong> Ignacio Torres<\/strong> (JxC), firm\u00f3 un decreto mediante el cual \u00abse dan de baja las designaciones irregulares realizadas en el Ejecutivo provincial en los \u00faltimos seis meses y se revisar\u00e1n las del \u00faltimo a\u00f1o\u00bb.<\/p>\n<p><figure class=\"mb-3\"><img decoding=\"async\" src=\"https:\/\/www.telam.com.ar\/thumbs\/bluesteel\/advf\/imagenes\/2023\/12\/657b01fbd0394_1200.jpg\" class=\" lazy \" width=\"100%\" height=\"100%\" alt=\"Rogelio Frigerio Foto Nacho Snchez\"\/><figcaption> Rogelio Frigerio. Foto: Nacho S\u00e1nchez <\/figcaption><\/figure>\n<\/p>\n<p>Tambi\u00e9n el gobernador sanjuanino <strong>Marcelo Orrego<\/strong> (JxC) anul\u00f3 los nombramientos recientes de empleados p\u00fablicos y suspendi\u00f3 la renovaci\u00f3n de contratos realizados por el gobierno anterior, medida que puede afectar a unas 6.000 personas, en tanto que una comisi\u00f3n evaluadora analizar\u00e1 \u00abcasos puntuales\u00bb.<\/p>\n<p>En la misma sinton\u00eda, el mandatario entrerriano <strong>Rogelio Frigerio<\/strong> (Entre R\u00edos) ratific\u00f3 que \u00abno hay plata\u00bb en la provincia y confirm\u00f3 reducci\u00f3n \u00aba la mitad\u00bb los cargos pol\u00edticos del organigrama provincial, porque \u00abno significan una mejor calidad de vida ni mejores bienes y servicios p\u00fablicos\u00bb.<\/p>\n<p>Por otro lado, <strong>el gobernador de Santa Cruz, Claudio Vidal,<u> <\/u><\/strong><u>anunci\u00f3\u00a0la venta de veh\u00edculos, de una residencia oficial y la quita de m\u00e1s de 1.800 tel\u00e9fonos a funcionarios del Ejecutivo, como parte de programa de \u00abmedidas urgentes\u00bb de reducci\u00f3n de gastos<\/u> ante \u00abla grave situaci\u00f3n\u00bb que atraviesa la provincia patag\u00f3nica.<\/p>\n<p>El mandatario formul\u00f3 estos anuncios en el sal\u00f3n Blanco de la Casa de Gobierno provincial y <strong>asegur\u00f3 que en los primeros d\u00edas de su gesti\u00f3n se encontr\u00f3 con \u00abmucha desorganizaci\u00f3n\u00bb en el Poder Ejecutivo y \u00abfalta de fondos\u00bb<\/strong>.<\/p>\n<p><iframe loading=\"lazy\" src=\"https:\/\/www.facebook.com\/plugins\/video.php?href=https%3A%2F%2Fwww.facebook.com%2Fwatch%2F%3Fv%3D1019536322674957&amp;width=500&amp;show_text=true&amp;height=952&amp;appId\" width=\"500\" height=\"952\" style=\"border:none;overflow:hidden\" scrolling=\"no\" frameborder=\"0\" allowfullscreen=\"true\" allow=\"autoplay; clipboard-write; encrypted-media; picture-in-picture; web-share\"><\/iframe><\/p>\n<p>Asimismo, aprovech\u00f3 la ocasi\u00f3n para solicitar las renuncias de funcionarios de la administraci\u00f3n de Alicia Kirchner que aun permanecen en sus cargos.<\/p>\n<p>En una breve exposici\u00f3n ante la prensa, en la cual no respondi\u00f3 preguntas, <strong>Vidal anticip\u00f3 que ir\u00e1n \u00aba venta o remate el 80% de los veh\u00edculos del estado y la residencia oficial\u00bb que los gobernadores utilizan cuando viajan a la localidad de El Calafate<\/strong>.<\/p>\n<p>Vidal tambi\u00e9n promedi\u00f3 asignar <strong>los fondos que se obtengan por esas operaciones al presupuesto educativo<\/strong>.<\/p>\n<p>\u00abHay l\u00edneas telef\u00f3nicas celulares que est\u00e1n distribuidas en Buenos Aires, C\u00f3rdoba, Santa Fe o Entre R\u00edos\u00bb, revel\u00f3 y se pronunci\u00f3 por su recuperaci\u00f3n y corte de gastos.<\/p>\n<p>En ese marco, sostuvo: \u00abNo se vive m\u00e1s del Estado, por lo menos no de esta forma\u00bb.<\/p>\n<p>Tambi\u00e9n anunci\u00f3 que las Unidades Retributivas (UD) de funcionarios y de cargos pol\u00edticos ser\u00e1n eliminadas porque \u00ablamentablemente, durante estos a\u00f1os, se han utilizado para pagar la limpieza de sus hogares, algo que claramente no corresponde\u00bb. <\/p>\n<\/div>\n<p><script async defer crossorigin=\"anonymous\" src=\"https:\/\/connect.facebook.net\/es_LA\/sdk.js#xfbml=1&#038;version=v12.0\" nonce=\"SBlHQzIF\"><\/script><br \/>\n<br \/>[ad_2]<br \/>\n<br \/><a href=\"https:\/\/www.telam.com.ar\/notas\/202312\/649668-milei-gobernadores-emergencia-reunion.html\">Source link <\/a><\/p>\n","protected":false},"excerpt":{"rendered":"<p>[ad_1] Guillermo Francos, Foto: Camila Godoy El ministro del Interior, Guillermo Francos, encabez\u00f3 una primera reuni\u00f3n con gobernadores y funcionarios que combin\u00f3 la modalidad virtual con la presencialidad, y en la cual el funcionario invit\u00f3 a los mandatarios provinciales a un encuentro con el presidente Javier Milei que se llevar\u00e1 a cabo el pr\u00f3ximo martes. [&hellip;]<\/p>\n","protected":false},"author":1,"featured_media":1905,"comment_status":"open","ping_status":"open","sticky":false,"template":"","format":"standard","meta":{"_et_pb_use_builder":"","_et_pb_old_content":"","_et_gb_content_width":"","_uag_custom_page_level_css":"","footnotes":""},"categories":[12],"tags":[],"uagb_featured_image_src":{"full":["https:\/\/elementor.radiosenvivo.com.ar\/wp-content\/uploads\/2023\/12\/655e220dda9ca_450.jpg",450,253,false],"thumbnail":["https:\/\/elementor.radiosenvivo.com.ar\/wp-content\/uploads\/2023\/12\/655e220dda9ca_450-150x150.jpg",150,150,true],"medium":["https:\/\/elementor.radiosenvivo.com.ar\/wp-content\/uploads\/2023\/12\/655e220dda9ca_450-300x169.jpg",300,169,true],"medium_large":["https:\/\/elementor.radiosenvivo.com.ar\/wp-content\/uploads\/2023\/12\/655e220dda9ca_450.jpg",450,253,false],"large":["https:\/\/elementor.radiosenvivo.com.ar\/wp-content\/uploads\/2023\/12\/655e220dda9ca_450.jpg",450,253,false],"1536x1536":["https:\/\/elementor.radiosenvivo.com.ar\/wp-content\/uploads\/2023\/12\/655e220dda9ca_450.jpg",450,253,false],"2048x2048":["https:\/\/elementor.radiosenvivo.com.ar\/wp-content\/uploads\/2023\/12\/655e220dda9ca_450.jpg",450,253,false],"et-pb-post-main-image":["https:\/\/elementor.radiosenvivo.com.ar\/wp-content\/uploads\/2023\/12\/655e220dda9ca_450-400x250.jpg",400,250,true],"et-pb-post-main-image-fullwidth":["https:\/\/elementor.radiosenvivo.com.ar\/wp-content\/uploads\/2023\/12\/655e220dda9ca_450.jpg",450,253,false],"et-pb-portfolio-image":["https:\/\/elementor.radiosenvivo.com.ar\/wp-content\/uploads\/2023\/12\/655e220dda9ca_450-400x253.jpg",400,253,true],"et-pb-portfolio-module-image":["https:\/\/elementor.radiosenvivo.com.ar\/wp-content\/uploads\/2023\/12\/655e220dda9ca_450.jpg",450,253,false],"et-pb-portfolio-image-single":["https:\/\/elementor.radiosenvivo.com.ar\/wp-content\/uploads\/2023\/12\/655e220dda9ca_450.jpg",450,253,false],"et-pb-gallery-module-image-portrait":["https:\/\/elementor.radiosenvivo.com.ar\/wp-content\/uploads\/2023\/12\/655e220dda9ca_450-400x253.jpg",400,253,true],"et-pb-post-main-image-fullwidth-large":["https:\/\/elementor.radiosenvivo.com.ar\/wp-content\/uploads\/2023\/12\/655e220dda9ca_450.jpg",450,253,false],"et-pb-image--responsive--desktop":["https:\/\/elementor.radiosenvivo.com.ar\/wp-content\/uploads\/2023\/12\/655e220dda9ca_450.jpg",450,253,false],"et-pb-image--responsive--tablet":["https:\/\/elementor.radiosenvivo.com.ar\/wp-content\/uploads\/2023\/12\/655e220dda9ca_450.jpg",450,253,false],"et-pb-image--responsive--phone":["https:\/\/elementor.radiosenvivo.com.ar\/wp-content\/uploads\/2023\/12\/655e220dda9ca_450.jpg",450,253,false]},"uagb_author_info":{"display_name":"admin","author_link":"https:\/\/elementor.radiosenvivo.com.ar\/index.php\/author\/admin\/"},"uagb_comment_info":0,"uagb_excerpt":"[ad_1] Guillermo Francos, Foto: Camila Godoy El ministro del Interior, Guillermo Francos, encabez\u00f3 una primera reuni\u00f3n con gobernadores y funcionarios que combin\u00f3 la modalidad virtual con la presencialidad, y en la cual el funcionario invit\u00f3 a los mandatarios provinciales a un encuentro con el presidente Javier Milei que se llevar\u00e1 a cabo el pr\u00f3ximo martes.&hellip;","_links":{"self":[{"href":"https:\/\/elementor.radiosenvivo.com.ar\/index.php\/wp-json\/wp\/v2\/posts\/1904"}],"collection":[{"href":"https:\/\/elementor.radiosenvivo.com.ar\/index.php\/wp-json\/wp\/v2\/posts"}],"about":[{"href":"https:\/\/elementor.radiosenvivo.com.ar\/index.php\/wp-json\/wp\/v2\/types\/post"}],"author":[{"embeddable":true,"href":"https:\/\/elementor.radiosenvivo.com.ar\/index.php\/wp-json\/wp\/v2\/users\/1"}],"replies":[{"embeddable":true,"href":"https:\/\/elementor.radiosenvivo.com.ar\/index.php\/wp-json\/wp\/v2\/comments?post=1904"}],"version-history":[{"count":0,"href":"https:\/\/elementor.radiosenvivo.com.ar\/index.php\/wp-json\/wp\/v2\/posts\/1904\/revisions"}],"wp:featuredmedia":[{"embeddable":true,"href":"https:\/\/elementor.radiosenvivo.com.ar\/index.php\/wp-json\/wp\/v2\/media\/1905"}],"wp:attachment":[{"href":"https:\/\/elementor.radiosenvivo.com.ar\/index.php\/wp-json\/wp\/v2\/media?parent=1904"}],"wp:term":[{"taxonomy":"category","embeddable":true,"href":"https:\/\/elementor.radiosenvivo.com.ar\/index.php\/wp-json\/wp\/v2\/categories?post=1904"},{"taxonomy":"post_tag","embeddable":true,"href":"https:\/\/elementor.radiosenvivo.com.ar\/index.php\/wp-json\/wp\/v2\/tags?post=1904"}],"curies":[{"name":"wp","href":"https:\/\/api.w.org\/{rel}","templated":true}]}}