{"id":1898,"date":"2023-12-14T00:47:05","date_gmt":"2023-12-14T00:47:05","guid":{"rendered":"https:\/\/elementor.radiosenvivo.com.ar\/index.php\/2023\/12\/14\/nada-nos-detendra-iremos-hasta-el-final\/"},"modified":"2023-12-14T00:47:05","modified_gmt":"2023-12-14T00:47:05","slug":"nada-nos-detendra-iremos-hasta-el-final","status":"publish","type":"post","link":"https:\/\/elementor.radiosenvivo.com.ar\/index.php\/2023\/12\/14\/nada-nos-detendra-iremos-hasta-el-final\/","title":{"rendered":"&#8216;Nada nos detendr\u00e1, iremos hasta el final&#8217;"},"content":{"rendered":"<p> [ad_1]<br \/>\n<\/p>\n<div>\n<div class=\"video_repositive\"> <i class=\"far fa-window-close\"\/> <\/p>\n<div id=\"rQD1jVEYtXw\" class=\"video_telam\" style=\"background-image:url('https:\/\/img.youtube.com\/vi\/rQD1jVEYtXw\/hqdefault.jpg');background-position: center center;\">\n<div class=\"feature_article_inner\">\n<p><h2 class=\"text-center\">Netanyahu: \u00abNada nos detendr\u00e1\u00bb<\/h2>\n<\/p><\/div>\n<p>VER VIDEO <i class=\"fas fa-play\"\/><\/p>\n<\/p><\/div>\n<\/p><\/div>\n<p>El primer ministro israel\u00ed, Benjamin Netanyahu, expres\u00f3 este mi\u00e9rcoles que \u00abnada\u00bb lo detendr\u00e1 en su ofensiva contra el movimiento islamista palestino Hamas en la Franja de Gaza, en medio de una creciente presi\u00f3n internacional para un alto el fuego.<\/p>\n<p>\u00abContinuaremos hasta el final. No hay duda alguna. Lo digo con gran dolor, pero tambi\u00e9n a la luz de la presi\u00f3n internacional. Nada nos detendr\u00e1. Iremos hasta el final, hasta la victoria\u00bb, dijo Netanyahu en un video, seg\u00fan reprodujo la agencia de noticias AFP.<\/p>\n<p>El primer ministro visit\u00f3 un centro de detenci\u00f3n en el sur de Israel, donde milicianos de Hamas est\u00e1n siendo interrogados por la unidad de inteligencia.<\/p>\n<p><figure class=\"mb-3\"><img decoding=\"async\" src=\"https:\/\/www.telam.com.ar\/thumbs\/bluesteel\/advf\/imagenes\/2023\/11\/6554bba4b93dd_1200.jpg\" class=\" lazy \" width=\"100%\" height=\"100%\" alt=\"Foto AFP \"\/><figcaption> Foto: AFP. <\/figcaption><\/figure>\n<p>Netanyahu expres\u00f3 adem\u00e1s su agradecimiento por el trabajo de los militares en Gaza.<\/p>\n<p>\u00abAyer tuvimos un d\u00eda muy duro\u00bb, se\u00f1al\u00f3, en referencia a los diez soldados israel\u00edes que murieron en combates en Gaza, en el d\u00eda m\u00e1s letal para las tropas israel\u00edes desde el comienzo de la operaci\u00f3n.<\/p>\n<p>\u00abUn alto el fuego en este momento ser\u00eda un regalo a la organizaci\u00f3n terrorista Hamas y le permitir\u00eda volver a amenazar a los habitantes de Israel\u00bb, dijo por su parte en un comunicado el canciller israel\u00ed, Eli Cohen, luego de que este martes la Asamblea General de la ONU aprobara una resoluci\u00f3n no vinculante que pide un \u00abalto el fuego humanitario inmediato\u00bb en Gaza.<\/p>\n<p><figure class=\"mb-3\"><img decoding=\"async\" src=\"https:\/\/www.telam.com.ar\/thumbs\/bluesteel\/advf\/imagenes\/2023\/12\/6575cdb1ce6c0_1200.jpg\" class=\" lazy \" width=\"100%\" height=\"100%\" alt=\"Foto AFP \"\/><figcaption> Foto: AFP. <\/figcaption><\/figure>\n<p>Las declaraciones del jefe de la diplomacia israel\u00ed llegaron adem\u00e1s un d\u00eda despu\u00e9s de que el presidente estadounidense, Joe Biden, deplorara los \u00abbombardeos indiscriminados\u00bb sobre Gaza, en un inusual cuestionamiento a Israel de su principal aliado y pese a que Washington acaba de enviarle ayuda militar y vetar una resoluci\u00f3n del Consejo de Seguridad de la ONU que ped\u00eda un cese del fuego en Gaza.<\/p>\n<p>La escalada de violencia comenz\u00f3 con el ataque de milicianos de Hamas en el sur de Israel el 7 de octubre, donde asesinaron a 1.200 personas, en su mayor\u00eda civiles, y secuestraron a otras 240, incluyendo una veintena de argentinos.<\/p>\n<p>La ofensiva a\u00e9rea y terrestre israel\u00ed en Gaza ha provocado la muerte de m\u00e1s de 18.400 palestinos, en su mayor\u00eda civiles, y heridas a m\u00e1s de 50.000 en poco m\u00e1s de dos meses. Casi el 85% de los 2,3 millones de habitantes de Gaza se han visto obligados a huir de sus hogares, y gran parte del norte del territorio ha quedado destruido. <\/p>\n<\/div>\n<p><script async defer crossorigin=\"anonymous\" src=\"https:\/\/connect.facebook.net\/es_LA\/sdk.js#xfbml=1&#038;version=v12.0\" nonce=\"SBlHQzIF\"><\/script><br \/>\n<br \/>[ad_2]<br \/>\n<br \/><a href=\"https:\/\/www.telam.com.ar\/notas\/202312\/649438-gaza-netanyahu.html\">Source link <\/a><\/p>\n","protected":false},"excerpt":{"rendered":"<p>[ad_1] Netanyahu: \u00abNada nos detendr\u00e1\u00bb VER VIDEO El primer ministro israel\u00ed, Benjamin Netanyahu, expres\u00f3 este mi\u00e9rcoles que \u00abnada\u00bb lo detendr\u00e1 en su ofensiva contra el movimiento islamista palestino Hamas en la Franja de Gaza, en medio de una creciente presi\u00f3n internacional para un alto el fuego. \u00abContinuaremos hasta el final. No hay duda alguna. Lo [&hellip;]<\/p>\n","protected":false},"author":1,"featured_media":1899,"comment_status":"open","ping_status":"open","sticky":false,"template":"","format":"standard","meta":{"_et_pb_use_builder":"","_et_pb_old_content":"","_et_gb_content_width":"","_uag_custom_page_level_css":"","footnotes":""},"categories":[1],"tags":[],"uagb_featured_image_src":{"full":["https:\/\/elementor.radiosenvivo.com.ar\/wp-content\/uploads\/2023\/12\/657a420957387_450.jpg",450,253,false],"thumbnail":["https:\/\/elementor.radiosenvivo.com.ar\/wp-content\/uploads\/2023\/12\/657a420957387_450-150x150.jpg",150,150,true],"medium":["https:\/\/elementor.radiosenvivo.com.ar\/wp-content\/uploads\/2023\/12\/657a420957387_450-300x169.jpg",300,169,true],"medium_large":["https:\/\/elementor.radiosenvivo.com.ar\/wp-content\/uploads\/2023\/12\/657a420957387_450.jpg",450,253,false],"large":["https:\/\/elementor.radiosenvivo.com.ar\/wp-content\/uploads\/2023\/12\/657a420957387_450.jpg",450,253,false],"1536x1536":["https:\/\/elementor.radiosenvivo.com.ar\/wp-content\/uploads\/2023\/12\/657a420957387_450.jpg",450,253,false],"2048x2048":["https:\/\/elementor.radiosenvivo.com.ar\/wp-content\/uploads\/2023\/12\/657a420957387_450.jpg",450,253,false],"et-pb-post-main-image":["https:\/\/elementor.radiosenvivo.com.ar\/wp-content\/uploads\/2023\/12\/657a420957387_450-400x250.jpg",400,250,true],"et-pb-post-main-image-fullwidth":["https:\/\/elementor.radiosenvivo.com.ar\/wp-content\/uploads\/2023\/12\/657a420957387_450.jpg",450,253,false],"et-pb-portfolio-image":["https:\/\/elementor.radiosenvivo.com.ar\/wp-content\/uploads\/2023\/12\/657a420957387_450-400x253.jpg",400,253,true],"et-pb-portfolio-module-image":["https:\/\/elementor.radiosenvivo.com.ar\/wp-content\/uploads\/2023\/12\/657a420957387_450.jpg",450,253,false],"et-pb-portfolio-image-single":["https:\/\/elementor.radiosenvivo.com.ar\/wp-content\/uploads\/2023\/12\/657a420957387_450.jpg",450,253,false],"et-pb-gallery-module-image-portrait":["https:\/\/elementor.radiosenvivo.com.ar\/wp-content\/uploads\/2023\/12\/657a420957387_450-400x253.jpg",400,253,true],"et-pb-post-main-image-fullwidth-large":["https:\/\/elementor.radiosenvivo.com.ar\/wp-content\/uploads\/2023\/12\/657a420957387_450.jpg",450,253,false],"et-pb-image--responsive--desktop":["https:\/\/elementor.radiosenvivo.com.ar\/wp-content\/uploads\/2023\/12\/657a420957387_450.jpg",450,253,false],"et-pb-image--responsive--tablet":["https:\/\/elementor.radiosenvivo.com.ar\/wp-content\/uploads\/2023\/12\/657a420957387_450.jpg",450,253,false],"et-pb-image--responsive--phone":["https:\/\/elementor.radiosenvivo.com.ar\/wp-content\/uploads\/2023\/12\/657a420957387_450.jpg",450,253,false]},"uagb_author_info":{"display_name":"admin","author_link":"https:\/\/elementor.radiosenvivo.com.ar\/index.php\/author\/admin\/"},"uagb_comment_info":0,"uagb_excerpt":"[ad_1] Netanyahu: \u00abNada nos detendr\u00e1\u00bb VER VIDEO El primer ministro israel\u00ed, Benjamin Netanyahu, expres\u00f3 este mi\u00e9rcoles que \u00abnada\u00bb lo detendr\u00e1 en su ofensiva contra el movimiento islamista palestino Hamas en la Franja de Gaza, en medio de una creciente presi\u00f3n internacional para un alto el fuego. \u00abContinuaremos hasta el final. No hay duda alguna. Lo&hellip;","_links":{"self":[{"href":"https:\/\/elementor.radiosenvivo.com.ar\/index.php\/wp-json\/wp\/v2\/posts\/1898"}],"collection":[{"href":"https:\/\/elementor.radiosenvivo.com.ar\/index.php\/wp-json\/wp\/v2\/posts"}],"about":[{"href":"https:\/\/elementor.radiosenvivo.com.ar\/index.php\/wp-json\/wp\/v2\/types\/post"}],"author":[{"embeddable":true,"href":"https:\/\/elementor.radiosenvivo.com.ar\/index.php\/wp-json\/wp\/v2\/users\/1"}],"replies":[{"embeddable":true,"href":"https:\/\/elementor.radiosenvivo.com.ar\/index.php\/wp-json\/wp\/v2\/comments?post=1898"}],"version-history":[{"count":0,"href":"https:\/\/elementor.radiosenvivo.com.ar\/index.php\/wp-json\/wp\/v2\/posts\/1898\/revisions"}],"wp:featuredmedia":[{"embeddable":true,"href":"https:\/\/elementor.radiosenvivo.com.ar\/index.php\/wp-json\/wp\/v2\/media\/1899"}],"wp:attachment":[{"href":"https:\/\/elementor.radiosenvivo.com.ar\/index.php\/wp-json\/wp\/v2\/media?parent=1898"}],"wp:term":[{"taxonomy":"category","embeddable":true,"href":"https:\/\/elementor.radiosenvivo.com.ar\/index.php\/wp-json\/wp\/v2\/categories?post=1898"},{"taxonomy":"post_tag","embeddable":true,"href":"https:\/\/elementor.radiosenvivo.com.ar\/index.php\/wp-json\/wp\/v2\/tags?post=1898"}],"curies":[{"name":"wp","href":"https:\/\/api.w.org\/{rel}","templated":true}]}}