{"id":1888,"date":"2023-12-10T17:35:15","date_gmt":"2023-12-10T17:35:15","guid":{"rendered":"https:\/\/elementor.radiosenvivo.com.ar\/index.php\/2023\/12\/10\/hoy-comienza-una-nueva-era\/"},"modified":"2023-12-10T17:35:15","modified_gmt":"2023-12-10T17:35:15","slug":"hoy-comienza-una-nueva-era","status":"publish","type":"post","link":"https:\/\/elementor.radiosenvivo.com.ar\/index.php\/2023\/12\/10\/hoy-comienza-una-nueva-era\/","title":{"rendered":"&#8216;Hoy comienza una nueva era&#8217;"},"content":{"rendered":"<p> [ad_1]<br \/>\n<\/p>\n<div>\n<figure class=\"mb-3\"><img decoding=\"async\" src=\"https:\/\/www.telam.com.ar\/thumbs\/bluesteel\/advf\/imagenes\/2023\/12\/6575e6e932e6b_1200.jpg\" class=\" lazy \" width=\"100%\" height=\"100%\" alt=\"Foto Leo Vaca\"\/><figcaption> Foto: Leo Vaca. <\/figcaption><\/figure>\n<p> El presidente Javier Milei afirm\u00f3, en su primer discurso como jefe de Estado, que <strong>\u00abcomienza hoy una nueva era en la Argentina\u00bb<\/strong> que dar\u00e1 por terminada \u00abuna larga y triste historia de decadencia y declive\u00bb, pero advirti\u00f3 que su gobierno aplicar\u00e1 un duro ajuste que <strong>\u00abimpactar\u00e1 de modo negativo sobre el nivel de actividad econ\u00f3mica, empleo, salarios reales y cantidad de pobres e indigentes\u00bb.<\/strong><\/p>\n<p>Durante unos 35 minutos, Milei brind\u00f3 su discurso en las escalinatas del Congreso nacional, tras la jura y recibir los atributos de mando en la Asamblea Legislativa que se desarroll\u00f3 en el recinto de la C\u00e1mara de Diputados.<\/p>\n<blockquote class=\"twitter-tweet\">\n<p lang=\"es\" dir=\"ltr\">Desde las escalinatas del Congreso de la Naci\u00f3n, el flamante mandatario afirm\u00f3 que su gobierno dar\u00e1 por \u00abterminada una larga y triste historia de decadencia\u00bb, comenzando \u00abel camino de reconstrucci\u00f3n\u00bb de la Argentina <a href=\"https:\/\/t.co\/lHATCyii2v\">pic.twitter.com\/lHATCyii2v<\/a><\/p>\n<p>\u2014 Agencia T\u00e9lam (@AgenciaTelam) <a href=\"https:\/\/twitter.com\/AgenciaTelam\/status\/1733878223560224989?ref_src=twsrc%5Etfw\">December 10, 2023<\/a><\/p><\/blockquote>\n<p> En su mensaje, detall\u00f3 que \u00abning\u00fan gobierno ha recibido una herencia\u00bb econ\u00f3mica \u00abpeor\u00bb de la que le toca al suyo y destac\u00f3 que la saliente gesti\u00f3n de Alberto Fern\u00e1ndez dej\u00f3<strong> \u00abplantada una inflaci\u00f3n\u00bb potencial \u00abde 52% mensual\u00bb y \u00ab15.000% anual\u00bb.<\/strong><\/p>\n<p>\u00ab<strong>Nos han dejado plantada una hiperinflaci\u00f3n. Vamos a luchar con u\u00f1as y dientes para erradicarla. Vamos a hacer los m\u00e1ximos esfuerzos posibles para impedir esta cat\u00e1strofe<\/strong>\u00bb que, afirm\u00f3, dejar\u00eda al \u00ab90% de la poblaci\u00f3n en pobreza\u00bb y al \u00ab50%\u00bb de ella, en la indigencia, explic\u00f3.<\/p>\n<div class=\"video_repositive\"> <i class=\"far fa-window-close\"\/> <\/p>\n<div id=\"23Dt5YCTCUQ\" class=\"video_telam\" style=\"background-image:url('https:\/\/img.youtube.com\/vi\/23Dt5YCTCUQ\/hqdefault.jpg');background-position: center center;\">\n<div class=\"feature_article_inner\">\n<p><h2 class=\"text-center\">Milei\u00bb Hay un modelo que ha fracasado en todo el mundo y especialmente en Argentina\u00bb<\/h2>\n<\/p><\/div>\n<p>VER VIDEO <i class=\"fas fa-play\"\/><\/p>\n<\/p><\/div>\n<\/p><\/div>\n<p>Y agreg\u00f3: \u00abHoy comienza una nueva era en la Argentina. <strong>El desaf\u00edo que tenemos por delante es tit\u00e1nico<\/strong>\u00ab, adelant\u00f3 el nuevo presidente en un discurso que fue transmitido por cadena nacional y que pronunci\u00f3 desde las escalinatas del Congreso nacional, acompa\u00f1ado por la vicepresidenta <strong>Victoria Villarruel<\/strong>, sus funcionarios designados e integrantes de las delegaciones extranjeras, entre ellos el presidente de Ucrania, <strong>Volodimir Zelenski<\/strong>.<\/p>\n<p><figure class=\"mb-3\"><img decoding=\"async\" src=\"https:\/\/www.telam.com.ar\/thumbs\/bluesteel\/advf\/imagenes\/2023\/12\/6575f1447b639_1200.jpg\" class=\" lazy \" width=\"100%\" height=\"100%\" alt=\"Foto Florencia Downes\"\/><figcaption> Foto: Florencia Downes <\/figcaption><\/figure>\n<p>Antes de ello, Milei recibi\u00f3 los atributos de presidente en el recinto parlamentario y ante la Asamblea Legislativa constituida para ese motivo. Lo hizo de manos de Alberto Fern\u00e1ndez y Cristina Fern\u00e1ndez de Kirchner.<\/p>\n<p>El flamante mandatario sostuvo que<strong> los argentinos deber\u00e1n afrontar un per\u00edodo de estanflaci\u00f3n<\/strong>, la combinaci\u00f3n entre altos niveles de inflaci\u00f3n y ca\u00edda de la actividad econ\u00f3mica. <strong>\u00abTengo que dec\u00edrselos de nuevo: no hay plata\u00bb<\/strong>, sentenci\u00f3.<\/p>\n<blockquote class=\"twitter-tweet\">\n<p lang=\"es\" dir=\"ltr\"><a href=\"https:\/\/twitter.com\/hashtag\/Asunci%C3%B3nPresidencial?src=hash&amp;ref_src=twsrc%5Etfw\">#Asunci\u00f3nPresidencial<\/a> \ud83c\udde6\ud83c\uddf7 El presidente Javier Milei afirm\u00f3 que \u00abhoy comienza una nueva era en la Argentina\u00bb y \u00abdamos por terminada una larga y triste historia de decadencia y declive, y comenzamos el camino de reconstrucci\u00f3n de nuestro pa\u00eds\u00bb <a href=\"https:\/\/t.co\/EQGexyUwI8\">pic.twitter.com\/EQGexyUwI8<\/a><\/p>\n<p>\u2014 Agencia T\u00e9lam (@AgenciaTelam) <a href=\"https:\/\/twitter.com\/AgenciaTelam\/status\/1733869107487883766?ref_src=twsrc%5Etfw\">December 10, 2023<\/a><\/p><\/blockquote>\n<p>El <strong>ajuste <\/strong>que pondr\u00e1 en marcha, seg\u00fan advirti\u00f3, \u00abimpactar\u00e1 de modo negativo sobre el nivel de actividad, empleo, salarios reales y cantidad de pobres e indigentes\u00bb, aunque prometi\u00f3 que recaer\u00e1, <strong>\u00aben un 90%\u00bb, sobre el Estado.<\/strong><\/p>\n<p><strong>\u00abHabr\u00e1 estanflaci\u00f3n\u00bb<\/strong>, reiter\u00f3, pero aclar\u00f3 que \u00abno es algo muy distinto a lo que pas\u00f3 en los \u00faltimos 12 a\u00f1os, cuando el PBI per c\u00e1pita cay\u00f3 15% en un contexto donde acumulamos 5.000% de inflaci\u00f3n\u00bb.<\/p>\n<p>Sin embargo, mencion\u00f3 que sus medidas al frente del gobierno tienen \u00e9xito, ser\u00e1 <strong>\u00abel \u00faltimo mal trago\u00bb<\/strong> que soportar\u00e1 la sociedad antes de \u00abcomenzar la reconstrucci\u00f3n de la Argentina. Habr\u00e1 luz al final del camino\u00bb, prometi\u00f3.<\/p>\n<p><figure class=\"mb-3\"><img decoding=\"async\" src=\"https:\/\/www.telam.com.ar\/thumbs\/bluesteel\/advf\/imagenes\/2023\/12\/6575e2156dd29_1200.jpg\" class=\" lazy \" width=\"100%\" height=\"100%\" alt=\"Foto Leo Vaca\"\/><figcaption> Foto: Leo Vaca. <\/figcaption><\/figure>\n<p>\u00abMilei, querido, el pueblo est\u00e1 contigo\u00bb y \u00abLibertad, libertad\u00bb, cantaron los asistentes situados frente al edificio legislativo en diferentes tramos del discurso que ley\u00f3 el Presidente, inclusive cuando anunci\u00f3 la puesta en marcha de fuertes medidas de \u00abajuste\u00bb.<\/p>\n<p>El nuevo jefe de Estado tambi\u00e9n se comprometi\u00f3 a luchar contra el delito, especialmente el narcotr\u00e1fico en la ciudad santafesina de Rosario.<\/p>\n<p><figure class=\"mb-3\"><img decoding=\"async\" src=\"https:\/\/www.telam.com.ar\/thumbs\/bluesteel\/advf\/imagenes\/2023\/12\/6575e6e94ce19_1200.jpg\" class=\" lazy \" width=\"100%\" height=\"100%\" alt=\"Foto Leo Vaca\"\/><figcaption> Foto: Leo Vaca. <\/figcaption><\/figure>\n<p>\u00abEl narcotr\u00e1fico se apoder\u00f3 de nuestras calles y las fuerzas de seguridad han sido humilladas y abandonadas\u00bb durante los \u00faltimos a\u00f1os. <strong>\u00abSe acab\u00f3 con el &#8216;siga, siga&#8217; de los delincuentes<\/strong>\u00ab, advirti\u00f3 Milei.<\/p>\n<p>En la puerta del Congreso de la Naci\u00f3n, Milei estuvo acompa\u00f1ado, a ambos lados, por quienes integrar\u00e1n su gabinete de ministros y secretarios. Entre ellos estuvo su hermana, Karina, quien lo acompa\u00f1\u00f3 en todo el recorrido hacia el Congreso.<\/p>\n<p><figure class=\"mb-3\"><img decoding=\"async\" src=\"https:\/\/www.telam.com.ar\/thumbs\/bluesteel\/advf\/imagenes\/2023\/12\/6575f14492f15_1200.jpg\" class=\" lazy \" width=\"100%\" height=\"100%\" alt=\"Foto Florencia Downes\"\/><figcaption> Foto: Florencia Downes <\/figcaption><\/figure>\n<p>\u00abHola a todos\u00bb, dijo al comenzar su discurso, tal como hizo durante gran parte de la campa\u00f1a electoral que lo llev\u00f3 a la presidencia, recitando los primeros versos de la canci\u00f3n \u00abPanic show\u00bb, de La Renga.<\/p>\n<\/div>\n<p><script async src=\"\/\/platform.twitter.com\/widgets.js\" charset=\"utf-8\"><\/script><script async defer crossorigin=\"anonymous\" src=\"https:\/\/connect.facebook.net\/es_LA\/sdk.js#xfbml=1&#038;version=v12.0\" nonce=\"SBlHQzIF\"><\/script><br \/>\n<br \/>[ad_2]<br \/>\n<br \/><a href=\"https:\/\/www.telam.com.ar\/notas\/202312\/649095-milei-discurso-presidencia-congreso.html\">Source link <\/a><\/p>\n","protected":false},"excerpt":{"rendered":"<p>[ad_1] Foto: Leo Vaca. El presidente Javier Milei afirm\u00f3, en su primer discurso como jefe de Estado, que \u00abcomienza hoy una nueva era en la Argentina\u00bb que dar\u00e1 por terminada \u00abuna larga y triste historia de decadencia y declive\u00bb, pero advirti\u00f3 que su gobierno aplicar\u00e1 un duro ajuste que \u00abimpactar\u00e1 de modo negativo sobre el [&hellip;]<\/p>\n","protected":false},"author":1,"featured_media":1889,"comment_status":"open","ping_status":"open","sticky":false,"template":"","format":"standard","meta":{"_et_pb_use_builder":"","_et_pb_old_content":"","_et_gb_content_width":"","_uag_custom_page_level_css":"","footnotes":""},"categories":[12],"tags":[],"uagb_featured_image_src":{"full":["https:\/\/elementor.radiosenvivo.com.ar\/wp-content\/uploads\/2023\/12\/6575ece1ad9cb_450.jpg",450,253,false],"thumbnail":["https:\/\/elementor.radiosenvivo.com.ar\/wp-content\/uploads\/2023\/12\/6575ece1ad9cb_450-150x150.jpg",150,150,true],"medium":["https:\/\/elementor.radiosenvivo.com.ar\/wp-content\/uploads\/2023\/12\/6575ece1ad9cb_450-300x169.jpg",300,169,true],"medium_large":["https:\/\/elementor.radiosenvivo.com.ar\/wp-content\/uploads\/2023\/12\/6575ece1ad9cb_450.jpg",450,253,false],"large":["https:\/\/elementor.radiosenvivo.com.ar\/wp-content\/uploads\/2023\/12\/6575ece1ad9cb_450.jpg",450,253,false],"1536x1536":["https:\/\/elementor.radiosenvivo.com.ar\/wp-content\/uploads\/2023\/12\/6575ece1ad9cb_450.jpg",450,253,false],"2048x2048":["https:\/\/elementor.radiosenvivo.com.ar\/wp-content\/uploads\/2023\/12\/6575ece1ad9cb_450.jpg",450,253,false],"et-pb-post-main-image":["https:\/\/elementor.radiosenvivo.com.ar\/wp-content\/uploads\/2023\/12\/6575ece1ad9cb_450-400x250.jpg",400,250,true],"et-pb-post-main-image-fullwidth":["https:\/\/elementor.radiosenvivo.com.ar\/wp-content\/uploads\/2023\/12\/6575ece1ad9cb_450.jpg",450,253,false],"et-pb-portfolio-image":["https:\/\/elementor.radiosenvivo.com.ar\/wp-content\/uploads\/2023\/12\/6575ece1ad9cb_450-400x253.jpg",400,253,true],"et-pb-portfolio-module-image":["https:\/\/elementor.radiosenvivo.com.ar\/wp-content\/uploads\/2023\/12\/6575ece1ad9cb_450.jpg",450,253,false],"et-pb-portfolio-image-single":["https:\/\/elementor.radiosenvivo.com.ar\/wp-content\/uploads\/2023\/12\/6575ece1ad9cb_450.jpg",450,253,false],"et-pb-gallery-module-image-portrait":["https:\/\/elementor.radiosenvivo.com.ar\/wp-content\/uploads\/2023\/12\/6575ece1ad9cb_450-400x253.jpg",400,253,true],"et-pb-post-main-image-fullwidth-large":["https:\/\/elementor.radiosenvivo.com.ar\/wp-content\/uploads\/2023\/12\/6575ece1ad9cb_450.jpg",450,253,false],"et-pb-image--responsive--desktop":["https:\/\/elementor.radiosenvivo.com.ar\/wp-content\/uploads\/2023\/12\/6575ece1ad9cb_450.jpg",450,253,false],"et-pb-image--responsive--tablet":["https:\/\/elementor.radiosenvivo.com.ar\/wp-content\/uploads\/2023\/12\/6575ece1ad9cb_450.jpg",450,253,false],"et-pb-image--responsive--phone":["https:\/\/elementor.radiosenvivo.com.ar\/wp-content\/uploads\/2023\/12\/6575ece1ad9cb_450.jpg",450,253,false]},"uagb_author_info":{"display_name":"admin","author_link":"https:\/\/elementor.radiosenvivo.com.ar\/index.php\/author\/admin\/"},"uagb_comment_info":0,"uagb_excerpt":"[ad_1] Foto: Leo Vaca. El presidente Javier Milei afirm\u00f3, en su primer discurso como jefe de Estado, que \u00abcomienza hoy una nueva era en la Argentina\u00bb que dar\u00e1 por terminada \u00abuna larga y triste historia de decadencia y declive\u00bb, pero advirti\u00f3 que su gobierno aplicar\u00e1 un duro ajuste que \u00abimpactar\u00e1 de modo negativo sobre el&hellip;","_links":{"self":[{"href":"https:\/\/elementor.radiosenvivo.com.ar\/index.php\/wp-json\/wp\/v2\/posts\/1888"}],"collection":[{"href":"https:\/\/elementor.radiosenvivo.com.ar\/index.php\/wp-json\/wp\/v2\/posts"}],"about":[{"href":"https:\/\/elementor.radiosenvivo.com.ar\/index.php\/wp-json\/wp\/v2\/types\/post"}],"author":[{"embeddable":true,"href":"https:\/\/elementor.radiosenvivo.com.ar\/index.php\/wp-json\/wp\/v2\/users\/1"}],"replies":[{"embeddable":true,"href":"https:\/\/elementor.radiosenvivo.com.ar\/index.php\/wp-json\/wp\/v2\/comments?post=1888"}],"version-history":[{"count":0,"href":"https:\/\/elementor.radiosenvivo.com.ar\/index.php\/wp-json\/wp\/v2\/posts\/1888\/revisions"}],"wp:featuredmedia":[{"embeddable":true,"href":"https:\/\/elementor.radiosenvivo.com.ar\/index.php\/wp-json\/wp\/v2\/media\/1889"}],"wp:attachment":[{"href":"https:\/\/elementor.radiosenvivo.com.ar\/index.php\/wp-json\/wp\/v2\/media?parent=1888"}],"wp:term":[{"taxonomy":"category","embeddable":true,"href":"https:\/\/elementor.radiosenvivo.com.ar\/index.php\/wp-json\/wp\/v2\/categories?post=1888"},{"taxonomy":"post_tag","embeddable":true,"href":"https:\/\/elementor.radiosenvivo.com.ar\/index.php\/wp-json\/wp\/v2\/tags?post=1888"}],"curies":[{"name":"wp","href":"https:\/\/api.w.org\/{rel}","templated":true}]}}