{"id":1886,"date":"2023-12-10T17:23:27","date_gmt":"2023-12-10T17:23:27","guid":{"rendered":"https:\/\/elementor.radiosenvivo.com.ar\/index.php\/2023\/12\/10\/nos-dejaron-plantada-una-inflacion-de-15-mil-por-ciento-anual-las-noticias-mas-importantes-de-chaco\/"},"modified":"2023-12-10T17:23:27","modified_gmt":"2023-12-10T17:23:27","slug":"nos-dejaron-plantada-una-inflacion-de-15-mil-por-ciento-anual-las-noticias-mas-importantes-de-chaco","status":"publish","type":"post","link":"https:\/\/elementor.radiosenvivo.com.ar\/index.php\/2023\/12\/10\/nos-dejaron-plantada-una-inflacion-de-15-mil-por-ciento-anual-las-noticias-mas-importantes-de-chaco\/","title":{"rendered":"\u201cNos dejaron plantada una inflaci\u00f3n de 15 mil por ciento anual\u201d \u2013 Las noticias m\u00e1s importantes de Chaco"},"content":{"rendered":"<p> [ad_1]<br \/>\n<\/p>\n<div id=\"penci-post-entry-inner\">\n<p>En su primer discurso como Presidente de la Naci\u00f3n, Javier Milei hizo foco en la herencia que recibi\u00f3 y las complejas dificultades econ\u00f3micas que enfrentar\u00e1 su gesti\u00f3n. Tambi\u00e9n le dedic\u00f3 palabras a la seguridad y al deterioro educativo del pa\u00eds. Adem\u00e1s, prometi\u00f3 que no habr\u00e1 \u201cvendettas\u201d contra pol\u00edticos de otros partidos y prometi\u00f3 que los piqueteros que corten calles no cobrar\u00e1n planes sociales.<\/p>\n<p>El jefe de Estado plante\u00f3 que el gobierno de Alberto Fern\u00e1ndez le dej\u00f3 \u201cplantada\u201d una \u201cinflaci\u00f3n anual de 15 mil por ciento\u201d. Por ese motivo -asegur\u00f3-dijo que no hay una soluci\u00f3n alternativa al ajuste.<\/p>\n<p>Ese ajuste, prometi\u00f3, \u201ccaer\u00e1 casi totalmente sobre el Estado y no sobre el sector privado\u201d.<\/p>\n<p>\u201cLa conclusi\u00f3n es que no hay alternativa al ajuste y no hay alternativa al shock, naturalmente eso repercutir\u00e1 de modo negativo sobre el nivel de actividad, el empleo, los salarios reales, la cantidad de pobres e indigentes\u201d, sintetiz\u00f3.<\/p>\n<p>Milei habl\u00f3 en las afueras del Congreso, frente a la Plaza, rodeado de presidentes y l\u00edderes de todo el mundo que llegaron a la Argentina para participar de los actos protocolares de asunci\u00f3n. Fueron 34 minutos y en un clima casi de verano, con sol radiante y 26 grados de temperatura.<\/p>\n<p>En el escenario estuvieron en primera fila y a la derecha del presidente electo Zelensky, el armenio Vahagn Jachaturi\u00e1n, el chileno Gabriel Boric y el rey Felipe VI de Espa\u00f1a. Y a su izquierda el paraguayo Santiago Pe\u00f1a, el uruguayo Luis Lacalle, el ecuatoriano Daniel Noboa, Viktor Orban (Hungr\u00eda) y el ex presidente de Brasil Jair Bolsonaro.<\/p>\n<p>\u201cHabr\u00e1 estanflaci\u00f3n, es cierto, pero no es algo muy distinto a lo que ha pasado en los \u00faltimos 12 a\u00f1os\u201d, desarroll\u00f3.<\/p>\n<p>\u201cRecordemos que en los \u00faltimos 12 a\u00f1os, el PBI per c\u00e1pita ha ca\u00eddo 15% en un contexto donde acumulamos 5000% de inflaci\u00f3n; hace m\u00e1s de una d\u00e9cada que vivimos en estanflaci\u00f3n, por lo tanto este es el \u00faltimo mal trago para iniciar la reconstrucci\u00f3n de Argentina\u201d, complet\u00f3.<\/p>\n<p>Seguridad<br \/>El segundo cap\u00edtulo de su discurso estuvo orientado a \u201cla vida en comunidad\u201d y la seguridad, uno de los principales reclamos de la ciudadan\u00eda.<\/p>\n<p>\u201cArgentina se ha convertido en un ba\u00f1o de sangre, los delincuentes caminan libres mientras los argentinos de bien se encierran tras las rejas, el narcotr\u00e1fico se apoder\u00f3 lentamente de nuestras calles a punto tal que una de las ciudades m\u00e1s importantes ha sido secuestrada por los narcos y la violencia\u201d, describi\u00f3.<\/p>\n<p>Y prometi\u00f3: \u201cSe acab\u00f3 con el siga-siga de los delincuentes\u201d.<\/p>\n<p>\u201cEn materia social estamos recibiendo un pa\u00eds donde la mitad del pa\u00eds es pobre, con el tejido social roto. M\u00e1s de 20 millones de argentinos no pueden vivir una vida digna porque son presos de un sistema que genera m\u00e1s pobreza. Los planes contra la pobreza generan m\u00e1s pobreza. La \u00fanica forma de salir de la pobreza es con m\u00e1s libertad\u201d, continu\u00f3.<\/p>\n<p>Educaci\u00f3n<br \/>En materia educativa, Milei destac\u00f3: \u201cPara que tengan en cuenta el deterioro que vivimos, s\u00f3lo el 16% de los chicos se reciben en tiempo y forma en la escuela, s\u00f3lo 16 de cada 100, el 84% no termina la escuela en tiempo y forma\u201d.<\/p>\n<p>\u201cA su vez el 70% de los que s\u00ed terminan la escuela no pueden resolver un problema de matem\u00e1tico b\u00e1sico o comprender un texto\u201d, prosigui\u00f3 en alusi\u00f3n a los resultados conocidos recientemente de las pruebas PISA.<\/p>\n<p>\u201cSi se levantara Sarmiento y vieran lo que hicieron con la discusi\u00f3n\u201d, reflexion\u00f3.<\/p>\n<p>El mensaje de Javier Milei a la clase pol\u00edtica<br \/>\u201cLa clase pol\u00edtica deja al pa\u00eds al borde de la crisis m\u00e1s profunda de nuestra historia, cada uno de ellos tendr\u00e1 que hacerse cargo de su propia responsabilidad, no es tarea m\u00eda se\u00f1alarlos\u201d, dijo. \u201cNo buscamos ni deseamos las duras decisiones que habr\u00e1 que tomar en las pr\u00f3ximas semanas, pero lamentablemente no nos han dejado opci\u00f3n\u201d, reiter\u00f3.<\/p>\n<p>\u201cVamos a tomar todas las decisiones necesarias para arreglar el problema que causaron 100 a\u00f1os de despilfarro de la clase pol\u00edtica a\u00fan cuando el principio sea duro\u201d, machac\u00f3.<\/p>\n<p>\u201cEn cuanto a la clase pol\u00edtica argentina, quiero decirles que no venimos a perseguir a nadie, no venimos a saldar viejas vendettas o discutir espacios de poder, nuestro proyecto no es un proyecto de poder, es un proyecto de pa\u00eds. No pedimos acompa\u00f1amiento ciego, pero no vamos a tolerar que la hipocres\u00eda interfieran con el cambio que los argentinos elegimos. A todos aquellos dirigentes pol\u00edticos, sindicales y empresariales que quieran sumarse a la nueva Argentina los recibimos con los brazos abiertos\u201d, explic\u00f3.<\/p>\n<p>\u201cNo importa de d\u00f3nde vengan, no importa lo que hayan hecho antes, lo \u00fanico que importa es hacia d\u00f3nde quieren ir. Aquellos que quieren utilizar la violencia o la extorsi\u00f3n para obstaculizar el cambio, les decimos que se van a encontrar con un Presidente de convicciones inamovibles que utilizar\u00e1 todos los resortes del Estado para avanzar en los cambios que nuestro pa\u00eds necesita, no vamos a claudicar, no vamos a retroceder, no nos vamos a rendir\u201d, cerr\u00f3.<\/p>\n<p>El que corta calles no cobra planes sociales<br \/>Sobre el final del discurso, que se extendi\u00f3 durante 34 minutos, el Presidente les envi\u00f3 un mensaje claro a los piqueteros.<\/p>\n<p>\u201cEste nuevo contrato social nos propone un pa\u00eds distinto, un pa\u00eds en el que el Estado no dirija nuestras vidas, sino que vele por nuestros derechos, un pa\u00eds en el que el que las hace las paga, un pa\u00eds en el que quien corta la calle violando los derechos de sus conciudadanos no recibe la asistencia de la sociedad; puesto en otros t\u00e9rminos, el que corta no cobra\u201d, exclam\u00f3 ante los aplausos de los ciudadanos presentes.<\/p>\n<p>\u201cUn pa\u00eds que dentro de la ley permite todo, pero fuera de la ley no permite nada\u201d<\/p>\n<p>\u201cUn pa\u00eds que contiene a quienes lo necesitan, pero no se deja extorsionar por aquellos que utilizan a quienes menos tienen para enriquecerse a ellos mismos\u201d.<\/p>\n<p>El mensaje final<br \/>\u201cQue quede claro, hoy comienza una nueva era en la Argentina. El desaf\u00edo que tenemos por delante es tit\u00e1nico, pero la verdadera fortaleza de un pueblo se mide en c\u00f3mo enfrenta los desaf\u00edos cuando se presentan y cada vez que creemos que nuestra capacidad para superar esos desaf\u00edos ha sido alcanzada, miramos al cielo y recordamos que esa capacidad bien podr\u00eda ser ilimitada\u201d, dijo.<\/p>\n<p>\u201cEl desaf\u00edo es enorme, pero lo enfrentaremos con convicci\u00f3n, trabajaremos sin descanso y llegaremos a destino\u201d.<\/p>\n<p>\u201cNo es casualidad que esta inauguraci\u00f3n presidencial ocurra durante la fiesta de Januc\u00e1, la fiesta de la luz, la esencia de la libertad\u201d, indic\u00f3.<\/p>\n<p>\u201cUstedes saben que prefiero decirles una verdad inc\u00f3moda antes que una mentira confortable\u201d, complet\u00f3.<\/p>\n<\/p><\/div>\n<p>[ad_2]<br \/>\n<br \/><a href=\"https:\/\/www.diariolavozdelchaco.com\/milei-luego-de-asumir-nos-dejaron-plantada-una-inflacion-de-15-mil-por-ciento-anual\/\">Source link <\/a><\/p>\n","protected":false},"excerpt":{"rendered":"<p>[ad_1] En su primer discurso como Presidente de la Naci\u00f3n, Javier Milei hizo foco en la herencia que recibi\u00f3 y las complejas dificultades econ\u00f3micas que enfrentar\u00e1 su gesti\u00f3n. Tambi\u00e9n le dedic\u00f3 palabras a la seguridad y al deterioro educativo del pa\u00eds. Adem\u00e1s, prometi\u00f3 que no habr\u00e1 \u201cvendettas\u201d contra pol\u00edticos de otros partidos y prometi\u00f3 que [&hellip;]<\/p>\n","protected":false},"author":1,"featured_media":1887,"comment_status":"open","ping_status":"open","sticky":false,"template":"","format":"standard","meta":{"_et_pb_use_builder":"","_et_pb_old_content":"","_et_gb_content_width":"","_uag_custom_page_level_css":"","footnotes":""},"categories":[10],"tags":[],"uagb_featured_image_src":{"full":["https:\/\/elementor.radiosenvivo.com.ar\/wp-content\/uploads\/2023\/12\/Sin-titulo-22.jpg",850,507,false],"thumbnail":["https:\/\/elementor.radiosenvivo.com.ar\/wp-content\/uploads\/2023\/12\/Sin-titulo-22-150x150.jpg",150,150,true],"medium":["https:\/\/elementor.radiosenvivo.com.ar\/wp-content\/uploads\/2023\/12\/Sin-titulo-22-300x179.jpg",300,179,true],"medium_large":["https:\/\/elementor.radiosenvivo.com.ar\/wp-content\/uploads\/2023\/12\/Sin-titulo-22-768x458.jpg",768,458,true],"large":["https:\/\/elementor.radiosenvivo.com.ar\/wp-content\/uploads\/2023\/12\/Sin-titulo-22.jpg",850,507,false],"1536x1536":["https:\/\/elementor.radiosenvivo.com.ar\/wp-content\/uploads\/2023\/12\/Sin-titulo-22.jpg",850,507,false],"2048x2048":["https:\/\/elementor.radiosenvivo.com.ar\/wp-content\/uploads\/2023\/12\/Sin-titulo-22.jpg",850,507,false],"et-pb-post-main-image":["https:\/\/elementor.radiosenvivo.com.ar\/wp-content\/uploads\/2023\/12\/Sin-titulo-22-400x250.jpg",400,250,true],"et-pb-post-main-image-fullwidth":["https:\/\/elementor.radiosenvivo.com.ar\/wp-content\/uploads\/2023\/12\/Sin-titulo-22.jpg",850,507,false],"et-pb-portfolio-image":["https:\/\/elementor.radiosenvivo.com.ar\/wp-content\/uploads\/2023\/12\/Sin-titulo-22-400x284.jpg",400,284,true],"et-pb-portfolio-module-image":["https:\/\/elementor.radiosenvivo.com.ar\/wp-content\/uploads\/2023\/12\/Sin-titulo-22-510x382.jpg",510,382,true],"et-pb-portfolio-image-single":["https:\/\/elementor.radiosenvivo.com.ar\/wp-content\/uploads\/2023\/12\/Sin-titulo-22.jpg",850,507,false],"et-pb-gallery-module-image-portrait":["https:\/\/elementor.radiosenvivo.com.ar\/wp-content\/uploads\/2023\/12\/Sin-titulo-22-400x507.jpg",400,507,true],"et-pb-post-main-image-fullwidth-large":["https:\/\/elementor.radiosenvivo.com.ar\/wp-content\/uploads\/2023\/12\/Sin-titulo-22.jpg",850,507,false],"et-pb-image--responsive--desktop":["https:\/\/elementor.radiosenvivo.com.ar\/wp-content\/uploads\/2023\/12\/Sin-titulo-22.jpg",850,507,false],"et-pb-image--responsive--tablet":["https:\/\/elementor.radiosenvivo.com.ar\/wp-content\/uploads\/2023\/12\/Sin-titulo-22.jpg",850,507,false],"et-pb-image--responsive--phone":["https:\/\/elementor.radiosenvivo.com.ar\/wp-content\/uploads\/2023\/12\/Sin-titulo-22-480x286.jpg",453,270,true]},"uagb_author_info":{"display_name":"admin","author_link":"https:\/\/elementor.radiosenvivo.com.ar\/index.php\/author\/admin\/"},"uagb_comment_info":0,"uagb_excerpt":"[ad_1] En su primer discurso como Presidente de la Naci\u00f3n, Javier Milei hizo foco en la herencia que recibi\u00f3 y las complejas dificultades econ\u00f3micas que enfrentar\u00e1 su gesti\u00f3n. Tambi\u00e9n le dedic\u00f3 palabras a la seguridad y al deterioro educativo del pa\u00eds. Adem\u00e1s, prometi\u00f3 que no habr\u00e1 \u201cvendettas\u201d contra pol\u00edticos de otros partidos y prometi\u00f3 que&hellip;","_links":{"self":[{"href":"https:\/\/elementor.radiosenvivo.com.ar\/index.php\/wp-json\/wp\/v2\/posts\/1886"}],"collection":[{"href":"https:\/\/elementor.radiosenvivo.com.ar\/index.php\/wp-json\/wp\/v2\/posts"}],"about":[{"href":"https:\/\/elementor.radiosenvivo.com.ar\/index.php\/wp-json\/wp\/v2\/types\/post"}],"author":[{"embeddable":true,"href":"https:\/\/elementor.radiosenvivo.com.ar\/index.php\/wp-json\/wp\/v2\/users\/1"}],"replies":[{"embeddable":true,"href":"https:\/\/elementor.radiosenvivo.com.ar\/index.php\/wp-json\/wp\/v2\/comments?post=1886"}],"version-history":[{"count":0,"href":"https:\/\/elementor.radiosenvivo.com.ar\/index.php\/wp-json\/wp\/v2\/posts\/1886\/revisions"}],"wp:featuredmedia":[{"embeddable":true,"href":"https:\/\/elementor.radiosenvivo.com.ar\/index.php\/wp-json\/wp\/v2\/media\/1887"}],"wp:attachment":[{"href":"https:\/\/elementor.radiosenvivo.com.ar\/index.php\/wp-json\/wp\/v2\/media?parent=1886"}],"wp:term":[{"taxonomy":"category","embeddable":true,"href":"https:\/\/elementor.radiosenvivo.com.ar\/index.php\/wp-json\/wp\/v2\/categories?post=1886"},{"taxonomy":"post_tag","embeddable":true,"href":"https:\/\/elementor.radiosenvivo.com.ar\/index.php\/wp-json\/wp\/v2\/tags?post=1886"}],"curies":[{"name":"wp","href":"https:\/\/api.w.org\/{rel}","templated":true}]}}