{"id":1878,"date":"2023-12-09T06:58:44","date_gmt":"2023-12-09T06:58:44","guid":{"rendered":"https:\/\/elementor.radiosenvivo.com.ar\/index.php\/2023\/12\/09\/zdero-y-schneider-prestaran-juramento-ante-el-poder-legislativo-las-noticias-mas-importantes-de-chaco\/"},"modified":"2023-12-09T06:58:44","modified_gmt":"2023-12-09T06:58:44","slug":"zdero-y-schneider-prestaran-juramento-ante-el-poder-legislativo-las-noticias-mas-importantes-de-chaco","status":"publish","type":"post","link":"https:\/\/elementor.radiosenvivo.com.ar\/index.php\/2023\/12\/09\/zdero-y-schneider-prestaran-juramento-ante-el-poder-legislativo-las-noticias-mas-importantes-de-chaco\/","title":{"rendered":"Zdero y Schneider\u00a0prestar\u00e1n juramento ante el Poder Legislativo \u2013 Las noticias m\u00e1s importantes de Chaco"},"content":{"rendered":"<p> [ad_1]<br \/>\n<\/p>\n<div id=\"penci-post-entry-inner\">\n<p>Leandro Zdero realizar\u00e1 hoy, a las 9, su primer discurso como gobernador del Chaco en la C\u00e1mara de Diputados. All\u00ed prestar\u00e1 juramento como gobernador y Silvana Schneider har\u00e1 lo propio como vicegobernadora ante la Legislatura, presidida ahora por Carmen Delgado Britto.<br \/>Luego de dar su primer discurso, en el cual estuvo trabajando hasta las \u00faltimas previas, asistir\u00e1 a las 11, en el Sal\u00f3n Obligado de Casa de Gobierno, al traspaso de mando, donde Jorge Capitanich le entregar\u00e1 los atributos.<br \/>En la noche, a las 20, frente a Casa de Gobierno (Mitre 50), se realizar\u00e1 la jura de todo el gabinete provincial, incluyendo ministros y secretarios. El resto de los funcionarios, como subsecretarios, presidentes y vocales de organismos aut\u00e1rquicos y descentralizados, tendr\u00e1n su acto a las 18 del lunes 11 en el Centro de Convenciones Gala (Fray Bertaca 1800).<br \/>Para el tercer acto de la jornada, Zdero y Schneider invitaron a la ciudadan\u00eda para, entre otras cosas, conmemorar los 40 a\u00f1os de democracia. El acto protocolar tendr\u00e1 su cierre, con el denominado Festival \u2013 40 a\u00f1os de Democracia del que participar\u00e1n el coro qom Chelaalap\u00ed, la Orquesta Sinf\u00f3nica de la provincia, Pilar Franzotti y Viento Norte.<br \/>Con la asunci\u00f3n de Zdero, noveno gobernador de la era democr\u00e1tica, el radicalismo volver\u00e1 a la cima del gobierno chaque\u00f1o, poder que ejerci\u00f3 desde 1995 hasta 2007 con dos gobiernos de \u00c1ngel Rozas y uno de Roy Nikisch, pero que desde entonces hasta este a\u00f1o, no hab\u00eda podido construir una oferta ganadora.<\/p>\n<p>EL GABINETE DE LEANDRO ZDERO<br \/>Secretar\u00eda de Coordinaci\u00f3n de Gabinete<br \/>Livio Guti\u00e9rrez: es abogado, fue concejal municipal; asesor de municipios; integrante del Consejo de la Magistratura Chaco, en dos oportunidades; presidente de la Microrregi\u00f3n Sudoeste II, en representaci\u00f3n de la C\u00e1mara de Comercio de Las Bre\u00f1as. Integrante de la Comisi\u00f3n Federal Cambio Clim\u00e1tico de legislaturas conectadas. Legislador provincial.<\/p>\n<p>Secretar\u00eda de Asuntos Estrat\u00e9gicos<br \/>Marcos Resico: fue dirigente universitario, coordinador del censo Programa Familia, coordinador de Unne+Salud y director de la imprenta digital Unne. Cumpli\u00f3 funciones en los municipios de Resistencia y Barranqueras. Trabaj\u00f3 en el sector privado y desarrolla una actividad comercial independiente.<br \/>Fue secretario general de Franja Morada y de la juventud radical del Chaco.<\/p>\n<p>Secretar\u00eda General de la Gobernaci\u00f3n<br \/>Carolina Meiri\u00f1o: es abogada. Fue subsecretaria de Gobierno de la Municipalidad de Resistencia y coordinadora de la Direcci\u00f3n de Defensa al Consumidor y Lealtad Comercial. Actualmente, se desempe\u00f1a en la Fiscal\u00eda Municipal.<\/p>\n<p>Asesora general de la Gobernaci\u00f3n<br \/>Alejandra Ferreyra: es abogada; mag\u00edster en Derecho Administrativo y en Legislatura Judicial. Fue asesora legal de la Secretar\u00eda Legal y T\u00e9cnica del municipio capitalino; fue secretaria relatora del Juzgado de Faltas Municipal y de la C\u00e1mara Contenciosa Administrativa.<br \/>Actualmente, es docente en la Unne, en la Universidad Cat\u00f3lica de Salta y en la Cuenca del Plata.<\/p>\n<p>Ministerio de Desarrollo Humano<br \/>Carina Botteri Disoff: es abogada, egresada de la Unne y realiz\u00f3 la Maestr\u00eda en Gesti\u00f3n P\u00fablica. Posgrado de Derecho Procesal Civil y Comercial y sobre la Protecci\u00f3n de los Consumidores en el Ordenamiento Jur\u00eddico.<br \/>Trabaj\u00f3 en el sector privado y desarrolla una actividad comercial independiente.<\/p>\n<p>Ministerio de Educaci\u00f3n, Cultura, Ciencia y Tecnolog\u00eda<br \/>Sof\u00eda Naidenoff: es profesora en Ciencias Econ\u00f3micas y realiz\u00f3 la Maestr\u00eda en Formador de Formadores Docentes, la Maestr\u00eda en Redes Digitales y el Posgrado en Gesti\u00f3n de las Organizaciones. Fue subsecretaria de Ciencia y Tecnolog\u00eda; coordinadora general de Proyectos y responsable de Capacitaci\u00f3n y Formaci\u00f3n Docente.<\/p>\n<p>Ministerio de Gobierno, Justicia, Trabajo y Derechos Humanos<br \/>Jorge Pato G\u00f3mez: es abogado y especialista en Derecho Penal. Fue fiscal en Castelli y tambi\u00e9n de la C\u00e1mara del Crimen 1 en Resistencia.<br \/>Ministerio de Hacienda y Finanzas<br \/>Alejandro Abraam: es contador p\u00fablico, egresado de la Unne. Adem\u00e1s, especialista en Sindicatura Concursal, trabaj\u00f3 en el sector privado, en finanzas y en Salud. Fue secretario de Econom\u00eda de la Municipalidad de Resistencia y actualmente, se desempe\u00f1a como director general de Administraci\u00f3n del Poder Judicial del Chaco.<\/p>\n<p>Ministerio de Infraestructura, Obras y Servicios P\u00fablicos<br \/>Hugo Dom\u00ednguez: es ingeniero en Construcciones, egresado de la Unne y mag\u00edster en Pol\u00edticas P\u00fablicas UB (Barcelona, Espa\u00f1a). Es docente universitario, fue secretario general de Extensi\u00f3n de la Unne, diputado provincial (MC) y delegado nacional de Comunicaciones.<\/p>\n<p>Ministerio de la Producci\u00f3n y el Desarrollo Econ\u00f3mico Sostenible<br \/>Hern\u00e1n Halavacs: es ingeniero agr\u00f3nomo, egresado de la Unne, y t\u00e9cnico forestal. Es productor agr\u00edcola y ganadero. Desarrolla sus actividades agr\u00edcolas en contacto con productores de toda la provincia y se especializ\u00f3 en el \u00e1rea forestal.<\/p>\n<p>Ministerio de Salud<br \/>Sergio Rodr\u00edguez: es m\u00e9dico, especialista en Medicina Interna, especialista en Infectolog\u00eda, docente titular de la C\u00e1tedra de Medicina Interna y Campos Cl\u00ednicos I. Fue director del hospital 4 de junio, jefe de Docencia, del Servicio de Infectolog\u00eda y jefe municipal del Programa de Salud de S\u00e1enz Pe\u00f1a.<\/p>\n<p>Ministerio de Seguridad<br \/>Hugo Matkovich: es abogado, egresado de la Unne. Fue ministro de Gobierno, Justicia y Trabajo; intendente en Presidencia Roca y legislador provincial (M\/C). Fue miembro de la Delegaci\u00f3n Argentina ante la Comisi\u00f3n Interamericana de Derechos Humanos; integr\u00f3 el Consejo de Seguridad Interior y el Consejo de la Magistratura y Jurado de Enjuiciamiento.<\/p>\n<\/p><\/div>\n<p>[ad_2]<br \/>\n<br \/><a href=\"https:\/\/www.diariolavozdelchaco.com\/zdero-y-schneider-prestaran-juramento-ante-el-poder-legislativo\/\">Source link <\/a><\/p>\n","protected":false},"excerpt":{"rendered":"<p>[ad_1] Leandro Zdero realizar\u00e1 hoy, a las 9, su primer discurso como gobernador del Chaco en la C\u00e1mara de Diputados. All\u00ed prestar\u00e1 juramento como gobernador y Silvana Schneider har\u00e1 lo propio como vicegobernadora ante la Legislatura, presidida ahora por Carmen Delgado Britto.Luego de dar su primer discurso, en el cual estuvo trabajando hasta las \u00faltimas [&hellip;]<\/p>\n","protected":false},"author":1,"featured_media":1879,"comment_status":"open","ping_status":"open","sticky":false,"template":"","format":"standard","meta":{"_et_pb_use_builder":"","_et_pb_old_content":"","_et_gb_content_width":"","_uag_custom_page_level_css":"","footnotes":""},"categories":[10],"tags":[],"uagb_featured_image_src":{"full":["https:\/\/elementor.radiosenvivo.com.ar\/wp-content\/uploads\/2023\/12\/03-Foto-30-4.jpg",800,519,false],"thumbnail":["https:\/\/elementor.radiosenvivo.com.ar\/wp-content\/uploads\/2023\/12\/03-Foto-30-4-150x150.jpg",150,150,true],"medium":["https:\/\/elementor.radiosenvivo.com.ar\/wp-content\/uploads\/2023\/12\/03-Foto-30-4-300x195.jpg",300,195,true],"medium_large":["https:\/\/elementor.radiosenvivo.com.ar\/wp-content\/uploads\/2023\/12\/03-Foto-30-4-768x498.jpg",768,498,true],"large":["https:\/\/elementor.radiosenvivo.com.ar\/wp-content\/uploads\/2023\/12\/03-Foto-30-4.jpg",800,519,false],"1536x1536":["https:\/\/elementor.radiosenvivo.com.ar\/wp-content\/uploads\/2023\/12\/03-Foto-30-4.jpg",800,519,false],"2048x2048":["https:\/\/elementor.radiosenvivo.com.ar\/wp-content\/uploads\/2023\/12\/03-Foto-30-4.jpg",800,519,false],"et-pb-post-main-image":["https:\/\/elementor.radiosenvivo.com.ar\/wp-content\/uploads\/2023\/12\/03-Foto-30-4-400x250.jpg",400,250,true],"et-pb-post-main-image-fullwidth":["https:\/\/elementor.radiosenvivo.com.ar\/wp-content\/uploads\/2023\/12\/03-Foto-30-4.jpg",800,519,false],"et-pb-portfolio-image":["https:\/\/elementor.radiosenvivo.com.ar\/wp-content\/uploads\/2023\/12\/03-Foto-30-4-400x284.jpg",400,284,true],"et-pb-portfolio-module-image":["https:\/\/elementor.radiosenvivo.com.ar\/wp-content\/uploads\/2023\/12\/03-Foto-30-4-510x382.jpg",510,382,true],"et-pb-portfolio-image-single":["https:\/\/elementor.radiosenvivo.com.ar\/wp-content\/uploads\/2023\/12\/03-Foto-30-4.jpg",800,519,false],"et-pb-gallery-module-image-portrait":["https:\/\/elementor.radiosenvivo.com.ar\/wp-content\/uploads\/2023\/12\/03-Foto-30-4-400x516.jpg",400,516,true],"et-pb-post-main-image-fullwidth-large":["https:\/\/elementor.radiosenvivo.com.ar\/wp-content\/uploads\/2023\/12\/03-Foto-30-4.jpg",800,519,false],"et-pb-image--responsive--desktop":["https:\/\/elementor.radiosenvivo.com.ar\/wp-content\/uploads\/2023\/12\/03-Foto-30-4.jpg",800,519,false],"et-pb-image--responsive--tablet":["https:\/\/elementor.radiosenvivo.com.ar\/wp-content\/uploads\/2023\/12\/03-Foto-30-4.jpg",800,519,false],"et-pb-image--responsive--phone":["https:\/\/elementor.radiosenvivo.com.ar\/wp-content\/uploads\/2023\/12\/03-Foto-30-4-480x311.jpg",417,270,true]},"uagb_author_info":{"display_name":"admin","author_link":"https:\/\/elementor.radiosenvivo.com.ar\/index.php\/author\/admin\/"},"uagb_comment_info":0,"uagb_excerpt":"[ad_1] Leandro Zdero realizar\u00e1 hoy, a las 9, su primer discurso como gobernador del Chaco en la C\u00e1mara de Diputados. All\u00ed prestar\u00e1 juramento como gobernador y Silvana Schneider har\u00e1 lo propio como vicegobernadora ante la Legislatura, presidida ahora por Carmen Delgado Britto.Luego de dar su primer discurso, en el cual estuvo trabajando hasta las \u00faltimas&hellip;","_links":{"self":[{"href":"https:\/\/elementor.radiosenvivo.com.ar\/index.php\/wp-json\/wp\/v2\/posts\/1878"}],"collection":[{"href":"https:\/\/elementor.radiosenvivo.com.ar\/index.php\/wp-json\/wp\/v2\/posts"}],"about":[{"href":"https:\/\/elementor.radiosenvivo.com.ar\/index.php\/wp-json\/wp\/v2\/types\/post"}],"author":[{"embeddable":true,"href":"https:\/\/elementor.radiosenvivo.com.ar\/index.php\/wp-json\/wp\/v2\/users\/1"}],"replies":[{"embeddable":true,"href":"https:\/\/elementor.radiosenvivo.com.ar\/index.php\/wp-json\/wp\/v2\/comments?post=1878"}],"version-history":[{"count":0,"href":"https:\/\/elementor.radiosenvivo.com.ar\/index.php\/wp-json\/wp\/v2\/posts\/1878\/revisions"}],"wp:featuredmedia":[{"embeddable":true,"href":"https:\/\/elementor.radiosenvivo.com.ar\/index.php\/wp-json\/wp\/v2\/media\/1879"}],"wp:attachment":[{"href":"https:\/\/elementor.radiosenvivo.com.ar\/index.php\/wp-json\/wp\/v2\/media?parent=1878"}],"wp:term":[{"taxonomy":"category","embeddable":true,"href":"https:\/\/elementor.radiosenvivo.com.ar\/index.php\/wp-json\/wp\/v2\/categories?post=1878"},{"taxonomy":"post_tag","embeddable":true,"href":"https:\/\/elementor.radiosenvivo.com.ar\/index.php\/wp-json\/wp\/v2\/tags?post=1878"}],"curies":[{"name":"wp","href":"https:\/\/api.w.org\/{rel}","templated":true}]}}