{"id":1870,"date":"2023-12-08T01:29:56","date_gmt":"2023-12-08T01:29:56","guid":{"rendered":"https:\/\/elementor.radiosenvivo.com.ar\/index.php\/2023\/12\/08\/emplazaron-una-de-las-ultimas-obras-de-fabriciano-en-la-jefatura-de-policia-las-noticias-mas-importantes-de-chaco\/"},"modified":"2023-12-08T01:29:56","modified_gmt":"2023-12-08T01:29:56","slug":"emplazaron-una-de-las-ultimas-obras-de-fabriciano-en-la-jefatura-de-policia-las-noticias-mas-importantes-de-chaco","status":"publish","type":"post","link":"https:\/\/elementor.radiosenvivo.com.ar\/index.php\/2023\/12\/08\/emplazaron-una-de-las-ultimas-obras-de-fabriciano-en-la-jefatura-de-policia-las-noticias-mas-importantes-de-chaco\/","title":{"rendered":"Emplazaron una de las \u00faltimas obras de Fabriciano en la Jefatura de Polic\u00eda \u2013 Las noticias m\u00e1s importantes de Chaco"},"content":{"rendered":"<p> [ad_1]<br \/>\n<\/p>\n<div id=\"penci-post-entry-inner\">\n<p><strong>La obra \u201cEsfuerzo compartido\u201d representa la uni\u00f3n y la fuerza de una sociedad en todas sus partes.<\/strong><\/p>\n<p>Este jueves, \u00a0a las 19:30, se emplaz\u00f3 una de las \u00faltimas esculturas hechas por el mism\u00edsimo Fabriciano, en un acto de uni\u00f3n y homenaje, sobre las veredas de la Jefatura de la Polic\u00eda del Chaco en Resistencia. La obra titulada \u201cEsfuerzo Compartido\u201d representa la uni\u00f3n y la fuerza de nuestra sociedad chaque\u00f1a. Adem\u00e1s, el hecho de situarla en la Jefatura se lee como un agradecimiento a la instituci\u00f3n policial por resguardar todas las esculturas de la ciudad y ser part\u00edcipe activo en la seguridad de cada Bienal de Esculturas.<\/p>\n<figure class=\"wp-block-gallery columns-3 is-cropped\"\/>\n<p>Esta noticia es una buena excusa para recordar que todas las esculturas y obras que se encuentran en Resistencia deben ser respetadas y cuidadas. El Museo al Aire Libre es de todos los ciudadanos y visitantes, por lo que es pertinente resguardarlo, por respeto a los artistas, al Chaco y a Fabriciano G\u00f3mez.<\/p>\n<p>La Fundaci\u00f3n Urunday a trav\u00e9s de su presidente Josese Eidman se\u00f1alo que el emplazamiento de esta nueva obra se suma al gran \u00abmuseo al aire libre\u00bb. Es la n\u00famero 667 de la ciudad, hecha de chapa naval (acero negro) y mide alrededor de un metro y 60 cent\u00edmetros.<\/p>\n<p>Acompa\u00f1aron en la ceremonia el Comisario General (R) Ariel Alejandro Acu\u00f1a, el Director del CEAC, Comisario General Christian Ver\u00f3n y Directores Generales policiales junto a Mimo Eidman Directora de la Bienal y Secretaria de la Fundaci\u00f3n Urunday y Ana Mar\u00eda Tayana, prosecretaria de la Fundaci\u00f3n, adem\u00e1s de familiares del autor de la obra develada.<\/p>\n<figure class=\"wp-block-gallery columns-2 is-cropped\"\/>   <\/div>\n<p>[ad_2]<br \/>\n<br \/><a href=\"https:\/\/www.diariolavozdelchaco.com\/emplazaron-una-de-las-ultimas-obras-de-fabriciano-en-la-jefatura-de-policia\/\">Source link <\/a><\/p>\n","protected":false},"excerpt":{"rendered":"<p>[ad_1] La obra \u201cEsfuerzo compartido\u201d representa la uni\u00f3n y la fuerza de una sociedad en todas sus partes. Este jueves, \u00a0a las 19:30, se emplaz\u00f3 una de las \u00faltimas esculturas hechas por el mism\u00edsimo Fabriciano, en un acto de uni\u00f3n y homenaje, sobre las veredas de la Jefatura de la Polic\u00eda del Chaco en Resistencia. [&hellip;]<\/p>\n","protected":false},"author":1,"featured_media":1871,"comment_status":"open","ping_status":"open","sticky":false,"template":"","format":"standard","meta":{"_et_pb_use_builder":"","_et_pb_old_content":"","_et_gb_content_width":"","_uag_custom_page_level_css":"","footnotes":""},"categories":[10],"tags":[],"uagb_featured_image_src":{"full":["https:\/\/elementor.radiosenvivo.com.ar\/wp-content\/uploads\/2023\/12\/e4ccd0e0-ea89-4e04-85fa-1509179645cd-1.jpg",850,478,false],"thumbnail":["https:\/\/elementor.radiosenvivo.com.ar\/wp-content\/uploads\/2023\/12\/e4ccd0e0-ea89-4e04-85fa-1509179645cd-1-150x150.jpg",150,150,true],"medium":["https:\/\/elementor.radiosenvivo.com.ar\/wp-content\/uploads\/2023\/12\/e4ccd0e0-ea89-4e04-85fa-1509179645cd-1-300x169.jpg",300,169,true],"medium_large":["https:\/\/elementor.radiosenvivo.com.ar\/wp-content\/uploads\/2023\/12\/e4ccd0e0-ea89-4e04-85fa-1509179645cd-1-768x432.jpg",768,432,true],"large":["https:\/\/elementor.radiosenvivo.com.ar\/wp-content\/uploads\/2023\/12\/e4ccd0e0-ea89-4e04-85fa-1509179645cd-1.jpg",850,478,false],"1536x1536":["https:\/\/elementor.radiosenvivo.com.ar\/wp-content\/uploads\/2023\/12\/e4ccd0e0-ea89-4e04-85fa-1509179645cd-1.jpg",850,478,false],"2048x2048":["https:\/\/elementor.radiosenvivo.com.ar\/wp-content\/uploads\/2023\/12\/e4ccd0e0-ea89-4e04-85fa-1509179645cd-1.jpg",850,478,false],"et-pb-post-main-image":["https:\/\/elementor.radiosenvivo.com.ar\/wp-content\/uploads\/2023\/12\/e4ccd0e0-ea89-4e04-85fa-1509179645cd-1-400x250.jpg",400,250,true],"et-pb-post-main-image-fullwidth":["https:\/\/elementor.radiosenvivo.com.ar\/wp-content\/uploads\/2023\/12\/e4ccd0e0-ea89-4e04-85fa-1509179645cd-1.jpg",850,478,false],"et-pb-portfolio-image":["https:\/\/elementor.radiosenvivo.com.ar\/wp-content\/uploads\/2023\/12\/e4ccd0e0-ea89-4e04-85fa-1509179645cd-1-400x284.jpg",400,284,true],"et-pb-portfolio-module-image":["https:\/\/elementor.radiosenvivo.com.ar\/wp-content\/uploads\/2023\/12\/e4ccd0e0-ea89-4e04-85fa-1509179645cd-1-510x382.jpg",510,382,true],"et-pb-portfolio-image-single":["https:\/\/elementor.radiosenvivo.com.ar\/wp-content\/uploads\/2023\/12\/e4ccd0e0-ea89-4e04-85fa-1509179645cd-1.jpg",850,478,false],"et-pb-gallery-module-image-portrait":["https:\/\/elementor.radiosenvivo.com.ar\/wp-content\/uploads\/2023\/12\/e4ccd0e0-ea89-4e04-85fa-1509179645cd-1-400x478.jpg",400,478,true],"et-pb-post-main-image-fullwidth-large":["https:\/\/elementor.radiosenvivo.com.ar\/wp-content\/uploads\/2023\/12\/e4ccd0e0-ea89-4e04-85fa-1509179645cd-1.jpg",850,478,false],"et-pb-image--responsive--desktop":["https:\/\/elementor.radiosenvivo.com.ar\/wp-content\/uploads\/2023\/12\/e4ccd0e0-ea89-4e04-85fa-1509179645cd-1.jpg",850,478,false],"et-pb-image--responsive--tablet":["https:\/\/elementor.radiosenvivo.com.ar\/wp-content\/uploads\/2023\/12\/e4ccd0e0-ea89-4e04-85fa-1509179645cd-1.jpg",850,478,false],"et-pb-image--responsive--phone":["https:\/\/elementor.radiosenvivo.com.ar\/wp-content\/uploads\/2023\/12\/e4ccd0e0-ea89-4e04-85fa-1509179645cd-1-480x270.jpg",480,270,true]},"uagb_author_info":{"display_name":"admin","author_link":"https:\/\/elementor.radiosenvivo.com.ar\/index.php\/author\/admin\/"},"uagb_comment_info":0,"uagb_excerpt":"[ad_1] La obra \u201cEsfuerzo compartido\u201d representa la uni\u00f3n y la fuerza de una sociedad en todas sus partes. Este jueves, \u00a0a las 19:30, se emplaz\u00f3 una de las \u00faltimas esculturas hechas por el mism\u00edsimo Fabriciano, en un acto de uni\u00f3n y homenaje, sobre las veredas de la Jefatura de la Polic\u00eda del Chaco en Resistencia.&hellip;","_links":{"self":[{"href":"https:\/\/elementor.radiosenvivo.com.ar\/index.php\/wp-json\/wp\/v2\/posts\/1870"}],"collection":[{"href":"https:\/\/elementor.radiosenvivo.com.ar\/index.php\/wp-json\/wp\/v2\/posts"}],"about":[{"href":"https:\/\/elementor.radiosenvivo.com.ar\/index.php\/wp-json\/wp\/v2\/types\/post"}],"author":[{"embeddable":true,"href":"https:\/\/elementor.radiosenvivo.com.ar\/index.php\/wp-json\/wp\/v2\/users\/1"}],"replies":[{"embeddable":true,"href":"https:\/\/elementor.radiosenvivo.com.ar\/index.php\/wp-json\/wp\/v2\/comments?post=1870"}],"version-history":[{"count":0,"href":"https:\/\/elementor.radiosenvivo.com.ar\/index.php\/wp-json\/wp\/v2\/posts\/1870\/revisions"}],"wp:featuredmedia":[{"embeddable":true,"href":"https:\/\/elementor.radiosenvivo.com.ar\/index.php\/wp-json\/wp\/v2\/media\/1871"}],"wp:attachment":[{"href":"https:\/\/elementor.radiosenvivo.com.ar\/index.php\/wp-json\/wp\/v2\/media?parent=1870"}],"wp:term":[{"taxonomy":"category","embeddable":true,"href":"https:\/\/elementor.radiosenvivo.com.ar\/index.php\/wp-json\/wp\/v2\/categories?post=1870"},{"taxonomy":"post_tag","embeddable":true,"href":"https:\/\/elementor.radiosenvivo.com.ar\/index.php\/wp-json\/wp\/v2\/tags?post=1870"}],"curies":[{"name":"wp","href":"https:\/\/api.w.org\/{rel}","templated":true}]}}