{"id":1868,"date":"2023-12-07T06:18:06","date_gmt":"2023-12-07T06:18:06","guid":{"rendered":"https:\/\/elementor.radiosenvivo.com.ar\/index.php\/2023\/12\/07\/lo-que-esta-haciendo-riquelme-es-mucho-peor-de-lo-que-le-hizo-passarella-a-river\/"},"modified":"2023-12-07T06:18:06","modified_gmt":"2023-12-07T06:18:06","slug":"lo-que-esta-haciendo-riquelme-es-mucho-peor-de-lo-que-le-hizo-passarella-a-river","status":"publish","type":"post","link":"https:\/\/elementor.radiosenvivo.com.ar\/index.php\/2023\/12\/07\/lo-que-esta-haciendo-riquelme-es-mucho-peor-de-lo-que-le-hizo-passarella-a-river\/","title":{"rendered":"&#8216;Lo que est\u00e1 haciendo Riquelme es mucho peor de lo que le hizo Passarella a River&#8217;"},"content":{"rendered":"<p> [ad_1]<br \/>\n<\/p>\n<div>\n<div class=\"video_repositive\"> <i class=\"far fa-window-close\"\/> <\/p>\n<div id=\"T2c_QF9cWFE\" class=\"video_telam\" style=\"background-image:url('https:\/\/img.youtube.com\/vi\/T2c_QF9cWFE\/hqdefault.jpg');background-position: center center;\">\n<div class=\"feature_article_inner\">\n<p><h2 class=\"text-center\">Macri: \u00abLo que est\u00e1 haciendo Riquelme es mucho peor de lo que le hizo Passarella a River\u00bb<\/h2>\n<\/p><\/div>\n<p>VER VIDEO <i class=\"fas fa-play\"\/><\/p>\n<\/p><\/div>\n<\/p><\/div>\n<p>El candidato a vicepresidente por la oposici\u00f3n de Boca, Mauricio Macri, tras repudiar las amenazas a la jueza que entiende en las elecciones de Boca, denunci\u00f3 que tambi\u00e9n su hija Antonia<strong> \u00abrecibi\u00f3 maltratos similares a trav\u00e9s de las redes sociales\u00bb<\/strong>, en el marco del duro enfrentamiento que est\u00e1 llevando adelante su f\u00f3rmula en la que secunda a Andr\u00e9s Ibarra contra la dupla oficialista liderada por Juan Rom\u00e1n Riquelme junto a Jorge Ameal.<\/p>\n<p><strong>\u00abQuiero saber qui\u00e9n fue la persona que maltrat\u00f3 y amenaz\u00f3 a mi hija por las redes sociales. Hice la denuncia ante la Justicia para saber qui\u00e9n lo hizo, pero no es contra nadie justamente porque no lo sabemos\u00bb<\/strong>, dijo Macri durante una conferencia de prensa ofrecida esta tarde junto al candidato a presidente, Andr\u00e9s Ibarra, en el hotel Abasto de la Ciudad de Buenos Aires.<\/p>\n<p>\u00abY en cuanto a Juan Rom\u00e1n Riquelme, le digo que si tiene el culo limpio depure el padr\u00f3n y retire a los 13.000 socios activos que hay de m\u00e1s, y entonces hacemos las elecciones el 17 de diciembre, que es la \u00faltima fecha que nos queda en este a\u00f1o\u00bb, dispar\u00f3.<\/p>\n<p><figure class=\"mb-3\"><img decoding=\"async\" src=\"https:\/\/www.telam.com.ar\/thumbs\/bluesteel\/advf\/imagenes\/2023\/12\/65710046225ac_1200.jpg\" class=\" lazy \" width=\"100%\" height=\"100%\" alt=\"Foto Alfredo Luna\"\/><figcaption> Foto: Alfredo Luna. <\/figcaption><\/figure>\n<p>Macri remarc\u00f3 que la oposici\u00f3n no quiere \u00abpadrones truchos\u00bb y que Riquelme quiere llevar a Boca al mismo colapso \u00abque provoc\u00f3 Daniel Passarella cuando fue presidente de River\u00bb, y agreg\u00f3:<strong> \u00abEsto que estamos viviendo es mucho peor que lo que le hizo Passarella a River\u00bb<\/strong>.<\/p>\n<p><strong>\u00abPorque Boca hoy est\u00e1 tomado por Riquelme y su hermano Cristian. La manifestaci\u00f3n que organiz\u00f3 el otro d\u00eda estaba liderada por la dirigencia kirchnerista y \u00e9l estaba escoltado por la barra brava\u00bb,<\/strong> apunt\u00f3.<\/p>\n<p>Adem\u00e1s, \u00ablos que denunciaron a Cristian Riquelme fueron hinchas de Boca que resultaron perjudicados por el filtro y la reventa de entradas. \u00bfY esto Rom\u00e1n no lo sab\u00eda?\u00bb, lanz\u00f3 como interrogante.<\/p>\n<p><figure class=\"mb-3\"><img decoding=\"async\" src=\"https:\/\/www.telam.com.ar\/thumbs\/bluesteel\/advf\/imagenes\/2023\/12\/657100465e207_1200.jpg\" class=\" lazy \" width=\"100%\" height=\"100%\" alt=\"Foto Alfredo Luna\"\/><figcaption> Foto: Alfredo Luna. <\/figcaption><\/figure>\n<p>Luego refiri\u00f3 que \u00abeste a\u00f1o deportivo fue catastr\u00f3fico para Boca, perdiendo de arranque a un gran capit\u00e1n como Carlos Izquierdoz por empezar. Y en cuanto a los 28.000.000 de d\u00f3lares que dijo Riquelme que hay de super\u00e1vit, es mentira, porque no es plata sino documentos a cobrar\u00bb.<\/p>\n<p>Por su parte, Ibarra le respondi\u00f3 a Riquelme sobre los 51.000 socios que se incorporaron en ocho a\u00f1os de mandato de Daniel Angelici y al respecto sostuvo que \u00ab<strong>en realidad no fueron en ese n\u00famero, sino que el correcto es 29.000, algo normal en todo ese espacio de tiempo<\/strong>\u00ab.<\/p>\n<p>\u00abPero tambi\u00e9n ahora la Justicia tendr\u00eda que enmarcar bien c\u00f3mo se tomar\u00e1n las decisiones que haya que tomar si las elecciones se pasan para marzo o abril del a\u00f1o pr\u00f3ximo. Porque es mentira que queramos la intervenci\u00f3n\u00bb, argument\u00f3.<\/p>\n<p><figure class=\"mb-3\"><img decoding=\"async\" src=\"https:\/\/www.telam.com.ar\/thumbs\/bluesteel\/advf\/imagenes\/2023\/12\/657100467d1ba_1200.jpg\" class=\" lazy \" width=\"100%\" height=\"100%\" alt=\"La frmula opositora IbarraMacri Foto Alfredo Luna\"\/><figcaption> La f\u00f3rmula opositora: Ibarra-Macri \/ Foto: Alfredo Luna. <\/figcaption><\/figure>\n<p>\u00ab<strong>Y hay que aclarar que la actual directiva tiene mandato vencido y hay que ver entonces c\u00f3mo se sigue adelante en esa condici\u00f3n<\/strong>. Porque como dijo Macri, insisto en que habr\u00e1 que ver qu\u00e9 dice la Justicia sobre la hoja de ruta a adoptar en caso que el acto eleccionario pase para el a\u00f1o que viene. Hay que tener mucho cuidado con lo que se decida en ese tiempo de transici\u00f3n\u00bb, advirti\u00f3 Ibarra.<\/p>\n<p>Mientras la conferencia transcurr\u00eda,<strong> unos 200 simpatizantes de la f\u00f3rmula oficialista se manifestaron en contra de la opositora con c\u00e1nticos y reclamos de \u00abelecciones ya\u00bb.<\/strong><\/p>\n<p><figure class=\"mb-3\"><img decoding=\"async\" src=\"https:\/\/www.telam.com.ar\/thumbs\/bluesteel\/advf\/imagenes\/2023\/12\/657100469d81d_1200.jpg\" class=\" lazy \" width=\"100%\" height=\"100%\" alt=\"Foto Alfredo Luna\"\/><figcaption> Foto: Alfredo Luna. <\/figcaption><\/figure>\n<p>Este mi\u00e9rcoles la C\u00e1mara Civil que entiende en esta causa rechaz\u00f3 la recusaci\u00f3n a la jueza Abrevaya realizada por el oficialismo y la magistrada pretende seguir adelante en esta tarea, por lo que ahora la oposici\u00f3n \u00abxeneize\u00bb tendr\u00e1 24 horas para dar los fundamentos sobre por qu\u00e9 considera que no tiene sustento el pedido de apelaci\u00f3n que efectu\u00f3 la actual directiva boquense.<\/p>\n<p>Por lo tanto, si la apelaci\u00f3n presentada por el oficialismo es invalidada, se podr\u00e1 votar el 17 de diciembre, pero de no ser as\u00ed, las elecciones pasar\u00edan directamente para marzo o abril del a\u00f1o pr\u00f3ximo.<\/p>\n<p><figure class=\"mb-3\"><img decoding=\"async\" src=\"https:\/\/www.telam.com.ar\/thumbs\/bluesteel\/advf\/imagenes\/2023\/12\/657108ca04c0c_1200.jpg\" class=\" lazy \" width=\"100%\" height=\"100%\" alt=\"Los hinchas que apoyan a Riquelme fueron al hotel donde el binomio IbarraMacri dio la conferencia de prensa Foto Alfredo Luna\"\/><figcaption> Los hinchas que apoyan a Riquelme fueron al hotel donde el binomio Ibarra-Macri dio la conferencia de prensa \/ Foto: Alfredo Luna. <\/figcaption><\/figure>\n<p>Posteriormente, ya en TyC Sports, Macri revel\u00f3 que para el caso de que llegue junto a Ibarra a la conducci\u00f3n del club, le ofreci\u00f3 \u00aba Guillermo Barros Schelotto que sea el manager de Boca\u00bb.<\/p>\n<p>En los \u00faltimos d\u00edas Mart\u00edn Palermo, amigo del \u00abMellizo\u00bb, confirm\u00f3 que ser\u00e1 el entrenador \u00abxeneize\u00bb en caso de imponerse la f\u00f3rmula opositora. Riquelme, en tanto, todav\u00eda no revel\u00f3 quien ser\u00e1 su candidato.<\/p>\n<\/div>\n<p><script async defer crossorigin=\"anonymous\" src=\"https:\/\/connect.facebook.net\/es_LA\/sdk.js#xfbml=1&#038;version=v12.0\" nonce=\"SBlHQzIF\"><\/script><br \/>\n<br \/>[ad_2]<br \/>\n<br \/><a href=\"https:\/\/www.telam.com.ar\/notas\/202312\/648805-macri-ibarra-boca-elecciones.html\">Source link <\/a><\/p>\n","protected":false},"excerpt":{"rendered":"<p>[ad_1] Macri: \u00abLo que est\u00e1 haciendo Riquelme es mucho peor de lo que le hizo Passarella a River\u00bb VER VIDEO El candidato a vicepresidente por la oposici\u00f3n de Boca, Mauricio Macri, tras repudiar las amenazas a la jueza que entiende en las elecciones de Boca, denunci\u00f3 que tambi\u00e9n su hija Antonia \u00abrecibi\u00f3 maltratos similares a [&hellip;]<\/p>\n","protected":false},"author":1,"featured_media":1869,"comment_status":"open","ping_status":"open","sticky":false,"template":"","format":"standard","meta":{"_et_pb_use_builder":"","_et_pb_old_content":"","_et_gb_content_width":"","_uag_custom_page_level_css":"","footnotes":""},"categories":[13],"tags":[],"uagb_featured_image_src":{"full":["https:\/\/elementor.radiosenvivo.com.ar\/wp-content\/uploads\/2023\/12\/657121e10cabf_450.jpg",450,253,false],"thumbnail":["https:\/\/elementor.radiosenvivo.com.ar\/wp-content\/uploads\/2023\/12\/657121e10cabf_450-150x150.jpg",150,150,true],"medium":["https:\/\/elementor.radiosenvivo.com.ar\/wp-content\/uploads\/2023\/12\/657121e10cabf_450-300x169.jpg",300,169,true],"medium_large":["https:\/\/elementor.radiosenvivo.com.ar\/wp-content\/uploads\/2023\/12\/657121e10cabf_450.jpg",450,253,false],"large":["https:\/\/elementor.radiosenvivo.com.ar\/wp-content\/uploads\/2023\/12\/657121e10cabf_450.jpg",450,253,false],"1536x1536":["https:\/\/elementor.radiosenvivo.com.ar\/wp-content\/uploads\/2023\/12\/657121e10cabf_450.jpg",450,253,false],"2048x2048":["https:\/\/elementor.radiosenvivo.com.ar\/wp-content\/uploads\/2023\/12\/657121e10cabf_450.jpg",450,253,false],"et-pb-post-main-image":["https:\/\/elementor.radiosenvivo.com.ar\/wp-content\/uploads\/2023\/12\/657121e10cabf_450-400x250.jpg",400,250,true],"et-pb-post-main-image-fullwidth":["https:\/\/elementor.radiosenvivo.com.ar\/wp-content\/uploads\/2023\/12\/657121e10cabf_450.jpg",450,253,false],"et-pb-portfolio-image":["https:\/\/elementor.radiosenvivo.com.ar\/wp-content\/uploads\/2023\/12\/657121e10cabf_450-400x253.jpg",400,253,true],"et-pb-portfolio-module-image":["https:\/\/elementor.radiosenvivo.com.ar\/wp-content\/uploads\/2023\/12\/657121e10cabf_450.jpg",450,253,false],"et-pb-portfolio-image-single":["https:\/\/elementor.radiosenvivo.com.ar\/wp-content\/uploads\/2023\/12\/657121e10cabf_450.jpg",450,253,false],"et-pb-gallery-module-image-portrait":["https:\/\/elementor.radiosenvivo.com.ar\/wp-content\/uploads\/2023\/12\/657121e10cabf_450-400x253.jpg",400,253,true],"et-pb-post-main-image-fullwidth-large":["https:\/\/elementor.radiosenvivo.com.ar\/wp-content\/uploads\/2023\/12\/657121e10cabf_450.jpg",450,253,false],"et-pb-image--responsive--desktop":["https:\/\/elementor.radiosenvivo.com.ar\/wp-content\/uploads\/2023\/12\/657121e10cabf_450.jpg",450,253,false],"et-pb-image--responsive--tablet":["https:\/\/elementor.radiosenvivo.com.ar\/wp-content\/uploads\/2023\/12\/657121e10cabf_450.jpg",450,253,false],"et-pb-image--responsive--phone":["https:\/\/elementor.radiosenvivo.com.ar\/wp-content\/uploads\/2023\/12\/657121e10cabf_450.jpg",450,253,false]},"uagb_author_info":{"display_name":"admin","author_link":"https:\/\/elementor.radiosenvivo.com.ar\/index.php\/author\/admin\/"},"uagb_comment_info":0,"uagb_excerpt":"[ad_1] Macri: \u00abLo que est\u00e1 haciendo Riquelme es mucho peor de lo que le hizo Passarella a River\u00bb VER VIDEO El candidato a vicepresidente por la oposici\u00f3n de Boca, Mauricio Macri, tras repudiar las amenazas a la jueza que entiende en las elecciones de Boca, denunci\u00f3 que tambi\u00e9n su hija Antonia \u00abrecibi\u00f3 maltratos similares a&hellip;","_links":{"self":[{"href":"https:\/\/elementor.radiosenvivo.com.ar\/index.php\/wp-json\/wp\/v2\/posts\/1868"}],"collection":[{"href":"https:\/\/elementor.radiosenvivo.com.ar\/index.php\/wp-json\/wp\/v2\/posts"}],"about":[{"href":"https:\/\/elementor.radiosenvivo.com.ar\/index.php\/wp-json\/wp\/v2\/types\/post"}],"author":[{"embeddable":true,"href":"https:\/\/elementor.radiosenvivo.com.ar\/index.php\/wp-json\/wp\/v2\/users\/1"}],"replies":[{"embeddable":true,"href":"https:\/\/elementor.radiosenvivo.com.ar\/index.php\/wp-json\/wp\/v2\/comments?post=1868"}],"version-history":[{"count":0,"href":"https:\/\/elementor.radiosenvivo.com.ar\/index.php\/wp-json\/wp\/v2\/posts\/1868\/revisions"}],"wp:featuredmedia":[{"embeddable":true,"href":"https:\/\/elementor.radiosenvivo.com.ar\/index.php\/wp-json\/wp\/v2\/media\/1869"}],"wp:attachment":[{"href":"https:\/\/elementor.radiosenvivo.com.ar\/index.php\/wp-json\/wp\/v2\/media?parent=1868"}],"wp:term":[{"taxonomy":"category","embeddable":true,"href":"https:\/\/elementor.radiosenvivo.com.ar\/index.php\/wp-json\/wp\/v2\/categories?post=1868"},{"taxonomy":"post_tag","embeddable":true,"href":"https:\/\/elementor.radiosenvivo.com.ar\/index.php\/wp-json\/wp\/v2\/tags?post=1868"}],"curies":[{"name":"wp","href":"https:\/\/api.w.org\/{rel}","templated":true}]}}