{"id":1861,"date":"2023-12-04T19:09:49","date_gmt":"2023-12-04T19:09:49","guid":{"rendered":"https:\/\/elementor.radiosenvivo.com.ar\/index.php\/2023\/12\/04\/vivieron-historicamente-de-los-afiliados-peronistas-y-hoy-no-tienen-ningun-tupe-en-pasarse-al-otro-bando\/"},"modified":"2023-12-04T19:09:49","modified_gmt":"2023-12-04T19:09:49","slug":"vivieron-historicamente-de-los-afiliados-peronistas-y-hoy-no-tienen-ningun-tupe-en-pasarse-al-otro-bando","status":"publish","type":"post","link":"https:\/\/elementor.radiosenvivo.com.ar\/index.php\/2023\/12\/04\/vivieron-historicamente-de-los-afiliados-peronistas-y-hoy-no-tienen-ningun-tupe-en-pasarse-al-otro-bando\/","title":{"rendered":"\u00abVivieron hist\u00f3ricamente de los afiliados peronistas y hoy no tienen ning\u00fan tup\u00e9 en pasarse al otro bando\u00bb"},"content":{"rendered":"<p> [ad_1]<br \/>\n<\/p>\n<div id=\"penci-post-entry-inner\">\n<p><strong>Aldo Leiva realiz\u00f3 esas declaraciones tras la sesi\u00f3n en la que se designaron las nuevas autoridades de la Legislatura y donde los espacios de Gustavo Mart\u00ednez y Juan Carlos Bacileff Ivanoff le dieron una palmadita en el hombro a Leandro Zdero. <\/strong><\/p>\n<p>Este lunes, con los votos del CER (Gustavo Mart\u00ednez) y del Frente Integrador (Juan Carlos Bacileff Ivanoff) y el faltazo de Rodolfo Schwartz del Frente Chaque\u00f1o, Juntos por el Cambio \u2013nueva alianza gobernante- tiene la presidencia de mano de Carmen Delgado Britto.<\/p>\n<p>En tanto, la vicepresidencia primera recay\u00f3 en Andera Charole del espacio de Mart\u00ednez y la vicepresidencia segunda de Dar\u00edo Bacileff Ivanoff.<\/p>\n<p>Justamente por ello, y debido a que el Frente de Jorge Capitanich no tiene ninguno de los cargos fue que opin\u00f3 Aldo Leiva con un tono de cr\u00edtica alto. Aldo Leiva: \u201cAlgunos vivieron hist\u00f3ricamente de los afiliados peronistas y hoy no tienen ning\u00fan tup\u00e9 en pasarse al otro bando\u201d, tir\u00f3 el legislador de Uni\u00f3n por la Patria y exintendente de General San Mart\u00edn se expres\u00f3 tras la sesi\u00f3n legislativa provincial.<\/p>\n<p>\u201cEsto es parte de la pol\u00edtica. Ahora vemos a algunos que vivieron hist\u00f3ricamente de los afiliados peronistas y hoy no tienen ning\u00fan tup\u00e9 en pasarse al otro bando\u201d, expres\u00f3 el diputado nacional recientemente reelecto Aldo Leiva, tras los juramentos de los nuevos diputados y la elecci\u00f3n de autoridades de la Legislatura chaque\u00f1a.<\/p>\n<figure class=\"wp-block-image size-large\"><img loading=\"lazy\" decoding=\"async\" width=\"850\" height=\"566\" src=\"data:image\/svg+xml,%3Csvg%20xmlns=\" http:=\"\" alt=\"\" class=\"wp-image-174578\" data-lazy-src=\"https:\/\/www.diariolavozdelchaco.com\/wp-content\/uploads\/2023\/12\/aldo-leiva.jpg\"\/><noscript><img loading=\"lazy\" decoding=\"async\" width=\"850\" height=\"566\" src=\"https:\/\/www.diariolavozdelchaco.com\/wp-content\/uploads\/2023\/12\/aldo-leiva.jpg\" alt=\"\" class=\"wp-image-174578\"\/><\/noscript><figcaption><strong>Aldo Leiva.<\/strong><\/figcaption><\/figure>\n<p>Leiva fue especialmente intransigente en sus declaraciones y en di\u00e1logo con Radio Provincia asegur\u00f3: \u201cEstamos los que entendemos a la lealtad como principio fundamental a nuestro movimiento y, por el otro lado, est\u00e1n aquellos que usaron al peronismo para perpetuarse en determinados lugares, pero cuando les toc\u00f3 tomar responsabilidad nunca estuvieron a la altura de las circunstancias\u201d.<\/p>\n<p>El tambi\u00e9n veterano de Malvinas y exintendente de General San Mart\u00edn se refiri\u00f3 adem\u00e1s a la situaci\u00f3n pol\u00edtica del peronismo de cara a la pr\u00f3xima etapa, que encontrar\u00e1 a su sector en la oposici\u00f3n: \u201cSeguramente nosotros como oficialismo que hoy dejamos de ser tenemos nuestras responsabilidades, al no haber percibido este tipo de situaciones, o al haber sido, por ah\u00ed, demasiado generosos. Pero esta es una historia concluida. Hoy comienza otra y tenemos un enorme desaf\u00edo: reconstruirnos, entender que hay que empezar de cero, y que el primer paso es dentro de dos a\u00f1os, y que a partir de ah\u00ed seguramente iremos perfilando para que busquemos los mejores hombres de cara al 2027\u201d.<\/p>\n<p>Leiva remarc\u00f3 que desde su sector, en el peronismo, \u201ctenemos que volver a enamorar a esa sociedad chaque\u00f1a que crey\u00f3 durante varios a\u00f1os en nosotros y que en esta oportunidad, a nivel provincial, nos dijo que no. Es tiempo de reconstruirnos, y decirle a la sociedad chaque\u00f1a que no vamos a arriar las banderas de justicia social, independencia econ\u00f3mica y soberan\u00eda pol\u00edtica\u201d.<\/p>\n<\/p><\/div>\n<p>[ad_2]<br \/>\n<br \/><a href=\"https:\/\/www.diariolavozdelchaco.com\/vivieron-historicamente-de-los-afiliados-peronistas-y-hoy-no-tienen-ningun-tupe-en-pasarse-al-otro-bando\/\">Source link <\/a><\/p>\n","protected":false},"excerpt":{"rendered":"<p>[ad_1] Aldo Leiva realiz\u00f3 esas declaraciones tras la sesi\u00f3n en la que se designaron las nuevas autoridades de la Legislatura y donde los espacios de Gustavo Mart\u00ednez y Juan Carlos Bacileff Ivanoff le dieron una palmadita en el hombro a Leandro Zdero. Este lunes, con los votos del CER (Gustavo Mart\u00ednez) y del Frente Integrador [&hellip;]<\/p>\n","protected":false},"author":1,"featured_media":1862,"comment_status":"open","ping_status":"open","sticky":false,"template":"","format":"standard","meta":{"_et_pb_use_builder":"","_et_pb_old_content":"","_et_gb_content_width":"","_uag_custom_page_level_css":"","footnotes":""},"categories":[10],"tags":[],"uagb_featured_image_src":{"full":["https:\/\/elementor.radiosenvivo.com.ar\/wp-content\/uploads\/2023\/12\/autoridades-camara-diputados-chaco.jpg",850,531,false],"thumbnail":["https:\/\/elementor.radiosenvivo.com.ar\/wp-content\/uploads\/2023\/12\/autoridades-camara-diputados-chaco-150x150.jpg",150,150,true],"medium":["https:\/\/elementor.radiosenvivo.com.ar\/wp-content\/uploads\/2023\/12\/autoridades-camara-diputados-chaco-300x187.jpg",300,187,true],"medium_large":["https:\/\/elementor.radiosenvivo.com.ar\/wp-content\/uploads\/2023\/12\/autoridades-camara-diputados-chaco-768x480.jpg",768,480,true],"large":["https:\/\/elementor.radiosenvivo.com.ar\/wp-content\/uploads\/2023\/12\/autoridades-camara-diputados-chaco.jpg",850,531,false],"1536x1536":["https:\/\/elementor.radiosenvivo.com.ar\/wp-content\/uploads\/2023\/12\/autoridades-camara-diputados-chaco.jpg",850,531,false],"2048x2048":["https:\/\/elementor.radiosenvivo.com.ar\/wp-content\/uploads\/2023\/12\/autoridades-camara-diputados-chaco.jpg",850,531,false],"et-pb-post-main-image":["https:\/\/elementor.radiosenvivo.com.ar\/wp-content\/uploads\/2023\/12\/autoridades-camara-diputados-chaco-400x250.jpg",400,250,true],"et-pb-post-main-image-fullwidth":["https:\/\/elementor.radiosenvivo.com.ar\/wp-content\/uploads\/2023\/12\/autoridades-camara-diputados-chaco.jpg",850,531,false],"et-pb-portfolio-image":["https:\/\/elementor.radiosenvivo.com.ar\/wp-content\/uploads\/2023\/12\/autoridades-camara-diputados-chaco-400x284.jpg",400,284,true],"et-pb-portfolio-module-image":["https:\/\/elementor.radiosenvivo.com.ar\/wp-content\/uploads\/2023\/12\/autoridades-camara-diputados-chaco-510x382.jpg",510,382,true],"et-pb-portfolio-image-single":["https:\/\/elementor.radiosenvivo.com.ar\/wp-content\/uploads\/2023\/12\/autoridades-camara-diputados-chaco.jpg",850,531,false],"et-pb-gallery-module-image-portrait":["https:\/\/elementor.radiosenvivo.com.ar\/wp-content\/uploads\/2023\/12\/autoridades-camara-diputados-chaco-400x516.jpg",400,516,true],"et-pb-post-main-image-fullwidth-large":["https:\/\/elementor.radiosenvivo.com.ar\/wp-content\/uploads\/2023\/12\/autoridades-camara-diputados-chaco.jpg",850,531,false],"et-pb-image--responsive--desktop":["https:\/\/elementor.radiosenvivo.com.ar\/wp-content\/uploads\/2023\/12\/autoridades-camara-diputados-chaco.jpg",850,531,false],"et-pb-image--responsive--tablet":["https:\/\/elementor.radiosenvivo.com.ar\/wp-content\/uploads\/2023\/12\/autoridades-camara-diputados-chaco.jpg",850,531,false],"et-pb-image--responsive--phone":["https:\/\/elementor.radiosenvivo.com.ar\/wp-content\/uploads\/2023\/12\/autoridades-camara-diputados-chaco-480x300.jpg",432,270,true]},"uagb_author_info":{"display_name":"admin","author_link":"https:\/\/elementor.radiosenvivo.com.ar\/index.php\/author\/admin\/"},"uagb_comment_info":0,"uagb_excerpt":"[ad_1] Aldo Leiva realiz\u00f3 esas declaraciones tras la sesi\u00f3n en la que se designaron las nuevas autoridades de la Legislatura y donde los espacios de Gustavo Mart\u00ednez y Juan Carlos Bacileff Ivanoff le dieron una palmadita en el hombro a Leandro Zdero. Este lunes, con los votos del CER (Gustavo Mart\u00ednez) y del Frente Integrador&hellip;","_links":{"self":[{"href":"https:\/\/elementor.radiosenvivo.com.ar\/index.php\/wp-json\/wp\/v2\/posts\/1861"}],"collection":[{"href":"https:\/\/elementor.radiosenvivo.com.ar\/index.php\/wp-json\/wp\/v2\/posts"}],"about":[{"href":"https:\/\/elementor.radiosenvivo.com.ar\/index.php\/wp-json\/wp\/v2\/types\/post"}],"author":[{"embeddable":true,"href":"https:\/\/elementor.radiosenvivo.com.ar\/index.php\/wp-json\/wp\/v2\/users\/1"}],"replies":[{"embeddable":true,"href":"https:\/\/elementor.radiosenvivo.com.ar\/index.php\/wp-json\/wp\/v2\/comments?post=1861"}],"version-history":[{"count":0,"href":"https:\/\/elementor.radiosenvivo.com.ar\/index.php\/wp-json\/wp\/v2\/posts\/1861\/revisions"}],"wp:featuredmedia":[{"embeddable":true,"href":"https:\/\/elementor.radiosenvivo.com.ar\/index.php\/wp-json\/wp\/v2\/media\/1862"}],"wp:attachment":[{"href":"https:\/\/elementor.radiosenvivo.com.ar\/index.php\/wp-json\/wp\/v2\/media?parent=1861"}],"wp:term":[{"taxonomy":"category","embeddable":true,"href":"https:\/\/elementor.radiosenvivo.com.ar\/index.php\/wp-json\/wp\/v2\/categories?post=1861"},{"taxonomy":"post_tag","embeddable":true,"href":"https:\/\/elementor.radiosenvivo.com.ar\/index.php\/wp-json\/wp\/v2\/tags?post=1861"}],"curies":[{"name":"wp","href":"https:\/\/api.w.org\/{rel}","templated":true}]}}