{"id":1648,"date":"2023-10-14T01:45:00","date_gmt":"2023-10-14T01:45:00","guid":{"rendered":"https:\/\/elementor.radiosenvivo.com.ar\/index.php\/2023\/10\/14\/encuentran-asesinado-a-golpes-a-un-hombre-e-investigan-las-circunstancias-del-crimen\/"},"modified":"2023-10-14T01:45:00","modified_gmt":"2023-10-14T01:45:00","slug":"encuentran-asesinado-a-golpes-a-un-hombre-e-investigan-las-circunstancias-del-crimen","status":"publish","type":"post","link":"https:\/\/elementor.radiosenvivo.com.ar\/index.php\/2023\/10\/14\/encuentran-asesinado-a-golpes-a-un-hombre-e-investigan-las-circunstancias-del-crimen\/","title":{"rendered":"Encuentran asesinado a golpes a un hombre e investigan las circunstancias del crimen"},"content":{"rendered":"<p> [ad_1]<br \/>\n<\/p>\n<div>\n<figure class=\"mb-3\"><img decoding=\"async\" src=\"https:\/\/www.telam.com.ar\/thumbs\/bluesteel\/advf\/imagenes\/2021\/12\/61c0d5677c435_1200.jpg\" class=\" lazy \" width=\"100%\" height=\"100%\" alt=\"Foto Carlos Brigo Archivo\"\/><figcaption> Foto: Carlos Brigo. (Archivo). <\/figcaption><\/figure>\n<p>Un hombre de 52 a\u00f1os que estuvo desaparecido cinco d\u00edas fue encontrado asesinado a golpes en un parque del partido bonaerense de Z\u00e1rate, y los investigadores procuraban determinar las circunstancias del crimen, informaron fuentes de la investigaci\u00f3n.<\/p>\n<p><strong>El cuerpo fue descubierto alrededor de las 13 de este s\u00e1bado por un vecino que pasaba por la zona del Parque de la Cruz, ubicado en las calles Maip\u00fa y y Estrada<\/strong>, en el mencionado municipio situado a unos 90 kil\u00f3metros al norte de la Ciudad de Buenos Aires.<\/p>\n<p>Fuentes de la investigaci\u00f3n informaron a T\u00e9lam que personal de la comisar\u00eda 1ra. de Z\u00e1rate fue alertado a trav\u00e9s del 911, por lo que de inmediato se dirigi\u00f3 al lugar, donde comprob\u00f3 que la v\u00edctima estaba fallecida boca abajo, sobre la orilla de un desag\u00fce, y ten\u00eda colocados una remera, una campera y un pantal\u00f3n de jean.<\/p>\n<p>Ante esa situaci\u00f3n, efectivos de la Polic\u00eda Cient\u00edfica fueron convocados para realizar las pericias correspondientes en la zona del hallazgo.<\/p>\n<p>Seg\u00fan las fuentes, el fiscal de turno, Alberto Gutierres, quien en principio caratul\u00f3 la causa como \u00abaveriguaci\u00f3n de causales de muerte\u00bb, concurri\u00f3 al parque para direccionar las tareas de los peritos.<\/p>\n<p>Horas despu\u00e9s, <strong>los pesquisas identificaron al hombre como Roberto Fabi\u00e1n Ort\u00edz, que estaba desaparecido desde hac\u00eda cinco d\u00edas<\/strong>.<\/p>\n<p>En tanto, el resultado preliminar de la autopsia realizada esta tarde en la morgue por orden del fiscal Gutierres <strong>confirm\u00f3 que la v\u00edctima sufri\u00f3 un golpe en la cabeza y que ten\u00eda \u00abpolitraumatismos\u00bb que le causaron una \u00abhemorragia interna\u00bb<\/strong>, por lo que el expediente iba a ser recaratulado como homicidio.<\/p>\n<p>De esta manera, los investigadores ahora procuraban establecer el m\u00f3vil del crimen e identificar a el o los autores que lo cometieron.<\/p>\n<p>Al respecto, el titular de la Unidad Funcional de Instrucci\u00f3n (UFI) 7 del Departamento Judicial Z\u00e1rate-Campana dispuso una serie de medidas tendientes a dilucidar el asesinato. <\/p>\n<\/div>\n<p><script async defer crossorigin=\"anonymous\" src=\"https:\/\/connect.facebook.net\/es_LA\/sdk.js#xfbml=1&#038;version=v12.0\" nonce=\"SBlHQzIF\"><\/script><br \/>\n<br \/>[ad_2]<br \/>\n<br \/><a href=\"https:\/\/www.telam.com.ar\/notas\/202310\/643332-zarate-crimen-investigacion.html\">Source link <\/a><\/p>\n","protected":false},"excerpt":{"rendered":"<p>[ad_1] Foto: Carlos Brigo. (Archivo). Un hombre de 52 a\u00f1os que estuvo desaparecido cinco d\u00edas fue encontrado asesinado a golpes en un parque del partido bonaerense de Z\u00e1rate, y los investigadores procuraban determinar las circunstancias del crimen, informaron fuentes de la investigaci\u00f3n. El cuerpo fue descubierto alrededor de las 13 de este s\u00e1bado por un [&hellip;]<\/p>\n","protected":false},"author":1,"featured_media":1649,"comment_status":"open","ping_status":"open","sticky":false,"template":"","format":"standard","meta":{"_et_pb_use_builder":"","_et_pb_old_content":"","_et_gb_content_width":"","_uag_custom_page_level_css":"","footnotes":""},"categories":[12],"tags":[],"uagb_featured_image_src":{"full":["https:\/\/elementor.radiosenvivo.com.ar\/wp-content\/uploads\/2023\/10\/61c0d5677c435_450.jpg",450,253,false],"thumbnail":["https:\/\/elementor.radiosenvivo.com.ar\/wp-content\/uploads\/2023\/10\/61c0d5677c435_450-150x150.jpg",150,150,true],"medium":["https:\/\/elementor.radiosenvivo.com.ar\/wp-content\/uploads\/2023\/10\/61c0d5677c435_450-300x169.jpg",300,169,true],"medium_large":["https:\/\/elementor.radiosenvivo.com.ar\/wp-content\/uploads\/2023\/10\/61c0d5677c435_450.jpg",450,253,false],"large":["https:\/\/elementor.radiosenvivo.com.ar\/wp-content\/uploads\/2023\/10\/61c0d5677c435_450.jpg",450,253,false],"1536x1536":["https:\/\/elementor.radiosenvivo.com.ar\/wp-content\/uploads\/2023\/10\/61c0d5677c435_450.jpg",450,253,false],"2048x2048":["https:\/\/elementor.radiosenvivo.com.ar\/wp-content\/uploads\/2023\/10\/61c0d5677c435_450.jpg",450,253,false],"et-pb-post-main-image":["https:\/\/elementor.radiosenvivo.com.ar\/wp-content\/uploads\/2023\/10\/61c0d5677c435_450-400x250.jpg",400,250,true],"et-pb-post-main-image-fullwidth":["https:\/\/elementor.radiosenvivo.com.ar\/wp-content\/uploads\/2023\/10\/61c0d5677c435_450.jpg",450,253,false],"et-pb-portfolio-image":["https:\/\/elementor.radiosenvivo.com.ar\/wp-content\/uploads\/2023\/10\/61c0d5677c435_450-400x253.jpg",400,253,true],"et-pb-portfolio-module-image":["https:\/\/elementor.radiosenvivo.com.ar\/wp-content\/uploads\/2023\/10\/61c0d5677c435_450.jpg",450,253,false],"et-pb-portfolio-image-single":["https:\/\/elementor.radiosenvivo.com.ar\/wp-content\/uploads\/2023\/10\/61c0d5677c435_450.jpg",450,253,false],"et-pb-gallery-module-image-portrait":["https:\/\/elementor.radiosenvivo.com.ar\/wp-content\/uploads\/2023\/10\/61c0d5677c435_450-400x253.jpg",400,253,true],"et-pb-post-main-image-fullwidth-large":["https:\/\/elementor.radiosenvivo.com.ar\/wp-content\/uploads\/2023\/10\/61c0d5677c435_450.jpg",450,253,false],"et-pb-image--responsive--desktop":["https:\/\/elementor.radiosenvivo.com.ar\/wp-content\/uploads\/2023\/10\/61c0d5677c435_450.jpg",450,253,false],"et-pb-image--responsive--tablet":["https:\/\/elementor.radiosenvivo.com.ar\/wp-content\/uploads\/2023\/10\/61c0d5677c435_450.jpg",450,253,false],"et-pb-image--responsive--phone":["https:\/\/elementor.radiosenvivo.com.ar\/wp-content\/uploads\/2023\/10\/61c0d5677c435_450.jpg",450,253,false]},"uagb_author_info":{"display_name":"admin","author_link":"https:\/\/elementor.radiosenvivo.com.ar\/index.php\/author\/admin\/"},"uagb_comment_info":0,"uagb_excerpt":"[ad_1] Foto: Carlos Brigo. (Archivo). Un hombre de 52 a\u00f1os que estuvo desaparecido cinco d\u00edas fue encontrado asesinado a golpes en un parque del partido bonaerense de Z\u00e1rate, y los investigadores procuraban determinar las circunstancias del crimen, informaron fuentes de la investigaci\u00f3n. El cuerpo fue descubierto alrededor de las 13 de este s\u00e1bado por un&hellip;","_links":{"self":[{"href":"https:\/\/elementor.radiosenvivo.com.ar\/index.php\/wp-json\/wp\/v2\/posts\/1648"}],"collection":[{"href":"https:\/\/elementor.radiosenvivo.com.ar\/index.php\/wp-json\/wp\/v2\/posts"}],"about":[{"href":"https:\/\/elementor.radiosenvivo.com.ar\/index.php\/wp-json\/wp\/v2\/types\/post"}],"author":[{"embeddable":true,"href":"https:\/\/elementor.radiosenvivo.com.ar\/index.php\/wp-json\/wp\/v2\/users\/1"}],"replies":[{"embeddable":true,"href":"https:\/\/elementor.radiosenvivo.com.ar\/index.php\/wp-json\/wp\/v2\/comments?post=1648"}],"version-history":[{"count":0,"href":"https:\/\/elementor.radiosenvivo.com.ar\/index.php\/wp-json\/wp\/v2\/posts\/1648\/revisions"}],"wp:featuredmedia":[{"embeddable":true,"href":"https:\/\/elementor.radiosenvivo.com.ar\/index.php\/wp-json\/wp\/v2\/media\/1649"}],"wp:attachment":[{"href":"https:\/\/elementor.radiosenvivo.com.ar\/index.php\/wp-json\/wp\/v2\/media?parent=1648"}],"wp:term":[{"taxonomy":"category","embeddable":true,"href":"https:\/\/elementor.radiosenvivo.com.ar\/index.php\/wp-json\/wp\/v2\/categories?post=1648"},{"taxonomy":"post_tag","embeddable":true,"href":"https:\/\/elementor.radiosenvivo.com.ar\/index.php\/wp-json\/wp\/v2\/tags?post=1648"}],"curies":[{"name":"wp","href":"https:\/\/api.w.org\/{rel}","templated":true}]}}