{"id":1642,"date":"2023-10-13T01:45:06","date_gmt":"2023-10-13T01:45:06","guid":{"rendered":"https:\/\/elementor.radiosenvivo.com.ar\/index.php\/2023\/10\/13\/lider-republicano-retira-su-candidatura-y-la-camara-de-representantes-sigue-paralizada\/"},"modified":"2023-10-13T01:45:06","modified_gmt":"2023-10-13T01:45:06","slug":"lider-republicano-retira-su-candidatura-y-la-camara-de-representantes-sigue-paralizada","status":"publish","type":"post","link":"https:\/\/elementor.radiosenvivo.com.ar\/index.php\/2023\/10\/13\/lider-republicano-retira-su-candidatura-y-la-camara-de-representantes-sigue-paralizada\/","title":{"rendered":"L\u00edder republicano retira su candidatura y la C\u00e1mara de Representantes sigue paralizada"},"content":{"rendered":"<p> [ad_1]<br \/>\n<\/p>\n<div>\n<figure class=\"mb-3\"><img decoding=\"async\" src=\"https:\/\/www.telam.com.ar\/thumbs\/bluesteel\/advf\/imagenes\/2022\/11\/63695a83cbbd9_1200.jpg\" class=\" lazy \" width=\"100%\" height=\"100%\" alt=\"Telam SE\"\/><figcaption\/><\/figure>\n<p> El l\u00edder de la mayor\u00eda republicana en la C\u00e1mara de Representantes de Estados Unidos, Steve Scalise, retir\u00f3 hoy, por falta de apoyo, su postulaci\u00f3n para presidir el cuerpo luego de la reciente destituci\u00f3n de su correligionario Kevin McCarthy.<\/p>\n<p>\u201cSimplemente <strong>informo que retiro mi nombre<\/strong> como candidato a presidente\u201d, dijo Scalise, public\u00f3 el diario estadounidense The Hill.<\/p>\n<p>\u201cEste pa\u00eds cuenta con nosotros para volver a unirnos; esta C\u00e1mara de Representantes necesita un presidente y necesitamos abrir la c\u00e1mara de nuevo\u201d, agreg\u00f3.<\/p>\n<p>El legislador subray\u00f3 que \u201ctodav\u00eda queda trabajo por hacer\u201d, porque \u201calgunas personas tienen sus propias agendas\u201d y <strong>ello impide destrabar la situaci\u00f3n que mantiene paralizada<\/strong> a la c\u00e1mara baja.<\/p>\n<p><figure class=\"mb-3\"><img decoding=\"async\" src=\"https:\/\/www.telam.com.ar\/thumbs\/bluesteel\/advf\/imagenes\/2023\/10\/65289f079ca7c_1200.jpg\" class=\" lazy \" width=\"100%\" height=\"100%\" alt=\"Steve Scalise Foto AFP\"\/><figcaption> Steve Scalise \/ Foto: AFP <\/figcaption><\/figure>\n<p>Scalise fue, por estrecho margen, el candidato m\u00e1s apoyado en una votaci\u00f3n interna del bloque del Partido Republicano, pero <strong>qued\u00f3 lejos de obtener los 217<\/strong> votos indispensables para ser elegido presidente de la c\u00e1mara.<\/p>\n<p>Paralelamente, a medida que avanz\u00f3 la jornada, un n\u00famero cada vez mayor de republicanos se mostr\u00f3 reacio a impulsar su candidatura.<\/p>\n<p>Antes de la votaci\u00f3n, Scalise se reuni\u00f3 a puerta cerrada con sus correligionarios por m\u00e1s de dos horas y all\u00ed exhort\u00f3 a quienes lo resist\u00edan a que explicaran el motivo de la oposici\u00f3n.<\/p>\n<p>Varios republicanos describieron ese encuentro como \u201c<strong>una sesi\u00f3n de catarsis<\/strong>\u201d que no result\u00f3 productiva, seg\u00fan la agencia de noticias Europa Press.<\/p>\n<p>El 3 de este mes, por primera vez desde que existe hace m\u00e1s de 230 a\u00f1os, la C\u00e1mara de Representantes destituy\u00f3 a su presidente, Kevin McCarthy, por iniciativa del ala dura de su propio partido, enfrentada al sector conservador tradicional.<\/p>\n<p><figure class=\"mb-3\"><img decoding=\"async\" src=\"https:\/\/www.telam.com.ar\/thumbs\/bluesteel\/advf\/imagenes\/2022\/11\/63742906b6d93_1200.jpg\" class=\" lazy \" width=\"100%\" height=\"100%\" alt=\"Kevin McCarthy destitudo el 3 de octubre Foto AFP\"\/><figcaption> Kevin McCarthy, destitu\u00eddo el 3 de octubre \/ Foto: AFP <\/figcaption><\/figure>\n<p>La c\u00e1mara qued\u00f3 interinamente a cargo del tambi\u00e9n republicano Patrick McHenry, pero la legislaci\u00f3n establece que en un caso como este, <strong>el presidente transitorio solo est\u00e1 facultado a resolver cuestiones administrativas<\/strong>, mientras el cuerpo est\u00e1 impedido de debatir y votar proyectos legislativos.<\/p>\n<p>De ese modo, la c\u00e1mara qued\u00f3 pr\u00e1cticamente paralizada y, entre otras cosas, no puede por ahora votar una nueva ayuda para Israel, uno de los principales aliados del pa\u00eds, en medio de la guerra desatada por el sorpresivo ataque del movimiento islamista Hamas.<\/p>\n<p>Tambi\u00e9n est\u00e1 en juego una nueva partida de fondos para Ucrania para ayuda en la guerra con Rusia que llevan semanas debatiendo.<\/p>\n<p>El presidente de la c\u00e1mara baja, adem\u00e1s, es el segundo en la l\u00ednea de sucesi\u00f3n presidencial, precedido \u00fanicamente por la vicepresidenta, Kamala Harris.<\/p>\n<\/div>\n<p><script async defer crossorigin=\"anonymous\" src=\"https:\/\/connect.facebook.net\/es_LA\/sdk.js#xfbml=1&#038;version=v12.0\" nonce=\"SBlHQzIF\"><\/script><br \/>\n<br \/>[ad_2]<br \/>\n<br \/><a href=\"https:\/\/www.telam.com.ar\/notas\/202310\/643246-los-republicanos-sin-solucion-aun-para-designar-presidente-de-la-camara-baja.html\">Source link <\/a><\/p>\n","protected":false},"excerpt":{"rendered":"<p>[ad_1] El l\u00edder de la mayor\u00eda republicana en la C\u00e1mara de Representantes de Estados Unidos, Steve Scalise, retir\u00f3 hoy, por falta de apoyo, su postulaci\u00f3n para presidir el cuerpo luego de la reciente destituci\u00f3n de su correligionario Kevin McCarthy. \u201cSimplemente informo que retiro mi nombre como candidato a presidente\u201d, dijo Scalise, public\u00f3 el diario estadounidense [&hellip;]<\/p>\n","protected":false},"author":1,"featured_media":1643,"comment_status":"open","ping_status":"open","sticky":false,"template":"","format":"standard","meta":{"_et_pb_use_builder":"","_et_pb_old_content":"","_et_gb_content_width":"","_uag_custom_page_level_css":"","footnotes":""},"categories":[1],"tags":[],"uagb_featured_image_src":{"full":["https:\/\/elementor.radiosenvivo.com.ar\/wp-content\/uploads\/2023\/10\/63695a83cbbd9_450.jpg",450,253,false],"thumbnail":["https:\/\/elementor.radiosenvivo.com.ar\/wp-content\/uploads\/2023\/10\/63695a83cbbd9_450-150x150.jpg",150,150,true],"medium":["https:\/\/elementor.radiosenvivo.com.ar\/wp-content\/uploads\/2023\/10\/63695a83cbbd9_450-300x169.jpg",300,169,true],"medium_large":["https:\/\/elementor.radiosenvivo.com.ar\/wp-content\/uploads\/2023\/10\/63695a83cbbd9_450.jpg",450,253,false],"large":["https:\/\/elementor.radiosenvivo.com.ar\/wp-content\/uploads\/2023\/10\/63695a83cbbd9_450.jpg",450,253,false],"1536x1536":["https:\/\/elementor.radiosenvivo.com.ar\/wp-content\/uploads\/2023\/10\/63695a83cbbd9_450.jpg",450,253,false],"2048x2048":["https:\/\/elementor.radiosenvivo.com.ar\/wp-content\/uploads\/2023\/10\/63695a83cbbd9_450.jpg",450,253,false],"et-pb-post-main-image":["https:\/\/elementor.radiosenvivo.com.ar\/wp-content\/uploads\/2023\/10\/63695a83cbbd9_450-400x250.jpg",400,250,true],"et-pb-post-main-image-fullwidth":["https:\/\/elementor.radiosenvivo.com.ar\/wp-content\/uploads\/2023\/10\/63695a83cbbd9_450.jpg",450,253,false],"et-pb-portfolio-image":["https:\/\/elementor.radiosenvivo.com.ar\/wp-content\/uploads\/2023\/10\/63695a83cbbd9_450-400x253.jpg",400,253,true],"et-pb-portfolio-module-image":["https:\/\/elementor.radiosenvivo.com.ar\/wp-content\/uploads\/2023\/10\/63695a83cbbd9_450.jpg",450,253,false],"et-pb-portfolio-image-single":["https:\/\/elementor.radiosenvivo.com.ar\/wp-content\/uploads\/2023\/10\/63695a83cbbd9_450.jpg",450,253,false],"et-pb-gallery-module-image-portrait":["https:\/\/elementor.radiosenvivo.com.ar\/wp-content\/uploads\/2023\/10\/63695a83cbbd9_450-400x253.jpg",400,253,true],"et-pb-post-main-image-fullwidth-large":["https:\/\/elementor.radiosenvivo.com.ar\/wp-content\/uploads\/2023\/10\/63695a83cbbd9_450.jpg",450,253,false],"et-pb-image--responsive--desktop":["https:\/\/elementor.radiosenvivo.com.ar\/wp-content\/uploads\/2023\/10\/63695a83cbbd9_450.jpg",450,253,false],"et-pb-image--responsive--tablet":["https:\/\/elementor.radiosenvivo.com.ar\/wp-content\/uploads\/2023\/10\/63695a83cbbd9_450.jpg",450,253,false],"et-pb-image--responsive--phone":["https:\/\/elementor.radiosenvivo.com.ar\/wp-content\/uploads\/2023\/10\/63695a83cbbd9_450.jpg",450,253,false]},"uagb_author_info":{"display_name":"admin","author_link":"https:\/\/elementor.radiosenvivo.com.ar\/index.php\/author\/admin\/"},"uagb_comment_info":0,"uagb_excerpt":"[ad_1] El l\u00edder de la mayor\u00eda republicana en la C\u00e1mara de Representantes de Estados Unidos, Steve Scalise, retir\u00f3 hoy, por falta de apoyo, su postulaci\u00f3n para presidir el cuerpo luego de la reciente destituci\u00f3n de su correligionario Kevin McCarthy. \u201cSimplemente informo que retiro mi nombre como candidato a presidente\u201d, dijo Scalise, public\u00f3 el diario estadounidense&hellip;","_links":{"self":[{"href":"https:\/\/elementor.radiosenvivo.com.ar\/index.php\/wp-json\/wp\/v2\/posts\/1642"}],"collection":[{"href":"https:\/\/elementor.radiosenvivo.com.ar\/index.php\/wp-json\/wp\/v2\/posts"}],"about":[{"href":"https:\/\/elementor.radiosenvivo.com.ar\/index.php\/wp-json\/wp\/v2\/types\/post"}],"author":[{"embeddable":true,"href":"https:\/\/elementor.radiosenvivo.com.ar\/index.php\/wp-json\/wp\/v2\/users\/1"}],"replies":[{"embeddable":true,"href":"https:\/\/elementor.radiosenvivo.com.ar\/index.php\/wp-json\/wp\/v2\/comments?post=1642"}],"version-history":[{"count":0,"href":"https:\/\/elementor.radiosenvivo.com.ar\/index.php\/wp-json\/wp\/v2\/posts\/1642\/revisions"}],"wp:featuredmedia":[{"embeddable":true,"href":"https:\/\/elementor.radiosenvivo.com.ar\/index.php\/wp-json\/wp\/v2\/media\/1643"}],"wp:attachment":[{"href":"https:\/\/elementor.radiosenvivo.com.ar\/index.php\/wp-json\/wp\/v2\/media?parent=1642"}],"wp:term":[{"taxonomy":"category","embeddable":true,"href":"https:\/\/elementor.radiosenvivo.com.ar\/index.php\/wp-json\/wp\/v2\/categories?post=1642"},{"taxonomy":"post_tag","embeddable":true,"href":"https:\/\/elementor.radiosenvivo.com.ar\/index.php\/wp-json\/wp\/v2\/tags?post=1642"}],"curies":[{"name":"wp","href":"https:\/\/api.w.org\/{rel}","templated":true}]}}