{"id":1640,"date":"2023-10-12T01:45:04","date_gmt":"2023-10-12T01:45:04","guid":{"rendered":"https:\/\/elementor.radiosenvivo.com.ar\/index.php\/2023\/10\/12\/alberto-fernandez-denuncio-a-milei-y-marra-por-sus-dichos-contra-el-peso\/"},"modified":"2023-10-12T01:45:04","modified_gmt":"2023-10-12T01:45:04","slug":"alberto-fernandez-denuncio-a-milei-y-marra-por-sus-dichos-contra-el-peso","status":"publish","type":"post","link":"https:\/\/elementor.radiosenvivo.com.ar\/index.php\/2023\/10\/12\/alberto-fernandez-denuncio-a-milei-y-marra-por-sus-dichos-contra-el-peso\/","title":{"rendered":"Alberto Fern\u00e1ndez denunci\u00f3 a Milei y Marra por sus dichos contra el peso"},"content":{"rendered":"<p> [ad_1]<br \/>\n<\/p>\n<div>\n<figure class=\"mb-3\"><img decoding=\"async\" src=\"https:\/\/www.telam.com.ar\/thumbs\/bluesteel\/advf\/imagenes\/2023\/06\/648731c61fcb2_1200.jpg\" class=\" lazy \" width=\"100%\" height=\"100%\" alt=\"Telam SE\"\/><figcaption\/><\/figure>\n<p> El presidente Alberto Fern\u00e1ndez denunci\u00f3 este mi\u00e9rcoles por <strong>\u00abintimidaci\u00f3n p\u00fablica\u00bb<\/strong> al candidato presidencial de La Libertad Avanza (LLA),<strong> Javier Milei<\/strong>, por considerar que su persistente desacreditaci\u00f3n de la moneda nacional caus\u00f3 \u00abtemor\u00bb en la ciudadan\u00eda y favoreci\u00f3 el desarrollo de una \u00abcorrida\u00bb bancaria en los \u00faltimos d\u00edas.\u00a0Adem\u00e1s, <strong>el Presidente denunci\u00f3 al legislador y candidato a jefe de Gobierno porte\u00f1o, Ramiro Marra<\/strong>, por recomendar a la ciudadan\u00eda a no ahorrar en pesos.<\/p>\n<p>\u00abComo consecuencia directa e inexorable de ese grupo de manifestaciones p\u00fablicas y masivas, y del temor consecuente, el valor de dicha moneda extranjera para el mercado paralelo ascendi\u00f3 estrepitosamente y en menos de un d\u00eda, desde los ochocientos setenta ($ 870) hasta los mil diez pesos ($ 1.010)\u00bb, dice el texto presentado ante la justicia por el Jefe de Estado.<\/p>\n<p>El aspirante libertario a gobernar la Argentina recomend\u00f3, en una entrevista, no ahorrar en la moneda nacional: \u00abJam\u00e1s en pesos, jam\u00e1s en pesos. El peso es la moneda que emite el pol\u00edtico argentino, por ende <strong>no puede valer ni excremento porque esas basuras no sirven ni para abono\u00bb.<\/strong><\/p>\n<p>Tambi\u00e9n el martes, en una jornada marcada por el pulso del d\u00f3lar paralelo, Marra public\u00f3 en su cuenta de la plataforma X (antes Twitter):<strong> \u00abHoy m\u00e1s que nunca: no ahorres en pesos. Cuida tu dinero, te cost\u00f3 mucho ganarlo\u00bb.<\/strong><\/p>\n<p>La denuncia del Presidente, que recay\u00f3 en el juzgado federal de Mar\u00eda Servini, est\u00e1 apoyada en el art\u00edculo 211 del C\u00f3digo Penal, que define el delito de intimidaci\u00f3n p\u00fablica como<strong> \u00abdar voces de alarma, hacer se\u00f1ales o utilizar otros medios materiales para infundir temor p\u00fablico o suscitar tumultos o des\u00f3rdenes\u00bb, con penas que van de los 2 a los 6 a\u00f1os de prisi\u00f3n.<\/strong><\/p>\n<h2 class=\"\">La denuncia<\/h2>\n<p>En su presentaci\u00f3n, Fern\u00e1ndez <strong>argument\u00f3 que la \u00abcorrida\u00bb experimentada en el mercado cambia<\/strong>rio en los \u00faltimos d\u00edas fue \u00abconsecuencia directa de estas afirmaciones p\u00fablicas y masivas de un grupo de personas con responsabilidad institucional definida, a trav\u00e9s de las cuales en primer lugar compararon la moneda nacional con excremento y \u2013a trav\u00e9s de un error conceptual- afirmaron que presentaba un mecanismo de emisi\u00f3n que no es ver\u00eddico ni acertado\u00bb.<\/p>\n<p><strong>\u00abSe trata en definitiva no de hechos aislados de personas comunes<\/strong>, sin responsabilidad institucional actual o futura, y sin significancia jur\u00eddica alguna; por el contrario, estos sucesos fueron llevados a cabo por individuos que o bien gozan de un cargo p\u00fablico electivo en ejercicio o bien se encuentran postulados para asumir otros similares\u00bb, consider\u00f3 Fern\u00e1ndez.<\/p>\n<p>Apenas trascendi\u00f3 la denuncia, <strong>Milei poste\u00f3 en la red social X: \u00abLa casta tiene miedo&#8230; La Libertad Avanza. Viva La Libertad Carajo\u00bb<\/strong> y luego sus voceros anunciaron la rueda de prensa de la tarde, junto a Marra, el otro denunciado por el Presidente.<\/p>\n<p>Los hechos de esta semana llevaron al ministro de Econom\u00eda y candidato a presidente de Uni\u00f3n por la Patria (UxP), Sergio Massa, a postergar la gira que iba a iniciar hoy por la regi\u00f3n cuyana y la Patagonia para ponerse al frente del operativo con el que el Gobierno busca controlar los movimientos del d\u00f3lar ilegal y poner en marcha una ofensiva contra los especuladores financieros.<\/p>\n<p><strong>Adem\u00e1s, en las pr\u00f3ximas horas anunciar\u00e1 \u00abmedidas para consolidar el sistema de reservas\u00bb y, as\u00ed -dijo-, \u00abel pr\u00f3ximo presidente no tenga problemas, sea yo u otro\u00bb.<\/strong><\/p>\n<blockquote class=\"\"><p>\u00abDesde la pol\u00edtica hay que ponerles el l\u00edmite a los irresponsables\u00bb, sentenci\u00f3 Massa, aunque sin nombrar a Milei.<\/p><\/blockquote>\n<p>Tambi\u00e9n, con relaci\u00f3n a quienes pueden incidir en las variaciones del precio del d\u00f3lar ilegal, el ministro declar\u00f3: <strong>\u00abCon el poder del Estado hay que ponerle el l\u00edmite a los delincuentes que juegan con el patrimonio y el ahorro de la gente\u00bb.<\/strong><\/p>\n<p>\u00abTenemos la preocupaci\u00f3n de que sobre la irresponsabilidad de algunos (Milei) aparece el curro de otros\u00bb, dispar\u00f3 Massa y agreg\u00f3: \u00abTengo claro quienes est\u00e1n haci\u00e9ndose los vivos y aunque me cueste la elecci\u00f3n, me voy a ocupar de que esos vivos vayan en cana\u00bb.<\/p>\n<h2 class=\"\">Repercusiones<\/h2>\n<p> Con una mirada similar, el ministro de Obras P\u00fablicas,<strong> Gabriel Katopodis<\/strong>, sostuvo que <strong>\u00abMilei no es un loco\u00bb<\/strong>, sino que \u00abtiene un plan, que es la hiperinflaci\u00f3n\u00bb porque \u00abquiere perjudicar al Gobierno\u00bb.<\/p>\n<p>\u00abCon su irresponsabilidad termina jodiendo a todos los argentinos y argentinas; al peronismo no se lo llevan por delante cuatro trasnochados, no nos van a torcer el brazo. <strong>Hay un peronismo firme y gobernando, que va a defender los intereses de nuestra gente\u00bb, enfatiz\u00f3.<\/strong><\/p>\n<p>De igual modo, el ministro de Desarrollo de la Comunidad de la provincia de Buenos Aires, <strong>Andr\u00e9s Larroque<\/strong>, calific\u00f3 a los dirigentes de LLA como \u00abcipayos y vendepatrias\u00bb por intentar \u00abpulverizar la moneda nacional\u00bb con sus declaraciones en contra del peso.<\/p>\n<p>\u00abSi hay un excremento ac\u00e1 son los cipayos y vendepatrias que, por el inter\u00e9s electoral y en la l\u00f3gica de pulverizar la moneda nacional para dejar al pa\u00eds con menos capacidad soberana, se brindan a este espect\u00e1culo espantoso\u201d, dijo Larroque en declaraciones a radio El Destape.<\/p>\n<p>Desde la vereda opositora, la candidata presidencial de Juntos por el Cambio (JxC), <strong>Patricia Bullrich<\/strong>, afirm\u00f3 que la econom\u00eda argentina est\u00e1 en una \u201cexplosi\u00f3n absoluta\u201d y <strong>acus\u00f3 a Milei de \u201csumar m\u00e1s chispa al fuego que est\u00e1 prendido\u201d.<\/strong><\/p>\n<p>El martes, el aspirante libertario a la Casa Rosada ya hab\u00eda sido denunciado por la abogada Valeria Carreras, quien consider\u00f3 -en su presentaci\u00f3n- que los dichos de los libertarios \u00abno hacen otra cosa que agitar el delicado momento econ\u00f3mico\u00bb.<\/p>\n<p>En paralelo, <strong>las entidades que nuclean a todos los bancos del pa\u00eds rechazaron en conjunto las declaraciones de Milei <\/strong>y reclamaron \u00abresponsabilidad, profesionalismo y vocaci\u00f3n de servicio\u00bb en el \u00faltimo tramo de la campa\u00f1a con vistas a los comicios del 22 de este mes.<\/p>\n<p>\u00abRecomendar no renovar los dep\u00f3sitos no hace otra cosa que generar preocupaci\u00f3n en un sector de la poblaci\u00f3n. La carrera a la Presidencia debe basarse en las competencias de ideas y capacidad de implementaci\u00f3n de las mismas\u00bb, indic\u00f3 un comunicado con las firmas de las asociaciones de Bancos Argentinos (Adeba), de Bancos P\u00fablicos y Privados de la Rep\u00fablica Argentina (Abappra), de la Banca Especializada (ABE) y de Bancos Argentinos (ABA).<\/p>\n<p>Este mi\u00e9rcoles tambi\u00e9n trascendi\u00f3 una nota publicada en el peri\u00f3dico estadounidense <strong>The New York Times<\/strong>, que alude a Milei como \u00abresponsable de que el peso se hunda\u00bb.<\/p>\n<p><strong>\u00abArgentina, un candidato de extrema derecha asciende y el peso se hunde\u00bb<\/strong>, es el t\u00edtulo del art\u00edculo.<\/p>\n<div class=\"jumbotron pt-4 mt-3\">\n<h3 class=\"module-title\">Milei asegur\u00f3 que se trata de \u00abensuciar el proceso electoral\u00bb para \u00abproscribir\u00bb su candidatura<\/h3>\n<p>El candidato presidencial por La Libertad Avanza, Javier Milei, afirm\u00f3 que \u00abse est\u00e1 tratando de ensuciar el proceso electoral e incluso proscribir\u00bb su candidatura, en respuesta a la denuncia en su contra radicada por el presidente Alberto Fern\u00e1ndez, y consider\u00f3 \u00abuna canallada hacer responsable de la corrida bancaria a la \u00fanica fuerza pol\u00edtica que propone el cambio\u00bb.<\/p>\n<p>\u00abLes digo al presidente Fern\u00e1ndez y la vicepresidenta (Cristina) Kirchner y al Presidente en funciones, el ministro de Econom\u00eda (Sergio) Massa, que nada va a poder evitar la paliza que les vamos a dar en las urnas\u00bb, augur\u00f3 Milei durante una conferencia de prensa en respuesta a la denuncia de Fern\u00e1ndez por \u00abintimidaci\u00f3n p\u00fablica\u00bb.<\/p>\n<p>El jefe de Estado consider\u00f3 la desacreditaci\u00f3n de la moneda nacional por parte de Milei caus\u00f3 \u00abtemor\u00bb en la ciudadan\u00eda y favoreci\u00f3 el desarrollo de una \u00abcorrida\u00bb bancaria en los \u00faltimos d\u00edas.<\/p>\n<p>El candidato libertario -en la conferencia realizada en las oficinas de la empresa Bull Market de Ramiro Marra, el candidato a jefe de Gobierno porte\u00f1o de LLA- consider\u00f3 tambi\u00e9n que desde el Gobierno \u00abse est\u00e1 tratando de ensuciar el proceso electoral e incluso proscribir a la fuerza pol\u00edtica que obtuvo mas votos en las PASO\u00bb, y asegur\u00f3 que \u00abla hiperinflaci\u00f3n no tiene nada que ver con nosotros\u00bb.<\/p>\n<p>\u00abSiguen tirando nafta al fuego \u00bfQu\u00e9 cre\u00edan que iba a pasar con el &#8216;plan platita&#8217;?\u00bb, se pregunt\u00f3. Y respondi\u00f3 a la denuncia asegurando que \u00abes una canallada hacer responsable de la corrida bancaria a la \u00fanica fuerza pol\u00edtica que propone el cambio\u00bb.<\/p>\n<\/p><\/div>\n<\/p><\/div>\n<p><script async defer crossorigin=\"anonymous\" src=\"https:\/\/connect.facebook.net\/es_LA\/sdk.js#xfbml=1&#038;version=v12.0\" nonce=\"SBlHQzIF\"><\/script><br \/>\n<br \/>[ad_2]<br \/>\n<br \/><a href=\"https:\/\/www.telam.com.ar\/notas\/202310\/643071-alberto-fernandez-denuncia-javier-milei.html\">Source link <\/a><\/p>\n","protected":false},"excerpt":{"rendered":"<p>[ad_1] El presidente Alberto Fern\u00e1ndez denunci\u00f3 este mi\u00e9rcoles por \u00abintimidaci\u00f3n p\u00fablica\u00bb al candidato presidencial de La Libertad Avanza (LLA), Javier Milei, por considerar que su persistente desacreditaci\u00f3n de la moneda nacional caus\u00f3 \u00abtemor\u00bb en la ciudadan\u00eda y favoreci\u00f3 el desarrollo de una \u00abcorrida\u00bb bancaria en los \u00faltimos d\u00edas.\u00a0Adem\u00e1s, el Presidente denunci\u00f3 al legislador y candidato [&hellip;]<\/p>\n","protected":false},"author":1,"featured_media":1641,"comment_status":"open","ping_status":"open","sticky":false,"template":"","format":"standard","meta":{"_et_pb_use_builder":"","_et_pb_old_content":"","_et_gb_content_width":"","_uag_custom_page_level_css":"","footnotes":""},"categories":[12],"tags":[],"uagb_featured_image_src":{"full":["https:\/\/elementor.radiosenvivo.com.ar\/wp-content\/uploads\/2023\/10\/64bfa59eb1c72_450.jpg",450,253,false],"thumbnail":["https:\/\/elementor.radiosenvivo.com.ar\/wp-content\/uploads\/2023\/10\/64bfa59eb1c72_450-150x150.jpg",150,150,true],"medium":["https:\/\/elementor.radiosenvivo.com.ar\/wp-content\/uploads\/2023\/10\/64bfa59eb1c72_450-300x169.jpg",300,169,true],"medium_large":["https:\/\/elementor.radiosenvivo.com.ar\/wp-content\/uploads\/2023\/10\/64bfa59eb1c72_450.jpg",450,253,false],"large":["https:\/\/elementor.radiosenvivo.com.ar\/wp-content\/uploads\/2023\/10\/64bfa59eb1c72_450.jpg",450,253,false],"1536x1536":["https:\/\/elementor.radiosenvivo.com.ar\/wp-content\/uploads\/2023\/10\/64bfa59eb1c72_450.jpg",450,253,false],"2048x2048":["https:\/\/elementor.radiosenvivo.com.ar\/wp-content\/uploads\/2023\/10\/64bfa59eb1c72_450.jpg",450,253,false],"et-pb-post-main-image":["https:\/\/elementor.radiosenvivo.com.ar\/wp-content\/uploads\/2023\/10\/64bfa59eb1c72_450-400x250.jpg",400,250,true],"et-pb-post-main-image-fullwidth":["https:\/\/elementor.radiosenvivo.com.ar\/wp-content\/uploads\/2023\/10\/64bfa59eb1c72_450.jpg",450,253,false],"et-pb-portfolio-image":["https:\/\/elementor.radiosenvivo.com.ar\/wp-content\/uploads\/2023\/10\/64bfa59eb1c72_450-400x253.jpg",400,253,true],"et-pb-portfolio-module-image":["https:\/\/elementor.radiosenvivo.com.ar\/wp-content\/uploads\/2023\/10\/64bfa59eb1c72_450.jpg",450,253,false],"et-pb-portfolio-image-single":["https:\/\/elementor.radiosenvivo.com.ar\/wp-content\/uploads\/2023\/10\/64bfa59eb1c72_450.jpg",450,253,false],"et-pb-gallery-module-image-portrait":["https:\/\/elementor.radiosenvivo.com.ar\/wp-content\/uploads\/2023\/10\/64bfa59eb1c72_450-400x253.jpg",400,253,true],"et-pb-post-main-image-fullwidth-large":["https:\/\/elementor.radiosenvivo.com.ar\/wp-content\/uploads\/2023\/10\/64bfa59eb1c72_450.jpg",450,253,false],"et-pb-image--responsive--desktop":["https:\/\/elementor.radiosenvivo.com.ar\/wp-content\/uploads\/2023\/10\/64bfa59eb1c72_450.jpg",450,253,false],"et-pb-image--responsive--tablet":["https:\/\/elementor.radiosenvivo.com.ar\/wp-content\/uploads\/2023\/10\/64bfa59eb1c72_450.jpg",450,253,false],"et-pb-image--responsive--phone":["https:\/\/elementor.radiosenvivo.com.ar\/wp-content\/uploads\/2023\/10\/64bfa59eb1c72_450.jpg",450,253,false]},"uagb_author_info":{"display_name":"admin","author_link":"https:\/\/elementor.radiosenvivo.com.ar\/index.php\/author\/admin\/"},"uagb_comment_info":0,"uagb_excerpt":"[ad_1] El presidente Alberto Fern\u00e1ndez denunci\u00f3 este mi\u00e9rcoles por \u00abintimidaci\u00f3n p\u00fablica\u00bb al candidato presidencial de La Libertad Avanza (LLA), Javier Milei, por considerar que su persistente desacreditaci\u00f3n de la moneda nacional caus\u00f3 \u00abtemor\u00bb en la ciudadan\u00eda y favoreci\u00f3 el desarrollo de una \u00abcorrida\u00bb bancaria en los \u00faltimos d\u00edas.\u00a0Adem\u00e1s, el Presidente denunci\u00f3 al legislador y candidato&hellip;","_links":{"self":[{"href":"https:\/\/elementor.radiosenvivo.com.ar\/index.php\/wp-json\/wp\/v2\/posts\/1640"}],"collection":[{"href":"https:\/\/elementor.radiosenvivo.com.ar\/index.php\/wp-json\/wp\/v2\/posts"}],"about":[{"href":"https:\/\/elementor.radiosenvivo.com.ar\/index.php\/wp-json\/wp\/v2\/types\/post"}],"author":[{"embeddable":true,"href":"https:\/\/elementor.radiosenvivo.com.ar\/index.php\/wp-json\/wp\/v2\/users\/1"}],"replies":[{"embeddable":true,"href":"https:\/\/elementor.radiosenvivo.com.ar\/index.php\/wp-json\/wp\/v2\/comments?post=1640"}],"version-history":[{"count":0,"href":"https:\/\/elementor.radiosenvivo.com.ar\/index.php\/wp-json\/wp\/v2\/posts\/1640\/revisions"}],"wp:featuredmedia":[{"embeddable":true,"href":"https:\/\/elementor.radiosenvivo.com.ar\/index.php\/wp-json\/wp\/v2\/media\/1641"}],"wp:attachment":[{"href":"https:\/\/elementor.radiosenvivo.com.ar\/index.php\/wp-json\/wp\/v2\/media?parent=1640"}],"wp:term":[{"taxonomy":"category","embeddable":true,"href":"https:\/\/elementor.radiosenvivo.com.ar\/index.php\/wp-json\/wp\/v2\/categories?post=1640"},{"taxonomy":"post_tag","embeddable":true,"href":"https:\/\/elementor.radiosenvivo.com.ar\/index.php\/wp-json\/wp\/v2\/tags?post=1640"}],"curies":[{"name":"wp","href":"https:\/\/api.w.org\/{rel}","templated":true}]}}