{"id":1625,"date":"2023-10-06T12:52:02","date_gmt":"2023-10-06T12:52:02","guid":{"rendered":"https:\/\/elementor.radiosenvivo.com.ar\/index.php\/2023\/10\/06\/con-dos-premios-nobel-de-la-paz-y-tres-por-ciencia-argentina-recibio-el-ultimo-en-1984\/"},"modified":"2023-10-06T12:52:02","modified_gmt":"2023-10-06T12:52:02","slug":"con-dos-premios-nobel-de-la-paz-y-tres-por-ciencia-argentina-recibio-el-ultimo-en-1984","status":"publish","type":"post","link":"https:\/\/elementor.radiosenvivo.com.ar\/index.php\/2023\/10\/06\/con-dos-premios-nobel-de-la-paz-y-tres-por-ciencia-argentina-recibio-el-ultimo-en-1984\/","title":{"rendered":"Con dos premios Nobel de la Paz y tres por ciencia, Argentina recibi\u00f3 el \u00faltimo en 1984"},"content":{"rendered":"<p> [ad_1]<br \/>\n<\/p>\n<div>\n<figure class=\"mb-3\"><img decoding=\"async\" src=\"https:\/\/www.telam.com.ar\/thumbs\/bluesteel\/advf\/imagenes\/2022\/03\/6244d0d3ab24f_1200.jpg\" class=\" lazy \" width=\"100%\" height=\"100%\" alt=\"En 1980 el arquitecto Adolfo Prez Esquivel obtuvo el Nobel de la Paz Foto Archivo\"\/><figcaption> En 1980, el arquitecto Adolfo P\u00e9rez Esquivel obtuvo el Nobel de la Paz. Foto: Archivo. <\/figcaption><\/figure>\n<p> Cinco profesionales <strong>argentinos<\/strong> recibieron entre <strong>1936 y 1984<\/strong> premios Nobel, <strong>dos de ellos de la Paz, y los dem\u00e1s por sus aportes cient\u00edficos<\/strong> aunque decenas de personalidades y organizaciones locales fueron postuladas en los \u00faltimos a\u00f1os.<\/p>\n<p>Seg\u00fan el listado hist\u00f3rico oficial del comit\u00e9 que otorga los premios, <strong>en 1936 fue distinguido el abogado y diplom\u00e1tico argentino Carlos Saavedra Lamas con el Nobel de la Paz <\/strong>\u00abpor su papel como padre del Pacto Antib\u00e9lico Argentino de 1933, que tambi\u00e9n utiliz\u00f3 como medio para mediar la paz entre Paraguay y Bolivia en 1935\u00bb.<\/p>\n<p><figure class=\"mb-3\"><img decoding=\"async\" src=\"https:\/\/www.telam.com.ar\/thumbs\/bluesteel\/advf\/imagenes\/2021\/11\/61a66d688d2e2_1200.jpg\" class=\" lazy \" width=\"100%\" height=\"100%\" alt=\"En 1936 el abogado y diplomtico argentino Carlos Saavedra Lamas fue distinguido con el Nobel de la Paz\"\/><figcaption> En 1936 el abogado y diplom\u00e1tico argentino Carlos Saavedra Lamas fue distinguido con el Nobel de la Paz. <\/figcaption><\/figure>\n<p><strong>En 1947, el galard\u00f3n fue para el m\u00e9dico Bernardo Houssay en Fisiolog\u00eda Medicina<\/strong> por su descubrimiento del \u00abpapel que desempe\u00f1a la hormona del l\u00f3bulo pituitario anterior en el metabolismo del az\u00facar\u00bb junto a los bioqu\u00edmicos estadounidenses Carl Ferdinand Cori y la alemana Gerty Cori.<\/p>\n<p><figure class=\"mb-3\"><img decoding=\"async\" src=\"https:\/\/www.telam.com.ar\/thumbs\/bluesteel\/advf\/imagenes\/2021\/09\/6149aaa79282d_1200.jpg\" class=\" lazy \" width=\"100%\" height=\"100%\" alt=\"En 1947 el galardn fue para el mdico Bernardo Houssay\"\/><figcaption> En 1947, el galard\u00f3n fue para el m\u00e9dico Bernardo Houssay. <\/figcaption><\/figure>\n<p>Otro m\u00e9dico y bioqu\u00edmico, <strong>Luis Federico Leloir, recibi\u00f3 en 1970 el premio en la categor\u00eda Qu\u00edmica<\/strong> por el \u00abdescubrimiento de los nucle\u00f3tidos de az\u00facar y su papel en la bios\u00edntesis de carbohidratos\u00bb.<\/p>\n<p><figure class=\"mb-3\"><img decoding=\"async\" src=\"https:\/\/www.telam.com.ar\/thumbs\/bluesteel\/advf\/imagenes\/2020\/12\/5fd2328d4c6ea_1200.jpg\" class=\" lazy \" width=\"100%\" height=\"100%\" alt=\"Luis Federico Leloir recibi en 1970 el premio en la categora Qumica\"\/><figcaption> Luis Federico Leloir recibi\u00f3 en 1970 el premio en la categor\u00eda Qu\u00edmica. <\/figcaption><\/figure>\n<p><strong>En 1980, el arquitecto Adolfo P\u00e9rez Esquivel<\/strong>, fundador del Servicio de Paz y Justicia (Serpaj), <strong>obtuvo el Nobel de la Paz<\/strong> \u00abpor ser fuente de inspiraci\u00f3n para los reprimidos, especialmente en Am\u00e9rica Latina\u00bb, ante su lucha contra la dictadura militar en reclamo de los desaparecidos.<\/p>\n<p>\u200bEn tanto, <strong>en 1984, el qu\u00edmico bonaerense C\u00e9sar Milstein obtuvo el m\u00e1ximo galard\u00f3n en Medicina<\/strong> por \u00abteor\u00edas relativas a la especificidad en el desarrollo y control del sistema inmunol\u00f3gico y el descubrimiento del principio para la producci\u00f3n de anticuerpos monoclonales\u00bb.\u00a0Este premio le fue otorgado junto al inmun\u00f3logo dan\u00e9s Niels Kaj Jerne y el bi\u00f3logo alem\u00e1n Georges K\u00f6hler.<\/p>\n<p><figure class=\"mb-3\"><img decoding=\"async\" src=\"https:\/\/www.telam.com.ar\/thumbs\/bluesteel\/advf\/imagenes\/2021\/01\/60018611c95af_1200.jpg\" class=\" lazy \" width=\"100%\" height=\"100%\" alt=\"8203En 1984 el qumico bonaerense Csar Milstein obtuvo el galardn en Medicina \"\/><figcaption> \u200bEn 1984, el qu\u00edmico bonaerense C\u00e9sar Milstein obtuvo el galard\u00f3n en Medicina. <\/figcaption><\/figure>\n<\/p>\n<\/div>\n<p><script async defer crossorigin=\"anonymous\" src=\"https:\/\/connect.facebook.net\/es_LA\/sdk.js#xfbml=1&#038;version=v12.0\" nonce=\"SBlHQzIF\"><\/script><br \/>\n<br \/>[ad_2]<br \/>\n<br \/><a href=\"https:\/\/www.telam.com.ar\/notas\/202310\/642568-premio-nobel-argentina.html\">Source link <\/a><\/p>\n","protected":false},"excerpt":{"rendered":"<p>[ad_1] En 1980, el arquitecto Adolfo P\u00e9rez Esquivel obtuvo el Nobel de la Paz. Foto: Archivo. Cinco profesionales argentinos recibieron entre 1936 y 1984 premios Nobel, dos de ellos de la Paz, y los dem\u00e1s por sus aportes cient\u00edficos aunque decenas de personalidades y organizaciones locales fueron postuladas en los \u00faltimos a\u00f1os. Seg\u00fan el listado [&hellip;]<\/p>\n","protected":false},"author":1,"featured_media":1626,"comment_status":"open","ping_status":"open","sticky":false,"template":"","format":"standard","meta":{"_et_pb_use_builder":"","_et_pb_old_content":"","_et_gb_content_width":"","_uag_custom_page_level_css":"","footnotes":""},"categories":[1],"tags":[],"uagb_featured_image_src":{"full":["https:\/\/elementor.radiosenvivo.com.ar\/wp-content\/uploads\/2023\/10\/6244d0d3ab24f_450.jpg",450,253,false],"thumbnail":["https:\/\/elementor.radiosenvivo.com.ar\/wp-content\/uploads\/2023\/10\/6244d0d3ab24f_450-150x150.jpg",150,150,true],"medium":["https:\/\/elementor.radiosenvivo.com.ar\/wp-content\/uploads\/2023\/10\/6244d0d3ab24f_450-300x169.jpg",300,169,true],"medium_large":["https:\/\/elementor.radiosenvivo.com.ar\/wp-content\/uploads\/2023\/10\/6244d0d3ab24f_450.jpg",450,253,false],"large":["https:\/\/elementor.radiosenvivo.com.ar\/wp-content\/uploads\/2023\/10\/6244d0d3ab24f_450.jpg",450,253,false],"1536x1536":["https:\/\/elementor.radiosenvivo.com.ar\/wp-content\/uploads\/2023\/10\/6244d0d3ab24f_450.jpg",450,253,false],"2048x2048":["https:\/\/elementor.radiosenvivo.com.ar\/wp-content\/uploads\/2023\/10\/6244d0d3ab24f_450.jpg",450,253,false],"et-pb-post-main-image":["https:\/\/elementor.radiosenvivo.com.ar\/wp-content\/uploads\/2023\/10\/6244d0d3ab24f_450-400x250.jpg",400,250,true],"et-pb-post-main-image-fullwidth":["https:\/\/elementor.radiosenvivo.com.ar\/wp-content\/uploads\/2023\/10\/6244d0d3ab24f_450.jpg",450,253,false],"et-pb-portfolio-image":["https:\/\/elementor.radiosenvivo.com.ar\/wp-content\/uploads\/2023\/10\/6244d0d3ab24f_450-400x253.jpg",400,253,true],"et-pb-portfolio-module-image":["https:\/\/elementor.radiosenvivo.com.ar\/wp-content\/uploads\/2023\/10\/6244d0d3ab24f_450.jpg",450,253,false],"et-pb-portfolio-image-single":["https:\/\/elementor.radiosenvivo.com.ar\/wp-content\/uploads\/2023\/10\/6244d0d3ab24f_450.jpg",450,253,false],"et-pb-gallery-module-image-portrait":["https:\/\/elementor.radiosenvivo.com.ar\/wp-content\/uploads\/2023\/10\/6244d0d3ab24f_450-400x253.jpg",400,253,true],"et-pb-post-main-image-fullwidth-large":["https:\/\/elementor.radiosenvivo.com.ar\/wp-content\/uploads\/2023\/10\/6244d0d3ab24f_450.jpg",450,253,false],"et-pb-image--responsive--desktop":["https:\/\/elementor.radiosenvivo.com.ar\/wp-content\/uploads\/2023\/10\/6244d0d3ab24f_450.jpg",450,253,false],"et-pb-image--responsive--tablet":["https:\/\/elementor.radiosenvivo.com.ar\/wp-content\/uploads\/2023\/10\/6244d0d3ab24f_450.jpg",450,253,false],"et-pb-image--responsive--phone":["https:\/\/elementor.radiosenvivo.com.ar\/wp-content\/uploads\/2023\/10\/6244d0d3ab24f_450.jpg",450,253,false]},"uagb_author_info":{"display_name":"admin","author_link":"https:\/\/elementor.radiosenvivo.com.ar\/index.php\/author\/admin\/"},"uagb_comment_info":0,"uagb_excerpt":"[ad_1] En 1980, el arquitecto Adolfo P\u00e9rez Esquivel obtuvo el Nobel de la Paz. Foto: Archivo. Cinco profesionales argentinos recibieron entre 1936 y 1984 premios Nobel, dos de ellos de la Paz, y los dem\u00e1s por sus aportes cient\u00edficos aunque decenas de personalidades y organizaciones locales fueron postuladas en los \u00faltimos a\u00f1os. Seg\u00fan el listado&hellip;","_links":{"self":[{"href":"https:\/\/elementor.radiosenvivo.com.ar\/index.php\/wp-json\/wp\/v2\/posts\/1625"}],"collection":[{"href":"https:\/\/elementor.radiosenvivo.com.ar\/index.php\/wp-json\/wp\/v2\/posts"}],"about":[{"href":"https:\/\/elementor.radiosenvivo.com.ar\/index.php\/wp-json\/wp\/v2\/types\/post"}],"author":[{"embeddable":true,"href":"https:\/\/elementor.radiosenvivo.com.ar\/index.php\/wp-json\/wp\/v2\/users\/1"}],"replies":[{"embeddable":true,"href":"https:\/\/elementor.radiosenvivo.com.ar\/index.php\/wp-json\/wp\/v2\/comments?post=1625"}],"version-history":[{"count":0,"href":"https:\/\/elementor.radiosenvivo.com.ar\/index.php\/wp-json\/wp\/v2\/posts\/1625\/revisions"}],"wp:featuredmedia":[{"embeddable":true,"href":"https:\/\/elementor.radiosenvivo.com.ar\/index.php\/wp-json\/wp\/v2\/media\/1626"}],"wp:attachment":[{"href":"https:\/\/elementor.radiosenvivo.com.ar\/index.php\/wp-json\/wp\/v2\/media?parent=1625"}],"wp:term":[{"taxonomy":"category","embeddable":true,"href":"https:\/\/elementor.radiosenvivo.com.ar\/index.php\/wp-json\/wp\/v2\/categories?post=1625"},{"taxonomy":"post_tag","embeddable":true,"href":"https:\/\/elementor.radiosenvivo.com.ar\/index.php\/wp-json\/wp\/v2\/tags?post=1625"}],"curies":[{"name":"wp","href":"https:\/\/api.w.org\/{rel}","templated":true}]}}