{"id":1617,"date":"2023-10-03T16:34:45","date_gmt":"2023-10-03T16:34:45","guid":{"rendered":"https:\/\/elementor.radiosenvivo.com.ar\/index.php\/2023\/10\/03\/milei-recela-practicamente-de-todo-el-aparato-del-estado-excepto-en-lo-represivo\/"},"modified":"2023-10-03T16:34:45","modified_gmt":"2023-10-03T16:34:45","slug":"milei-recela-practicamente-de-todo-el-aparato-del-estado-excepto-en-lo-represivo","status":"publish","type":"post","link":"https:\/\/elementor.radiosenvivo.com.ar\/index.php\/2023\/10\/03\/milei-recela-practicamente-de-todo-el-aparato-del-estado-excepto-en-lo-represivo\/","title":{"rendered":"&#8216;Milei recela pr\u00e1cticamente de todo el aparato del Estado, excepto en lo represivo&#8217;"},"content":{"rendered":"<p> [ad_1]<br \/>\n<\/p>\n<div>\n<figure class=\"mb-3\"><img decoding=\"async\" src=\"https:\/\/www.telam.com.ar\/thumbs\/bluesteel\/advf\/imagenes\/2023\/04\/644b049ab51b3_1200.jpg\" class=\" lazy \" width=\"100%\" height=\"100%\" alt=\"Martn Kohan escritor y ensayista Foto Cris Sille\"\/><figcaption> Mart\u00edn Kohan, escritor y ensayista \/ Foto: Cris Sille. <\/figcaption><\/figure>\n<p> El escritor y ensayista Mart\u00edn Kohan critic\u00f3 al candidato presidencial de La Libertad Avanza (LLA), Javier Milei, por negar durante el debate llevado a cabo el domingo en Santiago del Estero la existencia de 30.000 detenidos desaparecidos por la \u00faltima dictadura militar y referirse como \u00abexcesos\u00bb a la acci\u00f3n represiva del r\u00e9gimen entre 1976 y 1983, al considerar que el postulante ultraliberal \u00abrecela\u00bb del Estado, \u00abexcepto en su faceta represiva\u00bb.<\/p>\n<p>\u00abMilei recela del aparato del Estado en, pr\u00e1cticamente, todos los aspectos; en la dimensi\u00f3n econ\u00f3mica y de la justicia social a la que detesta. Pero todo lo que tiene que ver con el aparato represivo estatal no le produce inquietud y le parece bien. Qu\u00e9 raro que este anarco-libertario recela del Estado en casi todas sus facetas excepto la represiva\u00bb, consider\u00f3 Kohan.<\/p>\n<p>En declaraciones a El Destape Radio, el autor, entre otras obras, de \u00abDos veces junio\u00bb y \u00abCiencias morales\u00bb, Premio Herralde de Novela en 2007, opin\u00f3 que <strong>cuando Milei habla de \u00abexcesos\u00bb y \u00aberrores\u00bb acerca del accionar represivo de la dictadura incurre en \u00abuna falacia\u00bb <\/strong>porque la que llev\u00f3 adelante el r\u00e9gimen militar fue una \u00abplanificaci\u00f3n sistem\u00e1tica\u00bb contra opositores. \u00abSobre eso hay un gesto de negacionismo\u00bb, afirm\u00f3 Kohan.<\/p>\n<blockquote class=\"\"><p>\u00abDurante los &#8217;70 hubo una guerra, donde las fuerzas del Estado cometieron excesos\u00bb<cite class=\"author\">Javier Milei<\/cite><\/p><\/blockquote>\n<p> El escritor tambi\u00e9n asegur\u00f3 que la compa\u00f1era de f\u00f3rmula presidencial de Milei en LLA,\u00a0<strong>Victoria Villarruel,\u00a0manifiesta una \u00abadhesi\u00f3n expl\u00edcita\u00bb a lo que fue una \u00abmaquinaria represiva del terrorismo de Estado. Considera que fue justa y necesaria, y adhiere a lo que pas\u00f3\u00bb<\/strong>, insisti\u00f3.<\/p>\n<p><strong>Kohan calific\u00f3 de \u00abpreocupantes\u00bb a las declaraciones de Milei <\/strong>durante el primer debate que protagonizaron los candidatos presidenciales el domingo en Santiago del Estero. El aspirante de LLA afirm\u00f3 all\u00ed que \u00abno fueron 30.000 los desaparecidos\u00bb por la represi\u00f3n que ejerci\u00f3 \u00faltima dictadura c\u00edvico militar, sino \u00ab8.753\u00bb.<\/p>\n<p><strong>\u00abEstamos absolutamente en contra de la visi\u00f3n tuerta de la historia. Durante los &#8217;70 hubo una guerra, donde las fuerzas del Estado cometieron excesos y le vale todo el peso de la Ley. Tambi\u00e9n los terroristas de Montoneros y ERP mataron gente y cometieron delitos de lesa humanidad\u00bb<\/strong>, mencion\u00f3 Milei.<\/p>\n<p><figure class=\"mb-3\"><img decoding=\"async\" src=\"https:\/\/www.telam.com.ar\/thumbs\/bluesteel\/advf\/imagenes\/2023\/10\/651a170e20664_1200.jpg\" class=\" lazy \" width=\"100%\" height=\"100%\" alt=\"En el primer debate el libertario llam excesos a las violaciones a los derechos humanos Foto Prensa\"\/><figcaption> En el primer debate, el libertario llam\u00f3 \u00abexcesos\u00bb a las violaciones a los derechos humanos \/ Foto: Prensa. <\/figcaption><\/figure>\n<p>Al respecto, Kohan record\u00f3 que en la Argentina los cr\u00edmenes de lesa humanidad son considerados graves violaciones a los derechos humanos por su extrema gravedad y, en particular, por la intervenci\u00f3n de las autoridades estatales o su incapacidad para reprimirlos.<\/p>\n<p>\u00ab\u00bfC\u00f3mo alguien que no para de hablar del Estado (en referencia a Milei) pasa por alto esa diferencia sustancial?\u00bb, se pregunt\u00f3.<\/p>\n<p>En 2017, Kohan protagoniz\u00f3 un cruce televisivo con quien se hab\u00eda desempe\u00f1ado hasta el a\u00f1o anterior como ministro de Cultura porte\u00f1o y director del Teatro Col\u00f3n, <strong>Dar\u00edo Lop\u00e9rfido, quien debi\u00f3 renunciar tiempo despu\u00e9s de negar la existencia de 30.000 desaparecidos <\/strong>por la dictadura.<\/p>\n<p>\u00abLa cifra de 30.000 es abierta. Es una interpelaci\u00f3n al Estado, es una exigencia de respuesta. No tenemos muertos, tenemos desaparecidos, porque<strong> la represi\u00f3n fue clandestina, porque no hubo cuerpos, porque se siguen buscando los cuerpos<\/strong>, porque se siguen buscando los ni\u00f1os apropiados\u00bb, respondi\u00f3 el escritor en aquel momento.<\/p>\n<blockquote class=\"\"><p>\u00abEl aparato represivo del Estado oper\u00f3 de manera tal que activ\u00f3 una maquinaria de desaparici\u00f3n forzada de sus detenidos. Si no lo conceptualizamos, estamos falseando la historia\u00bb<cite class=\"author\">Mart\u00edn Kohan<\/cite><\/p><\/blockquote>\n<p> Esta vez, acerca de la negaci\u00f3n de la cifra de 30.000 desaparecidos que expres\u00f3 Milei el domingo, Kohan dijo que no se trata del \u00abbalance de una empresa\u00bb sino de \u00abun n\u00famero que, cuando uno lo conceptualiza, dice much\u00edsimo\u00bb.<\/p>\n<p>\u00abSin conceptualizarlo, no nos habilita a pensar la figura del desaparecido y c\u00f3mo abarcamos el hecho verdadero de que el aparato represivo del Estado oper\u00f3 de manera tal que activ\u00f3 una maquinaria de desaparici\u00f3n forzada de sus detenidos. Si no lo conceptualizamos, estamos falseando la historia\u00bb, plante\u00f3.<\/p>\n<p>Y culmin\u00f3: \u00abSi nos posicionamos frente a una escena de verificaci\u00f3n, no se entiende qu\u00e9 pas\u00f3 realmente durante el terrorismo de Estado y qu\u00e9 reclamamos: <strong>que digan d\u00f3nde est\u00e1n los cuerpos y las identidades de los beb\u00e9s secuestrados y apropiados hasta el d\u00eda de hoy<\/strong>. Es la sociedad la que reclama esa informaci\u00f3n\u00bb.<\/p>\n<\/div>\n<p><script async defer crossorigin=\"anonymous\" src=\"https:\/\/connect.facebook.net\/es_LA\/sdk.js#xfbml=1&#038;version=v12.0\" nonce=\"SBlHQzIF\"><\/script><br \/>\n<br \/>[ad_2]<br \/>\n<br \/><a href=\"https:\/\/www.telam.com.ar\/notas\/202310\/642122-martin-kohan-critica-javier-milei.html\">Source link <\/a><\/p>\n","protected":false},"excerpt":{"rendered":"<p>[ad_1] Mart\u00edn Kohan, escritor y ensayista \/ Foto: Cris Sille. El escritor y ensayista Mart\u00edn Kohan critic\u00f3 al candidato presidencial de La Libertad Avanza (LLA), Javier Milei, por negar durante el debate llevado a cabo el domingo en Santiago del Estero la existencia de 30.000 detenidos desaparecidos por la \u00faltima dictadura militar y referirse como [&hellip;]<\/p>\n","protected":false},"author":1,"featured_media":1618,"comment_status":"open","ping_status":"open","sticky":false,"template":"","format":"standard","meta":{"_et_pb_use_builder":"","_et_pb_old_content":"","_et_gb_content_width":"","_uag_custom_page_level_css":"","footnotes":""},"categories":[1],"tags":[],"uagb_featured_image_src":{"full":["https:\/\/elementor.radiosenvivo.com.ar\/wp-content\/uploads\/2023\/10\/644b049ab51b3_450.jpg",450,253,false],"thumbnail":["https:\/\/elementor.radiosenvivo.com.ar\/wp-content\/uploads\/2023\/10\/644b049ab51b3_450-150x150.jpg",150,150,true],"medium":["https:\/\/elementor.radiosenvivo.com.ar\/wp-content\/uploads\/2023\/10\/644b049ab51b3_450-300x169.jpg",300,169,true],"medium_large":["https:\/\/elementor.radiosenvivo.com.ar\/wp-content\/uploads\/2023\/10\/644b049ab51b3_450.jpg",450,253,false],"large":["https:\/\/elementor.radiosenvivo.com.ar\/wp-content\/uploads\/2023\/10\/644b049ab51b3_450.jpg",450,253,false],"1536x1536":["https:\/\/elementor.radiosenvivo.com.ar\/wp-content\/uploads\/2023\/10\/644b049ab51b3_450.jpg",450,253,false],"2048x2048":["https:\/\/elementor.radiosenvivo.com.ar\/wp-content\/uploads\/2023\/10\/644b049ab51b3_450.jpg",450,253,false],"et-pb-post-main-image":["https:\/\/elementor.radiosenvivo.com.ar\/wp-content\/uploads\/2023\/10\/644b049ab51b3_450-400x250.jpg",400,250,true],"et-pb-post-main-image-fullwidth":["https:\/\/elementor.radiosenvivo.com.ar\/wp-content\/uploads\/2023\/10\/644b049ab51b3_450.jpg",450,253,false],"et-pb-portfolio-image":["https:\/\/elementor.radiosenvivo.com.ar\/wp-content\/uploads\/2023\/10\/644b049ab51b3_450-400x253.jpg",400,253,true],"et-pb-portfolio-module-image":["https:\/\/elementor.radiosenvivo.com.ar\/wp-content\/uploads\/2023\/10\/644b049ab51b3_450.jpg",450,253,false],"et-pb-portfolio-image-single":["https:\/\/elementor.radiosenvivo.com.ar\/wp-content\/uploads\/2023\/10\/644b049ab51b3_450.jpg",450,253,false],"et-pb-gallery-module-image-portrait":["https:\/\/elementor.radiosenvivo.com.ar\/wp-content\/uploads\/2023\/10\/644b049ab51b3_450-400x253.jpg",400,253,true],"et-pb-post-main-image-fullwidth-large":["https:\/\/elementor.radiosenvivo.com.ar\/wp-content\/uploads\/2023\/10\/644b049ab51b3_450.jpg",450,253,false],"et-pb-image--responsive--desktop":["https:\/\/elementor.radiosenvivo.com.ar\/wp-content\/uploads\/2023\/10\/644b049ab51b3_450.jpg",450,253,false],"et-pb-image--responsive--tablet":["https:\/\/elementor.radiosenvivo.com.ar\/wp-content\/uploads\/2023\/10\/644b049ab51b3_450.jpg",450,253,false],"et-pb-image--responsive--phone":["https:\/\/elementor.radiosenvivo.com.ar\/wp-content\/uploads\/2023\/10\/644b049ab51b3_450.jpg",450,253,false]},"uagb_author_info":{"display_name":"admin","author_link":"https:\/\/elementor.radiosenvivo.com.ar\/index.php\/author\/admin\/"},"uagb_comment_info":0,"uagb_excerpt":"[ad_1] Mart\u00edn Kohan, escritor y ensayista \/ Foto: Cris Sille. El escritor y ensayista Mart\u00edn Kohan critic\u00f3 al candidato presidencial de La Libertad Avanza (LLA), Javier Milei, por negar durante el debate llevado a cabo el domingo en Santiago del Estero la existencia de 30.000 detenidos desaparecidos por la \u00faltima dictadura militar y referirse como&hellip;","_links":{"self":[{"href":"https:\/\/elementor.radiosenvivo.com.ar\/index.php\/wp-json\/wp\/v2\/posts\/1617"}],"collection":[{"href":"https:\/\/elementor.radiosenvivo.com.ar\/index.php\/wp-json\/wp\/v2\/posts"}],"about":[{"href":"https:\/\/elementor.radiosenvivo.com.ar\/index.php\/wp-json\/wp\/v2\/types\/post"}],"author":[{"embeddable":true,"href":"https:\/\/elementor.radiosenvivo.com.ar\/index.php\/wp-json\/wp\/v2\/users\/1"}],"replies":[{"embeddable":true,"href":"https:\/\/elementor.radiosenvivo.com.ar\/index.php\/wp-json\/wp\/v2\/comments?post=1617"}],"version-history":[{"count":0,"href":"https:\/\/elementor.radiosenvivo.com.ar\/index.php\/wp-json\/wp\/v2\/posts\/1617\/revisions"}],"wp:featuredmedia":[{"embeddable":true,"href":"https:\/\/elementor.radiosenvivo.com.ar\/index.php\/wp-json\/wp\/v2\/media\/1618"}],"wp:attachment":[{"href":"https:\/\/elementor.radiosenvivo.com.ar\/index.php\/wp-json\/wp\/v2\/media?parent=1617"}],"wp:term":[{"taxonomy":"category","embeddable":true,"href":"https:\/\/elementor.radiosenvivo.com.ar\/index.php\/wp-json\/wp\/v2\/categories?post=1617"},{"taxonomy":"post_tag","embeddable":true,"href":"https:\/\/elementor.radiosenvivo.com.ar\/index.php\/wp-json\/wp\/v2\/tags?post=1617"}],"curies":[{"name":"wp","href":"https:\/\/api.w.org\/{rel}","templated":true}]}}