{"id":1609,"date":"2023-10-02T03:24:56","date_gmt":"2023-10-02T03:24:56","guid":{"rendered":"https:\/\/elementor.radiosenvivo.com.ar\/index.php\/2023\/10\/02\/tras-el-ataque-suicida-en-ankara-hubo-un-bombardeo-turco-al-territorio-kurdo-en-irak\/"},"modified":"2023-10-02T03:24:56","modified_gmt":"2023-10-02T03:24:56","slug":"tras-el-ataque-suicida-en-ankara-hubo-un-bombardeo-turco-al-territorio-kurdo-en-irak","status":"publish","type":"post","link":"https:\/\/elementor.radiosenvivo.com.ar\/index.php\/2023\/10\/02\/tras-el-ataque-suicida-en-ankara-hubo-un-bombardeo-turco-al-territorio-kurdo-en-irak\/","title":{"rendered":"Tras el ataque suicida en Ankara, hubo un bombardeo turco al territorio kurdo en Irak"},"content":{"rendered":"<p> [ad_1]<br \/>\n<\/p>\n<div>\n<figure class=\"mb-3\"><img decoding=\"async\" src=\"https:\/\/www.telam.com.ar\/thumbs\/bluesteel\/advf\/imagenes\/2023\/10\/651979bc51d11_1200.jpg\" class=\" lazy \" width=\"100%\" height=\"100%\" alt=\"Foto AFP\"\/><figcaption> Foto: AFP. <\/figcaption><\/figure>\n<p> Un atacante suicida se inmol\u00f3 este domingo al detonar un artefacto explosivo que llevaba consigo en el centro de Ankara y un segundo agresor muri\u00f3 en un tiroteo con la polic\u00eda, y luego de que el partido kurdo se adjudicara el atentado, Turqu\u00eda respondi\u00f3 bombardeando sectores de esa poblaci\u00f3n en Irak.<\/p>\n<p><strong>El Partido de los Trabajadores del Kurdist\u00e1n (PKK), <\/strong>un grupo separatista kurdo cuya guerra de m\u00e1s de cuatro d\u00e9cadas con el Estado turco ya dej\u00f3 decenas miles de muertos, <strong>dijo que el atentado, que dej\u00f3 dos polic\u00edas heridos, fue cometido por miembros suyos.<\/strong><\/p>\n<p>El ataque ocurri\u00f3 cerca de una de las entradas del Ministerio del Interior horas antes de que el Parlamento reabriera sus puertas despu\u00e9s de su receso estival de tres meses, con un discurso del presidente Recep Tayyip Erdogan, que conden\u00f3 el atentado.<\/p>\n<p>\u00abLos desquiciados que amenazan la paz y la seguridad de los ciudadanos no lograr\u00e1n jam\u00e1s sus objetivos\u00bb, dijo Erdogan ante los diputados al inaugurar el periodo de sesiones.<\/p>\n<p><strong>La poblaci\u00f3n kurda, conocida como \u00abla etnia sin Estado\u00bb, reclam\u00f3 hist\u00f3ricamente un territorio que actualmente pertenece a Turqu\u00eda, Irak, Ir\u00e1n y Siria<\/strong>, para la creaci\u00f3n de una naci\u00f3n propia denominada Kurdist\u00e1n.<\/p>\n<p><strong>La respuesta de Turqu\u00eda<\/strong> lleg\u00f3 horas m\u00e1s tarde, cuando <strong>bombarde\u00f3 varios sectores de poblaci\u00f3n kurda en el norte de Irak, una zona reivindicada por ese pueblo como parte del Kurdist\u00e1n.<\/strong><\/p>\n<p>\u00abLos aviones del ej\u00e9rcito turco bombardearon sectores de la regi\u00f3n de Bradost hacia las 21.20 (las 15.20 en la Argentina), as\u00ed como la aldea de Badran\u00bb, indic\u00f3 el alcalde de Sidakan -cerca de la frontera con Turqu\u00eda e Ir\u00e1n-, Ihsan Chelabi, seg\u00fan la agencia de noticias AFP.<\/p>\n<p>El Ministerio de Defensa turco reconoci\u00f3 en un comunicado una \u00aboperaci\u00f3n a\u00e9rea\u00bb en el norte de Irak para \u00abneutralizar el PKK\u00bb, considerado como terrorista por Turqu\u00eda y sus aliados occidentales.<\/p>\n<p><strong>\u00abLos hemos atacado por sorpresa en sus guaridas durante la noche y vamos a seguir atacando; esta lucha no terminar\u00e1 hasta que no quede ning\u00fan terrorista\u00bb, apunt\u00f3 Defensa<\/strong> en un comunicado publicado en redes sociales, seg\u00fan la agencia Europa Press.<\/p>\n<p>Bombardearon \u00abcuevas, b\u00fankeres, refugios y almacenes utilizados por la organizaci\u00f3n terrorista separatista\u00bb, dijo la nota.<\/p>\n<blockquote class=\"twitter-tweet\">\n<p lang=\"tr\" dir=\"ltr\">Hain ter\u00f6r sald\u0131r\u0131s\u0131 giri\u015fiminde yaralanan kahraman polislerimiz Alim Reis Demirel ve Erkan Karata\u015f\u2019\u0131 tedavi g\u00f6rd\u00fckleri hastanede ziyaret ettim.<\/p>\n<p>\u0130ki kahraman\u0131m\u0131z\u0131n da durumu \u015f\u00fck\u00fcrler olsun iyi.<\/p>\n<p>Rabbimden acil \u015fifalar diliyorum.<\/p>\n<p>Ve bir kez daha tekrarl\u0131yorum:<\/p>\n<p>AZ\u0130Z M\u0130LLET\u0130M\u0130Z\u0130N\u2026 <a href=\"https:\/\/t.co\/Mde89p2ypg\">pic.twitter.com\/Mde89p2ypg<\/a><\/p>\n<p>\u2014 Ali Yerlikaya (@AliYerlikaya) <a href=\"https:\/\/twitter.com\/AliYerlikaya\/status\/1708468211593683061?ref_src=twsrc%5Etfw\">October 1, 2023<\/a><\/p><\/blockquote>\n<p>Este ataque contra territorio irak\u00ed se ampara en el Art\u00edculo 51 de la Carta de Naciones Unidas, argument\u00f3 Turqu\u00eda.<\/p>\n<p>El texto recoge el \u00abderecho inherente a la defensa propia de un individuo o colectivo\u00bb ante un \u00abataque armado contra un miembro de Naciones Unidas\u00bb.<\/p>\n<p><strong>Los dos polic\u00edas heridos en el atentado sufrieron lesiones leves, dijo el ministro Ali Yerlikaya en la red social X (ex-Twitter).<\/strong><\/p>\n<p>Los agresores llegaron al lugar a bordo de un veh\u00edculo, explic\u00f3.<\/p>\n<p>\u00ab<strong>Uno de ellos se hizo estallar, mientras que el otro recibi\u00f3 un disparo en la cabeza antes de que tuviera la oportunidad de hacerlo\u00bb,<\/strong> agreg\u00f3.<\/p>\n<p>El ministro no dijo qui\u00e9n estaba detr\u00e1s del ataque, que horas m\u00e1s tarde fue reivindicado por el PKK. Grupos de extrema izquierda y la organizaci\u00f3n fundamentalista isl\u00e1mica Estado Isl\u00e1mico tambi\u00e9n llevaron a cabo ataques mortales en el pa\u00eds en el pasado.<\/p>\n<p><strong>\u00abSe cometi\u00f3 un acto de sacrificio contra el Ministerio del Interior turco, por un equipo dependiente de nuestra Brigada de los Inmortales\u00bb, <\/strong>declar\u00f3 un vocero no identificado del PKK a la agencia de noticias ANF, pr\u00f3xima al movimiento kurdo.<\/p>\n<p>La presidencia de la regi\u00f3n aut\u00f3noma del Kurdist\u00e1n, en Irak, y el gobierno aut\u00f3nomo condenaron el atentado \u00abterrorista\u00bb de Ankara.<\/p>\n<p>\u00ab<strong>El Gobierno del Kurdist\u00e1n rechaza siempre cualquier forma de terrorismo y de actos extremistas y pide una mayor cooperaci\u00f3n internacional para combatir el terrorismo y evitar sus acciones a nivel global\u00bb, apunt\u00f3 un portavoz oficial, Beshwa Horami<\/strong>, citado por la agencia de noticias iraqu\u00ed Shafaq.<\/p>\n<p>Turqu\u00eda realizan frecuentemente operaciones militares contra el PKK y sus aliados en el sureste de Turqu\u00eda, el norte de Irak y el norte de Siria -todas ellas zonas de mayor\u00eda kurda- desde que qued\u00f3 roto el alto el fuego entre el Gobierno y el grupo armado en julio de 2015.<\/p>\n<p>El a\u00f1o pasado, la explosi\u00f3n de una bomba en una bulliciosa calle peatonal de Estambul dej\u00f3 seis muertos, entre ellos dos ni\u00f1os. M\u00e1s de 80 personas resultaron heridas.<\/p>\n<p><strong>La explosi\u00f3n en Ankara se escuch\u00f3 a varios kil\u00f3metros a la redonda.<\/strong><\/p>\n<blockquote class=\"twitter-tweet\">\n<p lang=\"es\" dir=\"ltr\">\ud83c\uddf9\ud83c\uddf7 | Ataque terrorista en Turqu\u00eda: Dos terroristas llevaron a cabo un ataque con bomba frente al Ministerio del Interior en Ankara, uno de ellos se hizo estallar mientras el otro fue \u00abneutralizado\u00bb por las autoridades. <a href=\"https:\/\/t.co\/kjCU6Rrtxi\">pic.twitter.com\/kjCU6Rrtxi<\/a><\/p>\n<p>\u2014 Alerta Mundial (@AlertaMundial2) <a href=\"https:\/\/twitter.com\/AlertaMundial2\/status\/1708428044950487163?ref_src=twsrc%5Etfw\">October 1, 2023<\/a><\/p><\/blockquote>\n<h2 class=\"\">Detalles del ataque<\/h2>\n<p> La agencia de noticias estatal turca Anadolu inform\u00f3 que los dos atacantes hab\u00edan robado el veh\u00edculo este domingo en la provincia central de Kayseri a un veterinario.<\/p>\n<p>El diario progubernamental Sabah inform\u00f3 que al hombre le dispararon en la cabeza y arrojaron su cuerpo a una zanja al costado de una ruta. Luego condujeron el veh\u00edculo hasta Ankara, a unos 300 kil\u00f3metros de distancia.<\/p>\n<p>Un video grabado por una c\u00e1mara de seguridad muestra un veh\u00edculo gris que se estaciona lentamente frente a la sede de la polic\u00eda. Uno de los atacantes se baja del auto y avanza con un arma en la mano antes de inmolarse frente a la garita del polic\u00eda de guardia.<\/p>\n<p>Un segundo hombre sale del veh\u00edculo, pero desaparece de las im\u00e1genes, engullido por el humo y el polvo levantados por la explosi\u00f3n, inform\u00f3 la agencia de noticias AFP.<\/p>\n<p>La polic\u00eda de Ankara anunci\u00f3 que estaba llevando a cabo \u00abexplosiones controladas\u00bb de \u00abpaquetes sospechosos\u00bb por temor a nuevos atentados, y pidi\u00f3 a los habitantes mantener la calma.<\/p>\n<p>Posteriormente, las autoridades turcas impusieron un bloqueo temporal de las im\u00e1genes del lugar.<\/p>\n<p>El ministro de Justicia, Yilmaz Tunc, dijo que se hab\u00eda iniciado una investigaci\u00f3n sobre el \u00abataque terrorista\u00bb.<\/p>\n<p>\u00abEstos ataques no obstaculizar\u00e1n de ninguna manera la lucha de Turqu\u00eda contra el terrorismo\u00bb, escribi\u00f3 en X.<\/p>\n<p>Los dos polic\u00edas estaban siendo tratados en un hospital y no se encontraban en estado grave, dijo Yerlikaya.<\/p>\n<p>Egipto, que ha normalizado sus relaciones con Turqu\u00eda tras una d\u00e9cada de tensiones, conden\u00f3 el ataque.<\/p>\n<p>La embajada de Estados Unidos en Ankara y otras misiones extranjeras emitieron mensajes condenando el ataque.<\/p>\n<p>El discurso de Erdogan era seguido de cerca en busca de indicaciones sobre cu\u00e1ndo el Parlamento de Turqu\u00eda podr\u00eda ratificar la membres\u00eda de Suecia en la OTAN.. <\/p>\n<\/div>\n<p><script async src=\"\/\/platform.twitter.com\/widgets.js\" charset=\"utf-8\"><\/script><script async defer crossorigin=\"anonymous\" src=\"https:\/\/connect.facebook.net\/es_LA\/sdk.js#xfbml=1&#038;version=v12.0\" nonce=\"SBlHQzIF\"><\/script><br \/>\n<br \/>[ad_2]<br \/>\n<br \/><a href=\"https:\/\/www.telam.com.ar\/notas\/202310\/641922-ataque-suicida-turquia.html\">Source link <\/a><\/p>\n","protected":false},"excerpt":{"rendered":"<p>[ad_1] Foto: AFP. Un atacante suicida se inmol\u00f3 este domingo al detonar un artefacto explosivo que llevaba consigo en el centro de Ankara y un segundo agresor muri\u00f3 en un tiroteo con la polic\u00eda, y luego de que el partido kurdo se adjudicara el atentado, Turqu\u00eda respondi\u00f3 bombardeando sectores de esa poblaci\u00f3n en Irak. El [&hellip;]<\/p>\n","protected":false},"author":1,"featured_media":1610,"comment_status":"open","ping_status":"open","sticky":false,"template":"","format":"standard","meta":{"_et_pb_use_builder":"","_et_pb_old_content":"","_et_gb_content_width":"","_uag_custom_page_level_css":"","footnotes":""},"categories":[1],"tags":[],"uagb_featured_image_src":{"full":["https:\/\/elementor.radiosenvivo.com.ar\/wp-content\/uploads\/2023\/10\/651979bc51d11_450.jpg",450,253,false],"thumbnail":["https:\/\/elementor.radiosenvivo.com.ar\/wp-content\/uploads\/2023\/10\/651979bc51d11_450-150x150.jpg",150,150,true],"medium":["https:\/\/elementor.radiosenvivo.com.ar\/wp-content\/uploads\/2023\/10\/651979bc51d11_450-300x169.jpg",300,169,true],"medium_large":["https:\/\/elementor.radiosenvivo.com.ar\/wp-content\/uploads\/2023\/10\/651979bc51d11_450.jpg",450,253,false],"large":["https:\/\/elementor.radiosenvivo.com.ar\/wp-content\/uploads\/2023\/10\/651979bc51d11_450.jpg",450,253,false],"1536x1536":["https:\/\/elementor.radiosenvivo.com.ar\/wp-content\/uploads\/2023\/10\/651979bc51d11_450.jpg",450,253,false],"2048x2048":["https:\/\/elementor.radiosenvivo.com.ar\/wp-content\/uploads\/2023\/10\/651979bc51d11_450.jpg",450,253,false],"et-pb-post-main-image":["https:\/\/elementor.radiosenvivo.com.ar\/wp-content\/uploads\/2023\/10\/651979bc51d11_450-400x250.jpg",400,250,true],"et-pb-post-main-image-fullwidth":["https:\/\/elementor.radiosenvivo.com.ar\/wp-content\/uploads\/2023\/10\/651979bc51d11_450.jpg",450,253,false],"et-pb-portfolio-image":["https:\/\/elementor.radiosenvivo.com.ar\/wp-content\/uploads\/2023\/10\/651979bc51d11_450-400x253.jpg",400,253,true],"et-pb-portfolio-module-image":["https:\/\/elementor.radiosenvivo.com.ar\/wp-content\/uploads\/2023\/10\/651979bc51d11_450.jpg",450,253,false],"et-pb-portfolio-image-single":["https:\/\/elementor.radiosenvivo.com.ar\/wp-content\/uploads\/2023\/10\/651979bc51d11_450.jpg",450,253,false],"et-pb-gallery-module-image-portrait":["https:\/\/elementor.radiosenvivo.com.ar\/wp-content\/uploads\/2023\/10\/651979bc51d11_450-400x253.jpg",400,253,true],"et-pb-post-main-image-fullwidth-large":["https:\/\/elementor.radiosenvivo.com.ar\/wp-content\/uploads\/2023\/10\/651979bc51d11_450.jpg",450,253,false],"et-pb-image--responsive--desktop":["https:\/\/elementor.radiosenvivo.com.ar\/wp-content\/uploads\/2023\/10\/651979bc51d11_450.jpg",450,253,false],"et-pb-image--responsive--tablet":["https:\/\/elementor.radiosenvivo.com.ar\/wp-content\/uploads\/2023\/10\/651979bc51d11_450.jpg",450,253,false],"et-pb-image--responsive--phone":["https:\/\/elementor.radiosenvivo.com.ar\/wp-content\/uploads\/2023\/10\/651979bc51d11_450.jpg",450,253,false]},"uagb_author_info":{"display_name":"admin","author_link":"https:\/\/elementor.radiosenvivo.com.ar\/index.php\/author\/admin\/"},"uagb_comment_info":0,"uagb_excerpt":"[ad_1] Foto: AFP. Un atacante suicida se inmol\u00f3 este domingo al detonar un artefacto explosivo que llevaba consigo en el centro de Ankara y un segundo agresor muri\u00f3 en un tiroteo con la polic\u00eda, y luego de que el partido kurdo se adjudicara el atentado, Turqu\u00eda respondi\u00f3 bombardeando sectores de esa poblaci\u00f3n en Irak. El&hellip;","_links":{"self":[{"href":"https:\/\/elementor.radiosenvivo.com.ar\/index.php\/wp-json\/wp\/v2\/posts\/1609"}],"collection":[{"href":"https:\/\/elementor.radiosenvivo.com.ar\/index.php\/wp-json\/wp\/v2\/posts"}],"about":[{"href":"https:\/\/elementor.radiosenvivo.com.ar\/index.php\/wp-json\/wp\/v2\/types\/post"}],"author":[{"embeddable":true,"href":"https:\/\/elementor.radiosenvivo.com.ar\/index.php\/wp-json\/wp\/v2\/users\/1"}],"replies":[{"embeddable":true,"href":"https:\/\/elementor.radiosenvivo.com.ar\/index.php\/wp-json\/wp\/v2\/comments?post=1609"}],"version-history":[{"count":0,"href":"https:\/\/elementor.radiosenvivo.com.ar\/index.php\/wp-json\/wp\/v2\/posts\/1609\/revisions"}],"wp:featuredmedia":[{"embeddable":true,"href":"https:\/\/elementor.radiosenvivo.com.ar\/index.php\/wp-json\/wp\/v2\/media\/1610"}],"wp:attachment":[{"href":"https:\/\/elementor.radiosenvivo.com.ar\/index.php\/wp-json\/wp\/v2\/media?parent=1609"}],"wp:term":[{"taxonomy":"category","embeddable":true,"href":"https:\/\/elementor.radiosenvivo.com.ar\/index.php\/wp-json\/wp\/v2\/categories?post=1609"},{"taxonomy":"post_tag","embeddable":true,"href":"https:\/\/elementor.radiosenvivo.com.ar\/index.php\/wp-json\/wp\/v2\/tags?post=1609"}],"curies":[{"name":"wp","href":"https:\/\/api.w.org\/{rel}","templated":true}]}}