{"id":1573,"date":"2023-09-22T00:30:07","date_gmt":"2023-09-22T00:30:07","guid":{"rendered":"https:\/\/elementor.radiosenvivo.com.ar\/index.php\/2023\/09\/22\/ya-hay-dos-detenidos-por-el-homicidio-de-lucas-romero-las-noticias-mas-importantes-de-chaco\/"},"modified":"2023-09-22T00:30:07","modified_gmt":"2023-09-22T00:30:07","slug":"ya-hay-dos-detenidos-por-el-homicidio-de-lucas-romero-las-noticias-mas-importantes-de-chaco","status":"publish","type":"post","link":"https:\/\/elementor.radiosenvivo.com.ar\/index.php\/2023\/09\/22\/ya-hay-dos-detenidos-por-el-homicidio-de-lucas-romero-las-noticias-mas-importantes-de-chaco\/","title":{"rendered":"Ya hay dos detenidos por el homicidio de Lucas Romero \u2013 Las noticias m\u00e1s importantes de Chaco"},"content":{"rendered":"<p> [ad_1]<br \/>\n<\/p>\n<div id=\"penci-post-entry-inner\">\n<p>El lamentable hecho de inseguridad sucedi\u00f3 en la madrugada de este jueves en S\u00e1enz Pe\u00f1a. La v\u00edctima del robo ten\u00eda 30 a\u00f1os. Hab\u00eda llegado desde Mendoza a la Termal para visitar a su familia. <\/p>\n<p>Tal lo public\u00f3 <strong>LA VOZ DEL CHACO<\/strong> m\u00e1s temprano, el homicidio sucedi\u00f3 este jueves a la madrugada en el barrio Reserva Este. <\/p>\n<p>La investigaci\u00f3n avanz\u00f3, y pasado el mediod\u00eda -seg\u00fan inform\u00f3 la Polic\u00eda- tras intervenir el personal de Investigaciones, se logr\u00f3 capturar a dos sujetos y la moto que utilizaron para el hecho sangriento.<\/p>\n<p><strong>El hecho<\/strong><\/p>\n<p>Alrededor de las 3:40 dieron aviso al Servicio de Emergencias 911, sobre una persona desvanecida por la calle 21 esquina 000, inmediatamente los efectivos de la comisar\u00eda fueron al lugar y observaron sobre la vereda a un hombre aparentemente sin vida. Seguidamente intervino el personal de Salud local, constatando el deceso del mismo aparentemente con una lesi\u00f3n en la zona intercostal del lado izquierdo.<\/p>\n<figure class=\"wp-block-image size-large\"><img loading=\"lazy\" decoding=\"async\" width=\"717\" height=\"991\" src=\"data:image\/svg+xml,%3Csvg%20xmlns=\" http:=\"\" alt=\"\" class=\"wp-image-162615\" data-lazy-src=\"https:\/\/www.diariolavozdelchaco.com\/wp-content\/uploads\/2023\/09\/lucs.jpg\"\/><noscript><img loading=\"lazy\" decoding=\"async\" width=\"717\" height=\"991\" src=\"https:\/\/www.diariolavozdelchaco.com\/wp-content\/uploads\/2023\/09\/lucs.jpg\" alt=\"\" class=\"wp-image-162615\"\/><\/noscript><figcaption><strong>Con dolor despiden a Lucas en las redes sociales.<\/strong><\/figcaption><\/figure>\n<p>Tras tareas investigativas establecieron que la v\u00edctima ser\u00eda Lucas Braian Romero (30), perteneciente al Servicio Penitenciario Federal, oriundo de la provincia de Mendoza, quien tendr\u00eda familiares en S\u00e1enz Pe\u00f1a y hab\u00eda arribado en colectivo a la Terminal de \u00d3mnibus.<\/p>\n<p>Ante esta situaci\u00f3n, el fiscal de Investigaci\u00f3n Penal 4 a cargo del fiscal Gustavo Valero, dispuso la intervenci\u00f3n de Medicina Legal, Gabinete Cient\u00edfico del Poder Judicial, y la Divisi\u00f3n Bomberos Interior S\u00e1enz Pe\u00f1a.<\/p>\n<p>Efectivos de la Divisi\u00f3n Investigaciones de S\u00e1enz Pe\u00f1a tomaron intervenci\u00f3n para recolectar elementos probatorios que ayuden a esclarecer este hecho. Adem\u00e1s iniciaron entrevistas con los vecinos de la zona y recolectaron im\u00e1genes de las c\u00e1maras de seguridad de la zona.<\/p>\n<p>Es as\u00ed que con las pistas recabadas, le llevaron a dar con las caracter\u00edsticas de dos sujetos. Ante esta situaci\u00f3n, iniciaron un operativo cerrojo en la ciudad, comenzando patrullando los diferentes barrios.<\/p>\n<p>De esta manera, lograron capturarlos a ambos, el primero sucedi\u00f3 en el barrio San Cayetano y el segundo en el barrio Matadero y al secuestr\u00f3 de una moto, que fue identificada en las im\u00e1genes, coloc\u00e1ndolos a disposici\u00f3n de la justicia bajo la causa de \u00abSupuesto homicidio en ocasi\u00f3n de robo\u00bb.<\/p>\n<p>Por otra parte, durante la detenci\u00f3n de ambos sujetos, incautaron elementos que pertenencia a v\u00edctima.<\/p>\n<figure class=\"wp-block-embed is-type-wp-embed is-provider-las-noticias-mas-importantes-de-chaco wp-block-embed-las-noticias-mas-importantes-de-chaco\"\/>   <\/div>\n<p>[ad_2]<br \/>\n<br \/><a href=\"https:\/\/www.diariolavozdelchaco.com\/ya-hay-dos-detenidos-por-el-homicidio-de-lucas-romero\/\">Source link <\/a><\/p>\n","protected":false},"excerpt":{"rendered":"<p>[ad_1] El lamentable hecho de inseguridad sucedi\u00f3 en la madrugada de este jueves en S\u00e1enz Pe\u00f1a. La v\u00edctima del robo ten\u00eda 30 a\u00f1os. Hab\u00eda llegado desde Mendoza a la Termal para visitar a su familia. Tal lo public\u00f3 LA VOZ DEL CHACO m\u00e1s temprano, el homicidio sucedi\u00f3 este jueves a la madrugada en el barrio [&hellip;]<\/p>\n","protected":false},"author":1,"featured_media":1574,"comment_status":"open","ping_status":"open","sticky":false,"template":"","format":"standard","meta":{"_et_pb_use_builder":"","_et_pb_old_content":"","_et_gb_content_width":"","_uag_custom_page_level_css":"","footnotes":""},"categories":[10],"tags":[],"uagb_featured_image_src":{"full":["https:\/\/elementor.radiosenvivo.com.ar\/wp-content\/uploads\/2023\/09\/382225984_6773898226013333_135253254429067213_n.jpg",850,848,false],"thumbnail":["https:\/\/elementor.radiosenvivo.com.ar\/wp-content\/uploads\/2023\/09\/382225984_6773898226013333_135253254429067213_n-150x150.jpg",150,150,true],"medium":["https:\/\/elementor.radiosenvivo.com.ar\/wp-content\/uploads\/2023\/09\/382225984_6773898226013333_135253254429067213_n-300x300.jpg",300,300,true],"medium_large":["https:\/\/elementor.radiosenvivo.com.ar\/wp-content\/uploads\/2023\/09\/382225984_6773898226013333_135253254429067213_n-768x766.jpg",768,766,true],"large":["https:\/\/elementor.radiosenvivo.com.ar\/wp-content\/uploads\/2023\/09\/382225984_6773898226013333_135253254429067213_n.jpg",850,848,false],"1536x1536":["https:\/\/elementor.radiosenvivo.com.ar\/wp-content\/uploads\/2023\/09\/382225984_6773898226013333_135253254429067213_n.jpg",850,848,false],"2048x2048":["https:\/\/elementor.radiosenvivo.com.ar\/wp-content\/uploads\/2023\/09\/382225984_6773898226013333_135253254429067213_n.jpg",850,848,false],"et-pb-post-main-image":["https:\/\/elementor.radiosenvivo.com.ar\/wp-content\/uploads\/2023\/09\/382225984_6773898226013333_135253254429067213_n-400x250.jpg",400,250,true],"et-pb-post-main-image-fullwidth":["https:\/\/elementor.radiosenvivo.com.ar\/wp-content\/uploads\/2023\/09\/382225984_6773898226013333_135253254429067213_n-850x675.jpg",850,675,true],"et-pb-portfolio-image":["https:\/\/elementor.radiosenvivo.com.ar\/wp-content\/uploads\/2023\/09\/382225984_6773898226013333_135253254429067213_n-400x284.jpg",400,284,true],"et-pb-portfolio-module-image":["https:\/\/elementor.radiosenvivo.com.ar\/wp-content\/uploads\/2023\/09\/382225984_6773898226013333_135253254429067213_n-510x382.jpg",510,382,true],"et-pb-portfolio-image-single":["https:\/\/elementor.radiosenvivo.com.ar\/wp-content\/uploads\/2023\/09\/382225984_6773898226013333_135253254429067213_n.jpg",850,848,false],"et-pb-gallery-module-image-portrait":["https:\/\/elementor.radiosenvivo.com.ar\/wp-content\/uploads\/2023\/09\/382225984_6773898226013333_135253254429067213_n-400x516.jpg",400,516,true],"et-pb-post-main-image-fullwidth-large":["https:\/\/elementor.radiosenvivo.com.ar\/wp-content\/uploads\/2023\/09\/382225984_6773898226013333_135253254429067213_n.jpg",850,848,false],"et-pb-image--responsive--desktop":["https:\/\/elementor.radiosenvivo.com.ar\/wp-content\/uploads\/2023\/09\/382225984_6773898226013333_135253254429067213_n.jpg",722,720,false],"et-pb-image--responsive--tablet":["https:\/\/elementor.radiosenvivo.com.ar\/wp-content\/uploads\/2023\/09\/382225984_6773898226013333_135253254429067213_n.jpg",552,551,false],"et-pb-image--responsive--phone":["https:\/\/elementor.radiosenvivo.com.ar\/wp-content\/uploads\/2023\/09\/382225984_6773898226013333_135253254429067213_n-480x479.jpg",271,270,true]},"uagb_author_info":{"display_name":"admin","author_link":"https:\/\/elementor.radiosenvivo.com.ar\/index.php\/author\/admin\/"},"uagb_comment_info":0,"uagb_excerpt":"[ad_1] El lamentable hecho de inseguridad sucedi\u00f3 en la madrugada de este jueves en S\u00e1enz Pe\u00f1a. La v\u00edctima del robo ten\u00eda 30 a\u00f1os. Hab\u00eda llegado desde Mendoza a la Termal para visitar a su familia. Tal lo public\u00f3 LA VOZ DEL CHACO m\u00e1s temprano, el homicidio sucedi\u00f3 este jueves a la madrugada en el barrio&hellip;","_links":{"self":[{"href":"https:\/\/elementor.radiosenvivo.com.ar\/index.php\/wp-json\/wp\/v2\/posts\/1573"}],"collection":[{"href":"https:\/\/elementor.radiosenvivo.com.ar\/index.php\/wp-json\/wp\/v2\/posts"}],"about":[{"href":"https:\/\/elementor.radiosenvivo.com.ar\/index.php\/wp-json\/wp\/v2\/types\/post"}],"author":[{"embeddable":true,"href":"https:\/\/elementor.radiosenvivo.com.ar\/index.php\/wp-json\/wp\/v2\/users\/1"}],"replies":[{"embeddable":true,"href":"https:\/\/elementor.radiosenvivo.com.ar\/index.php\/wp-json\/wp\/v2\/comments?post=1573"}],"version-history":[{"count":0,"href":"https:\/\/elementor.radiosenvivo.com.ar\/index.php\/wp-json\/wp\/v2\/posts\/1573\/revisions"}],"wp:featuredmedia":[{"embeddable":true,"href":"https:\/\/elementor.radiosenvivo.com.ar\/index.php\/wp-json\/wp\/v2\/media\/1574"}],"wp:attachment":[{"href":"https:\/\/elementor.radiosenvivo.com.ar\/index.php\/wp-json\/wp\/v2\/media?parent=1573"}],"wp:term":[{"taxonomy":"category","embeddable":true,"href":"https:\/\/elementor.radiosenvivo.com.ar\/index.php\/wp-json\/wp\/v2\/categories?post=1573"},{"taxonomy":"post_tag","embeddable":true,"href":"https:\/\/elementor.radiosenvivo.com.ar\/index.php\/wp-json\/wp\/v2\/tags?post=1573"}],"curies":[{"name":"wp","href":"https:\/\/api.w.org\/{rel}","templated":true}]}}