{"id":1567,"date":"2023-09-19T06:21:49","date_gmt":"2023-09-19T06:21:49","guid":{"rendered":"https:\/\/elementor.radiosenvivo.com.ar\/index.php\/2023\/09\/19\/para-mejorar-la-educacion-no-hacen-falta-menos-sino-mas-politicas-de-estado\/"},"modified":"2023-09-19T06:21:49","modified_gmt":"2023-09-19T06:21:49","slug":"para-mejorar-la-educacion-no-hacen-falta-menos-sino-mas-politicas-de-estado","status":"publish","type":"post","link":"https:\/\/elementor.radiosenvivo.com.ar\/index.php\/2023\/09\/19\/para-mejorar-la-educacion-no-hacen-falta-menos-sino-mas-politicas-de-estado\/","title":{"rendered":"&#8216;Para mejorar la Educaci\u00f3n no hacen falta menos sino m\u00e1s pol\u00edticas de Estado&#8217;"},"content":{"rendered":"<p> [ad_1]<br \/>\n<\/p>\n<div>\n<figure class=\"mb-3\"><img decoding=\"async\" src=\"https:\/\/www.telam.com.ar\/thumbs\/bluesteel\/advf\/imagenes\/2023\/09\/6508ddcf12fe0_1200.jpg\" class=\" lazy \" width=\"100%\" height=\"100%\" alt=\"Foto Prensa\"\/><figcaption> Foto: Prensa. <\/figcaption><\/figure>\n<p> El gobernador bonaerense, Axel Kicillof, inaugur\u00f3 este lunes, junto a los ministros nacionales de Transporte, Diego Giuliano; de Obras P\u00fablicas, Gabriel Katopodis; y de Educaci\u00f3n, Jaime Perczyk, un nuevo tramo del Tren Universitario de La Plata y un nuevo edificio universitario y destac\u00f3 que \u00abpara mejorar la Educaci\u00f3n no hacen falta menos sino m\u00e1s pol\u00edticas de Estado que construyan escuelas, edificios escolares y centros universitarios en toda la provincia\u00bb.<\/p>\n<p>\u00ab<strong>En nuestra sociedad hay hoy debates muy profundos que se est\u00e1n tomando, en algunos casos, con demasiada superficialidad: hay referentes de la oposici\u00f3n que dicen que todo lo bueno lo genera el mercado y, al rev\u00e9s, todo lo malo proviene del Estado<\/strong>\u00ab, advirti\u00f3 Kicillof.<\/p>\n<p>El mandatario bonaerense afirm\u00f3 que \u00abnadie le impidi\u00f3 al sector privado realizar estas obras, pero es el Estado el que las impulsa porque valora la educaci\u00f3n y la integraci\u00f3n de la producci\u00f3n, la ciencia y la tecnolog\u00eda\u00bb.<\/p>\n<p><strong>Con una inversi\u00f3n de $500 millones, la ampliaci\u00f3n del recorrido del Tren Universitario incorpora la parada \u00abHospital San Juan de Dios\u00bb, ubicada en 25 y 72; las obras implicaron el reacondicionamiento de una unidad antigua y 3,8 kil\u00f3metros de v\u00edas; adem\u00e1s de la instalaci\u00f3n de nuevos paradores y se\u00f1alizaci\u00f3n.<\/strong><\/p>\n<p>Asimismo, se suscribi\u00f3 un Acta Acuerdo entre la Administraci\u00f3n de Infraestructuras Ferroviarias y la UNLP para extender el recorrido hacia los talleres ferroviarios de Gambier (ubicados en las calles 137 y 52 de B\u00ba Los Hornos) y a las ciudades de Berisso y Ensenada.<\/p>\n<p>Las obras implicaron el reacondicionamiento de una unidad antigua y 3,8 kil\u00f3metros de v\u00edas; adem\u00e1s de la instalaci\u00f3n de nuevos paradores y se\u00f1alizaci\u00f3n.<\/p>\n<p><figure class=\"mb-3\"><img decoding=\"async\" src=\"https:\/\/www.telam.com.ar\/thumbs\/bluesteel\/advf\/imagenes\/2023\/09\/6508ddcef1ca7_1200.jpg\" class=\" lazy \" width=\"100%\" height=\"100%\" alt=\"Foto Prensa\"\/><figcaption> Foto: Prensa. <\/figcaption><\/figure>\n<p>Adem\u00e1s se suscribi\u00f3 un Acta Acuerdo entre la Administraci\u00f3n de Infraestructuras Ferroviarias y la UNLP para extender el recorrido hacia los talleres ferroviarios de Gambier (ubicados en las calles 137 y 52 de B\u00ba Los Hornos) y a las ciudades de Berisso y Ensenada.<\/p>\n<p>El ministro Giuliano expres\u00f3 que \u00ab<strong>con la extensi\u00f3n del Tren Universitario conseguimos uno de los grandes objetivos del gobierno nacional: vincular, conectar y acompa\u00f1ar a las y los ciudadanos\u00bb.<\/strong><\/p>\n<p>\u00abEsto no ser\u00eda posible sin el trabajo articulado con una provincia que busca permanentemente ampliar los derechos del pueblo\u00bb, agreg\u00f3.<\/p>\n<p>El gobernador encabez\u00f3 esta inauguraci\u00f3n junto a los ministros nacionales de Educaci\u00f3n, Jaime Perczyk; de Obras P\u00fablicas, Gabriel Katopodis; y de Transporte, Diego Giuliano; la ministra de Desarrollo Social, Victoria Tolosa Paz; sus pares bonaerenses de Justicia y Derechos Humanos, Julio Alak; y de Transporte, Jorge D&#8217; Onofrio; la presidenta del Instituto Cultural, Florencia Saintout; el presidente de Trenes Argentinos, Mart\u00edn Marinucci; y el vicepresidente Acad\u00e9mico de la UNLP, Fernando Tauber.<\/p>\n<h2 class=\"\"> Inauguraci\u00f3n de un edificio de la UNLP <\/h2>\n<p> Adem\u00e1s, inaugur\u00f3 un nuevo edificio de la Facultad de Ciencias Exactas de la Universidad Nacional de La Plata (UNLP).<\/p>\n<p><strong>El nuevo edificio \u00abGran Malvina\u00bb ser\u00e1 destinado a tareas de investigaci\u00f3n y ense\u00f1anza, producto de una inversi\u00f3n de $115 millones, posee planta baja y tres pisos con aulas, laboratorios y despachos para investigadores.<\/strong><\/p>\n<p>Cuenta con equipamiento brindado por el Ministerio de Ciencia, Tecnolog\u00eda e Innovaci\u00f3n de la Naci\u00f3n, como cromat\u00f3grafos, espectrofot\u00f3metros ultravioleta visible y espectr\u00f3metros de masa, entre otros, sumando as\u00ed nuevas y mejores capacidades acad\u00e9micas en docencia de grado y posgrado.<\/p>\n<p><figure class=\"mb-3\"><img decoding=\"async\" src=\"https:\/\/www.telam.com.ar\/thumbs\/bluesteel\/advf\/imagenes\/2023\/09\/6508ddcedd745_1200.jpg\" class=\" lazy \" width=\"100%\" height=\"100%\" alt=\"Foto Prensa\"\/><figcaption> Foto: Prensa. <\/figcaption><\/figure>\n<p>Al respecto, Perczyk destac\u00f3 que \u00abpara nosotros la universidad Argentina es p\u00fablica y no arancelada y el Estado invierte mucho y la gente contribuye con sus impuestos para que as\u00ed sea\u00bb, y sostuvo que cuando se debate un sistema de vouchers \u00abestamos discutiendo la esencia misma de la educaci\u00f3n p\u00fablica en nuestro pa\u00eds\u00bb.<\/p>\n<p>\u00abDefender la educaci\u00f3n p\u00fablica es mejorarla y por eso presentamos un proyecto de Ley de Financiamiento Educativo para aumentar la inversi\u00f3n\u00bb, a\u00f1adi\u00f3.<\/p>\n<p>Por \u00faltimo, Kicillof sostuvo que \u00ab<strong>es cierto que hemos tenido que atravesar muchas dificultades y que todav\u00eda hay mucho por hacer, pero para mejorar la educaci\u00f3n no hace falta menos, sino m\u00e1s y mejores pol\u00edticas de un Estado que construya escuelas, edificios escolares y centros universitarios en toda la provincia<\/strong>\u00ab.<\/p>\n<p>\u00abEstas obras son una muestra de lo que queremos hacer en la ciudad de La Plata: vinimos a devolverle su importancia, a recuperar su identidad y a trabajar para que vuelva a estar a la altura de su historia\u00bb, concluy\u00f3. <\/p>\n<\/div>\n<p><script async defer crossorigin=\"anonymous\" src=\"https:\/\/connect.facebook.net\/es_LA\/sdk.js#xfbml=1&#038;version=v12.0\" nonce=\"SBlHQzIF\"><\/script><br \/>\n<br \/>[ad_2]<br \/>\n<br \/><a href=\"https:\/\/www.telam.com.ar\/notas\/202309\/640597-tren-universitario-la-plata-inuaguracion-kicillof-katopodis-perczyk.html\">Source link <\/a><\/p>\n","protected":false},"excerpt":{"rendered":"<p>[ad_1] Foto: Prensa. El gobernador bonaerense, Axel Kicillof, inaugur\u00f3 este lunes, junto a los ministros nacionales de Transporte, Diego Giuliano; de Obras P\u00fablicas, Gabriel Katopodis; y de Educaci\u00f3n, Jaime Perczyk, un nuevo tramo del Tren Universitario de La Plata y un nuevo edificio universitario y destac\u00f3 que \u00abpara mejorar la Educaci\u00f3n no hacen falta menos [&hellip;]<\/p>\n","protected":false},"author":1,"featured_media":1568,"comment_status":"open","ping_status":"open","sticky":false,"template":"","format":"standard","meta":{"_et_pb_use_builder":"","_et_pb_old_content":"","_et_gb_content_width":"","_uag_custom_page_level_css":"","footnotes":""},"categories":[12],"tags":[],"uagb_featured_image_src":{"full":["https:\/\/elementor.radiosenvivo.com.ar\/wp-content\/uploads\/2023\/09\/6508ddcf12fe0_450.jpg",450,253,false],"thumbnail":["https:\/\/elementor.radiosenvivo.com.ar\/wp-content\/uploads\/2023\/09\/6508ddcf12fe0_450-150x150.jpg",150,150,true],"medium":["https:\/\/elementor.radiosenvivo.com.ar\/wp-content\/uploads\/2023\/09\/6508ddcf12fe0_450-300x169.jpg",300,169,true],"medium_large":["https:\/\/elementor.radiosenvivo.com.ar\/wp-content\/uploads\/2023\/09\/6508ddcf12fe0_450.jpg",450,253,false],"large":["https:\/\/elementor.radiosenvivo.com.ar\/wp-content\/uploads\/2023\/09\/6508ddcf12fe0_450.jpg",450,253,false],"1536x1536":["https:\/\/elementor.radiosenvivo.com.ar\/wp-content\/uploads\/2023\/09\/6508ddcf12fe0_450.jpg",450,253,false],"2048x2048":["https:\/\/elementor.radiosenvivo.com.ar\/wp-content\/uploads\/2023\/09\/6508ddcf12fe0_450.jpg",450,253,false],"et-pb-post-main-image":["https:\/\/elementor.radiosenvivo.com.ar\/wp-content\/uploads\/2023\/09\/6508ddcf12fe0_450-400x250.jpg",400,250,true],"et-pb-post-main-image-fullwidth":["https:\/\/elementor.radiosenvivo.com.ar\/wp-content\/uploads\/2023\/09\/6508ddcf12fe0_450.jpg",450,253,false],"et-pb-portfolio-image":["https:\/\/elementor.radiosenvivo.com.ar\/wp-content\/uploads\/2023\/09\/6508ddcf12fe0_450-400x253.jpg",400,253,true],"et-pb-portfolio-module-image":["https:\/\/elementor.radiosenvivo.com.ar\/wp-content\/uploads\/2023\/09\/6508ddcf12fe0_450.jpg",450,253,false],"et-pb-portfolio-image-single":["https:\/\/elementor.radiosenvivo.com.ar\/wp-content\/uploads\/2023\/09\/6508ddcf12fe0_450.jpg",450,253,false],"et-pb-gallery-module-image-portrait":["https:\/\/elementor.radiosenvivo.com.ar\/wp-content\/uploads\/2023\/09\/6508ddcf12fe0_450-400x253.jpg",400,253,true],"et-pb-post-main-image-fullwidth-large":["https:\/\/elementor.radiosenvivo.com.ar\/wp-content\/uploads\/2023\/09\/6508ddcf12fe0_450.jpg",450,253,false],"et-pb-image--responsive--desktop":["https:\/\/elementor.radiosenvivo.com.ar\/wp-content\/uploads\/2023\/09\/6508ddcf12fe0_450.jpg",450,253,false],"et-pb-image--responsive--tablet":["https:\/\/elementor.radiosenvivo.com.ar\/wp-content\/uploads\/2023\/09\/6508ddcf12fe0_450.jpg",450,253,false],"et-pb-image--responsive--phone":["https:\/\/elementor.radiosenvivo.com.ar\/wp-content\/uploads\/2023\/09\/6508ddcf12fe0_450.jpg",450,253,false]},"uagb_author_info":{"display_name":"admin","author_link":"https:\/\/elementor.radiosenvivo.com.ar\/index.php\/author\/admin\/"},"uagb_comment_info":0,"uagb_excerpt":"[ad_1] Foto: Prensa. El gobernador bonaerense, Axel Kicillof, inaugur\u00f3 este lunes, junto a los ministros nacionales de Transporte, Diego Giuliano; de Obras P\u00fablicas, Gabriel Katopodis; y de Educaci\u00f3n, Jaime Perczyk, un nuevo tramo del Tren Universitario de La Plata y un nuevo edificio universitario y destac\u00f3 que \u00abpara mejorar la Educaci\u00f3n no hacen falta menos&hellip;","_links":{"self":[{"href":"https:\/\/elementor.radiosenvivo.com.ar\/index.php\/wp-json\/wp\/v2\/posts\/1567"}],"collection":[{"href":"https:\/\/elementor.radiosenvivo.com.ar\/index.php\/wp-json\/wp\/v2\/posts"}],"about":[{"href":"https:\/\/elementor.radiosenvivo.com.ar\/index.php\/wp-json\/wp\/v2\/types\/post"}],"author":[{"embeddable":true,"href":"https:\/\/elementor.radiosenvivo.com.ar\/index.php\/wp-json\/wp\/v2\/users\/1"}],"replies":[{"embeddable":true,"href":"https:\/\/elementor.radiosenvivo.com.ar\/index.php\/wp-json\/wp\/v2\/comments?post=1567"}],"version-history":[{"count":0,"href":"https:\/\/elementor.radiosenvivo.com.ar\/index.php\/wp-json\/wp\/v2\/posts\/1567\/revisions"}],"wp:featuredmedia":[{"embeddable":true,"href":"https:\/\/elementor.radiosenvivo.com.ar\/index.php\/wp-json\/wp\/v2\/media\/1568"}],"wp:attachment":[{"href":"https:\/\/elementor.radiosenvivo.com.ar\/index.php\/wp-json\/wp\/v2\/media?parent=1567"}],"wp:term":[{"taxonomy":"category","embeddable":true,"href":"https:\/\/elementor.radiosenvivo.com.ar\/index.php\/wp-json\/wp\/v2\/categories?post=1567"},{"taxonomy":"post_tag","embeddable":true,"href":"https:\/\/elementor.radiosenvivo.com.ar\/index.php\/wp-json\/wp\/v2\/tags?post=1567"}],"curies":[{"name":"wp","href":"https:\/\/api.w.org\/{rel}","templated":true}]}}