{"id":1425,"date":"2023-08-23T22:29:23","date_gmt":"2023-08-23T22:29:23","guid":{"rendered":"https:\/\/elementor.radiosenvivo.com.ar\/index.php\/2023\/08\/23\/messi-se-sumo-al-festejo-de-di-maria-por-los-15-anos-de-la-medalla-de-oro-en-beijing\/"},"modified":"2023-08-23T22:29:23","modified_gmt":"2023-08-23T22:29:23","slug":"messi-se-sumo-al-festejo-de-di-maria-por-los-15-anos-de-la-medalla-de-oro-en-beijing","status":"publish","type":"post","link":"https:\/\/elementor.radiosenvivo.com.ar\/index.php\/2023\/08\/23\/messi-se-sumo-al-festejo-de-di-maria-por-los-15-anos-de-la-medalla-de-oro-en-beijing\/","title":{"rendered":"Messi se sum\u00f3 al festejo de Di Mar\u00eda por los 15 a\u00f1os de la medalla de oro en Beijing"},"content":{"rendered":"<p> [ad_1]<br \/>\n<\/p>\n<div>\n<figure class=\"mb-3\"><img decoding=\"async\" src=\"https:\/\/www.telam.com.ar\/thumbs\/bluesteel\/advf\/imagenes\/2023\/08\/64e676532b503_1200.jpg\" class=\" lazy \" width=\"100%\" height=\"100%\" alt=\"Foto Archivo Wu Wei\"\/><figcaption> Foto Archivo: Wu Wei <\/figcaption><\/figure>\n<p> El crack rosarino <strong>Lionel Messi se sum\u00f3 este mi\u00e9rcoles al festejo de \u00c1ngel Di Mar\u00eda<\/strong>, quien record\u00f3 el 15to. aniversario de la obtenci\u00f3n de la medalla dorada en los Juegos Ol\u00edmpicos de Beijing 2008 a trav\u00e9s de las redes sociales.<\/p>\n<p><strong>\u00abTodo sigue igual\u00bb, escribi\u00f3 Di Mar\u00eda en una historia de Instagram<\/strong> que incluy\u00f3 dos fotos, una de Beijing 2008 y otra del Mundial de Qatar 2022, con festejos muy similares.<\/p>\n<blockquote class=\"instagram-media\" data-instgrm-captioned=\"\" data-instgrm-permalink=\"https:\/\/www.instagram.com\/p\/CwSimo-I7ca\/?utm_source=ig_embed&amp;utm_campaign=loading\" data-instgrm-version=\"14\" style=\" background:#FFF; border:0; border-radius:3px; box-shadow:0 0 1px 0 rgba(0,0,0,0.5),0 1px 10px 0 rgba(0,0,0,0.15); margin: 1px; max-width:540px; min-width:326px; padding:0; width:99.375%; width:-webkit-calc(100% - 2px); width:calc(100% - 2px);\"\/><p> <br open=\"\"\/> La cuenta oficial de Messi en Instagram <strong>republic\u00f3 el posteo de \u00abFideo\u00bb<\/strong> y se sum\u00f3 as\u00ed a la celebraci\u00f3n de un recuerdo que qued\u00f3 marcado para esa generaci\u00f3n de futbolistas que defendieron la casaca albiceleste.<\/p>\n<p>El 23 de agosto de 2008, el seleccionado argentino ol\u00edmpico dirigido por Sergio Batista se impuso ante Nigeria, por 1 a 0, con gol de Di Mar\u00eda, en la final de los Juegos Ol\u00edmpicos de Beijing. La conquista signific\u00f3 la segunda medalla de oro en la especialidad, despu\u00e9s de Atenas 2004.<\/p>\n<p><figure class=\"mb-3\"><img decoding=\"async\" src=\"https:\/\/www.telam.com.ar\/thumbs\/bluesteel\/advf\/imagenes\/2023\/08\/64e676534bd53_1200.jpg\" class=\" lazy \" width=\"100%\" height=\"100%\" alt=\"Foto Archivo Wu Wei\"\/><figcaption> Foto Archivo: Wu Wei <\/figcaption><\/figure>\n<p><br open=\"\"\/> El exdelantero Ezequiel Lavezzi y la cuenta oficial de Argentina en Twitter tambi\u00e9n se hicieron eco de la efem\u00e9ride en redes sociales.<\/p>\n<p><figure class=\"mb-3\"><img decoding=\"async\" src=\"https:\/\/www.telam.com.ar\/thumbs\/bluesteel\/advf\/imagenes\/2023\/08\/64e6765372cde_1200.jpg\" class=\" lazy \" width=\"100%\" height=\"100%\" alt=\"Foto Archivo Wu Wei\"\/><figcaption> Foto Archivo: Wu Wei <\/figcaption><\/figure>\n<\/p>\n<\/div>\n<p><script async defer crossorigin=\"anonymous\" src=\"https:\/\/connect.facebook.net\/es_LA\/sdk.js#xfbml=1&#038;version=v12.0\" nonce=\"SBlHQzIF\"><\/script><script async defer src=\"https:\/\/platform.instagram.com\/en_US\/embeds.js\"><\/script><br \/>\n<br \/>[ad_2]<br \/>\n<br \/><a href=\"https:\/\/www.telam.com.ar\/notas\/202308\/637953-messi-se-sumo-al-festejo-de-dimaria-medalla-oro-beijing.html\">Source link <\/a><\/p>\n","protected":false},"excerpt":{"rendered":"<p>[ad_1] Foto Archivo: Wu Wei El crack rosarino Lionel Messi se sum\u00f3 este mi\u00e9rcoles al festejo de \u00c1ngel Di Mar\u00eda, quien record\u00f3 el 15to. aniversario de la obtenci\u00f3n de la medalla dorada en los Juegos Ol\u00edmpicos de Beijing 2008 a trav\u00e9s de las redes sociales. \u00abTodo sigue igual\u00bb, escribi\u00f3 Di Mar\u00eda en una historia de [&hellip;]<\/p>\n","protected":false},"author":1,"featured_media":1426,"comment_status":"open","ping_status":"open","sticky":false,"template":"","format":"standard","meta":{"_et_pb_use_builder":"","_et_pb_old_content":"","_et_gb_content_width":"","_uag_custom_page_level_css":"","footnotes":""},"categories":[13],"tags":[],"uagb_featured_image_src":{"full":["https:\/\/elementor.radiosenvivo.com.ar\/wp-content\/uploads\/2023\/08\/64e676532b503_450.jpg",450,253,false],"thumbnail":["https:\/\/elementor.radiosenvivo.com.ar\/wp-content\/uploads\/2023\/08\/64e676532b503_450-150x150.jpg",150,150,true],"medium":["https:\/\/elementor.radiosenvivo.com.ar\/wp-content\/uploads\/2023\/08\/64e676532b503_450-300x169.jpg",300,169,true],"medium_large":["https:\/\/elementor.radiosenvivo.com.ar\/wp-content\/uploads\/2023\/08\/64e676532b503_450.jpg",450,253,false],"large":["https:\/\/elementor.radiosenvivo.com.ar\/wp-content\/uploads\/2023\/08\/64e676532b503_450.jpg",450,253,false],"1536x1536":["https:\/\/elementor.radiosenvivo.com.ar\/wp-content\/uploads\/2023\/08\/64e676532b503_450.jpg",450,253,false],"2048x2048":["https:\/\/elementor.radiosenvivo.com.ar\/wp-content\/uploads\/2023\/08\/64e676532b503_450.jpg",450,253,false],"et-pb-post-main-image":["https:\/\/elementor.radiosenvivo.com.ar\/wp-content\/uploads\/2023\/08\/64e676532b503_450-400x250.jpg",400,250,true],"et-pb-post-main-image-fullwidth":["https:\/\/elementor.radiosenvivo.com.ar\/wp-content\/uploads\/2023\/08\/64e676532b503_450.jpg",450,253,false],"et-pb-portfolio-image":["https:\/\/elementor.radiosenvivo.com.ar\/wp-content\/uploads\/2023\/08\/64e676532b503_450-400x253.jpg",400,253,true],"et-pb-portfolio-module-image":["https:\/\/elementor.radiosenvivo.com.ar\/wp-content\/uploads\/2023\/08\/64e676532b503_450.jpg",450,253,false],"et-pb-portfolio-image-single":["https:\/\/elementor.radiosenvivo.com.ar\/wp-content\/uploads\/2023\/08\/64e676532b503_450.jpg",450,253,false],"et-pb-gallery-module-image-portrait":["https:\/\/elementor.radiosenvivo.com.ar\/wp-content\/uploads\/2023\/08\/64e676532b503_450-400x253.jpg",400,253,true],"et-pb-post-main-image-fullwidth-large":["https:\/\/elementor.radiosenvivo.com.ar\/wp-content\/uploads\/2023\/08\/64e676532b503_450.jpg",450,253,false],"et-pb-image--responsive--desktop":["https:\/\/elementor.radiosenvivo.com.ar\/wp-content\/uploads\/2023\/08\/64e676532b503_450.jpg",450,253,false],"et-pb-image--responsive--tablet":["https:\/\/elementor.radiosenvivo.com.ar\/wp-content\/uploads\/2023\/08\/64e676532b503_450.jpg",450,253,false],"et-pb-image--responsive--phone":["https:\/\/elementor.radiosenvivo.com.ar\/wp-content\/uploads\/2023\/08\/64e676532b503_450.jpg",450,253,false]},"uagb_author_info":{"display_name":"admin","author_link":"https:\/\/elementor.radiosenvivo.com.ar\/index.php\/author\/admin\/"},"uagb_comment_info":0,"uagb_excerpt":"[ad_1] Foto Archivo: Wu Wei El crack rosarino Lionel Messi se sum\u00f3 este mi\u00e9rcoles al festejo de \u00c1ngel Di Mar\u00eda, quien record\u00f3 el 15to. aniversario de la obtenci\u00f3n de la medalla dorada en los Juegos Ol\u00edmpicos de Beijing 2008 a trav\u00e9s de las redes sociales. \u00abTodo sigue igual\u00bb, escribi\u00f3 Di Mar\u00eda en una historia de&hellip;","_links":{"self":[{"href":"https:\/\/elementor.radiosenvivo.com.ar\/index.php\/wp-json\/wp\/v2\/posts\/1425"}],"collection":[{"href":"https:\/\/elementor.radiosenvivo.com.ar\/index.php\/wp-json\/wp\/v2\/posts"}],"about":[{"href":"https:\/\/elementor.radiosenvivo.com.ar\/index.php\/wp-json\/wp\/v2\/types\/post"}],"author":[{"embeddable":true,"href":"https:\/\/elementor.radiosenvivo.com.ar\/index.php\/wp-json\/wp\/v2\/users\/1"}],"replies":[{"embeddable":true,"href":"https:\/\/elementor.radiosenvivo.com.ar\/index.php\/wp-json\/wp\/v2\/comments?post=1425"}],"version-history":[{"count":0,"href":"https:\/\/elementor.radiosenvivo.com.ar\/index.php\/wp-json\/wp\/v2\/posts\/1425\/revisions"}],"wp:featuredmedia":[{"embeddable":true,"href":"https:\/\/elementor.radiosenvivo.com.ar\/index.php\/wp-json\/wp\/v2\/media\/1426"}],"wp:attachment":[{"href":"https:\/\/elementor.radiosenvivo.com.ar\/index.php\/wp-json\/wp\/v2\/media?parent=1425"}],"wp:term":[{"taxonomy":"category","embeddable":true,"href":"https:\/\/elementor.radiosenvivo.com.ar\/index.php\/wp-json\/wp\/v2\/categories?post=1425"},{"taxonomy":"post_tag","embeddable":true,"href":"https:\/\/elementor.radiosenvivo.com.ar\/index.php\/wp-json\/wp\/v2\/tags?post=1425"}],"curies":[{"name":"wp","href":"https:\/\/api.w.org\/{rel}","templated":true}]}}