{"id":1405,"date":"2023-08-19T05:38:01","date_gmt":"2023-08-19T05:38:01","guid":{"rendered":"https:\/\/elementor.radiosenvivo.com.ar\/index.php\/2023\/08\/19\/una-comision-de-diputados-comenzara-a-tratar-el-nuevo-proyecto-de-blanqueo-de-capitales\/"},"modified":"2023-08-19T05:38:01","modified_gmt":"2023-08-19T05:38:01","slug":"una-comision-de-diputados-comenzara-a-tratar-el-nuevo-proyecto-de-blanqueo-de-capitales","status":"publish","type":"post","link":"https:\/\/elementor.radiosenvivo.com.ar\/index.php\/2023\/08\/19\/una-comision-de-diputados-comenzara-a-tratar-el-nuevo-proyecto-de-blanqueo-de-capitales\/","title":{"rendered":"Una comisi\u00f3n de Diputados comenzar\u00e1 a tratar el nuevo proyecto de blanqueo de capitales"},"content":{"rendered":"<p> [ad_1]<br \/>\n<\/p>\n<div>\n<figure class=\"mb-3\"><img decoding=\"async\" src=\"https:\/\/www.telam.com.ar\/thumbs\/bluesteel\/advf\/imagenes\/2023\/04\/64401102610b2_1200.jpg\" class=\" lazy \" width=\"100%\" height=\"100%\" alt=\"Foto Prensa archivo\"\/><figcaption> Foto: Prensa (archivo). <\/figcaption><\/figure>\n<p>La comisi\u00f3n de Presupuesto y Hacienda de la C\u00e1mara de Diputados comenzar\u00e1 a analizar el pr\u00f3ximo jueves el proyecto del ley de blanqueo, denominado \u00abDeclaraci\u00f3n Voluntaria del Ahorro Argentino no Exteriorizado\u00bb, presentado por el Poder Ejecutivo en junio pasado.<\/p>\n<p>El grupo de trabajo que preside Carlos Heller (Frente de Todos) recibir\u00e1 desde las 12 a Claudia Fabiana Balestrini, subsecretaria de Ingresos P\u00fablicos del Ministerio de Econom\u00eda; a Carlos Daniel Castagneto, de la Administraci\u00f3n Federal de Ingresos P\u00fablicos y a Guillermo Michel, director General de Aduanas.<\/p>\n<p><strong>El proyecto en cuesti\u00f3n estipula un blanqueo que comprender\u00eda a personas humanas, sucesiones indivisas y empresas con bienes y activos financieros no declarados ante el fisco, que contar\u00e1 con una al\u00edcuota de 5% para quienes se registren en los primeros 120 d\u00edas<\/strong> desde la entrada en vigencia de la iniciativa.<\/p>\n<p>La iniciativa -que lleva las firmas del presidente Alberto Fern\u00e1ndez; el jefe de Gabinete, Agust\u00edn Rossi; y el ministro de Econom\u00eda, Sergio Massa- establece que <strong>se podr\u00e1 exteriorizar la tenencia de moneda nacional y\/o extranjera en el pa\u00eds o en el exterior, activos financieros, bienes inmuebles e inmuebles<\/strong>.<\/p>\n<p>El proyecto ingres\u00f3 a Diputados el pasado 5 de junio y fue girado tambi\u00e9n a la comisi\u00f3n de Finanzas, que preside la oficialista Alicia Aparicio.<\/p>\n<p>La iniciativa elaborada por el Palacio de Hacienda surge luego del acuerdo firmado en diciembre pasado entre la Argentina y Estados Unidos, que establece un sistema de intercambio de informaci\u00f3n tributaria que permitir\u00e1 a ambos pa\u00edses acceder a informaci\u00f3n cruzada sobre operaciones realizadas por sus ciudadanos en los respectivos sistemas financieros, con el objetivo explicito de combatir la evasi\u00f3n fiscal.<\/p>\n<p>En base a los considerandos y principales art\u00edculos del proyecto, la iniciativa -de prosperar su tratamiento- <strong>establece que entrar\u00e1 en vigencia a los 15 d\u00edas de su publicaci\u00f3n en el Bolet\u00edn Oficial, y que contar\u00e1 con un al\u00edcuota especial la exteriorizaci\u00f3n voluntaria de los bienes no registrados que tengan en el pa\u00eds y en el exterior.<\/strong><\/p>\n<p>Asimismo, se incrementar\u00e1n las al\u00edcuotas aplicables para la exteriorizaci\u00f3n de los bienes del exterior en el caso de que no exista repatriaci\u00f3n.<\/p>\n<p>En los fundamentos del proyecto se destaca que \u00ablas tenencias de bienes que se exterioricen pagar\u00e1n un impuesto especial con al\u00edcuota creciente en el tiempo\u00bb.<\/p>\n<p>De acuerdo con el proyecto, las al\u00edcuotas aplicables ser\u00e1n del 5% desde la entrada en vigencia y hasta transcurrido el plazo de 120 d\u00edas corridos de la puesta en marcha del blanqueo; 10% para los bienes declarados desde el vencimiento del plazo del punto anterior y hasta transcurrido el plazo de 120 d\u00edas; y 20%, para los bienes declarados desde el vencimiento del segundo plazo y hasta transcurrido el plazo de 120 d\u00edas corridos.<\/p>\n<p>En el caso de aquellos bienes detectados en el exterior y no declarados pagar\u00e1n una tasa del 7,5 ciento en los primeros 120 d\u00edas de sancionada la ley; 12,5% desde el vencimiento del primer y hasta 120 d\u00edas m\u00e1s; y 22,5% en el caso de ingresar en el \u00faltimo tramo habilitado para tal fin.<\/p>\n<p><strong>Se establecer\u00e1 un r\u00e9gimen simplificado con una al\u00edcuota especial del 1,5% aplicable a personas humanas que exterioricen tenencia de moneda nacional y\/o extranjera, y el monto no supere el 35% de los ingresos anuales promedio de los \u00faltimos tres per\u00edodos fiscales y con un tope de hasta US$ 50 mil<\/strong>.<\/p>\n<p>Para acceder al r\u00e9gimen, la declaraci\u00f3n voluntaria de la tenencia de moneda nacional o de moneda extranjera requerir\u00e1 la confecci\u00f3n de una declaraci\u00f3n jurada meramente informativa que d\u00e9 cuenta del monto exteriorizado.<\/p>\n<p>Se entender\u00e1 por repatriaci\u00f3n de bienes cuando el monto ingresado al pa\u00eds en concepto de tenencia en moneda extranjera y los importes generados por los activos financieros representen como m\u00ednimo un porcentaje a determinar por la reglamentaci\u00f3n del valor total de los bienes en el exterior que se declaren; el que no podr\u00e1 ser inferior al 10 por ciento.<\/p>\n<p>El proyecto prev\u00e9 que quedar\u00e1n excluidos \u00fanicamente del R\u00e9gimen Simplificado los contribuyentes alcanzados por el Aporte Solidario.<\/p>\n<p>Tampoco podr\u00e1n ingresar al blanqueo de capitales ning\u00fan presidente o vicepresidente, ministros del Poder Ejecutivo Nacional o provincial, gobernadores, intendentes, jefe de Gobierno de la Ciudad de Buenos Aires, legisladores nacionales y provinciales, as\u00ed como los jueces del Poder Judicial de la Naci\u00f3n que hayan asumido sus funciones a partir del 1 de enero de 2010. <\/p>\n<\/div>\n<p><script async defer crossorigin=\"anonymous\" src=\"https:\/\/connect.facebook.net\/es_LA\/sdk.js#xfbml=1&#038;version=v12.0\" nonce=\"SBlHQzIF\"><\/script><br \/>\n<br \/>[ad_2]<br \/>\n<br \/><a href=\"https:\/\/www.telam.com.ar\/notas\/202308\/637536-comision-diputados-nuevo-proyecto-blanqueo-de-capitales.html\">Source link <\/a><\/p>\n","protected":false},"excerpt":{"rendered":"<p>[ad_1] Foto: Prensa (archivo). La comisi\u00f3n de Presupuesto y Hacienda de la C\u00e1mara de Diputados comenzar\u00e1 a analizar el pr\u00f3ximo jueves el proyecto del ley de blanqueo, denominado \u00abDeclaraci\u00f3n Voluntaria del Ahorro Argentino no Exteriorizado\u00bb, presentado por el Poder Ejecutivo en junio pasado. El grupo de trabajo que preside Carlos Heller (Frente de Todos) recibir\u00e1 [&hellip;]<\/p>\n","protected":false},"author":1,"featured_media":1406,"comment_status":"open","ping_status":"open","sticky":false,"template":"","format":"standard","meta":{"_et_pb_use_builder":"","_et_pb_old_content":"","_et_gb_content_width":"","_uag_custom_page_level_css":"","footnotes":""},"categories":[12],"tags":[],"uagb_featured_image_src":{"full":["https:\/\/elementor.radiosenvivo.com.ar\/wp-content\/uploads\/2023\/08\/64401102610b2_450.jpg",450,253,false],"thumbnail":["https:\/\/elementor.radiosenvivo.com.ar\/wp-content\/uploads\/2023\/08\/64401102610b2_450-150x150.jpg",150,150,true],"medium":["https:\/\/elementor.radiosenvivo.com.ar\/wp-content\/uploads\/2023\/08\/64401102610b2_450-300x169.jpg",300,169,true],"medium_large":["https:\/\/elementor.radiosenvivo.com.ar\/wp-content\/uploads\/2023\/08\/64401102610b2_450.jpg",450,253,false],"large":["https:\/\/elementor.radiosenvivo.com.ar\/wp-content\/uploads\/2023\/08\/64401102610b2_450.jpg",450,253,false],"1536x1536":["https:\/\/elementor.radiosenvivo.com.ar\/wp-content\/uploads\/2023\/08\/64401102610b2_450.jpg",450,253,false],"2048x2048":["https:\/\/elementor.radiosenvivo.com.ar\/wp-content\/uploads\/2023\/08\/64401102610b2_450.jpg",450,253,false],"et-pb-post-main-image":["https:\/\/elementor.radiosenvivo.com.ar\/wp-content\/uploads\/2023\/08\/64401102610b2_450-400x250.jpg",400,250,true],"et-pb-post-main-image-fullwidth":["https:\/\/elementor.radiosenvivo.com.ar\/wp-content\/uploads\/2023\/08\/64401102610b2_450.jpg",450,253,false],"et-pb-portfolio-image":["https:\/\/elementor.radiosenvivo.com.ar\/wp-content\/uploads\/2023\/08\/64401102610b2_450-400x253.jpg",400,253,true],"et-pb-portfolio-module-image":["https:\/\/elementor.radiosenvivo.com.ar\/wp-content\/uploads\/2023\/08\/64401102610b2_450.jpg",450,253,false],"et-pb-portfolio-image-single":["https:\/\/elementor.radiosenvivo.com.ar\/wp-content\/uploads\/2023\/08\/64401102610b2_450.jpg",450,253,false],"et-pb-gallery-module-image-portrait":["https:\/\/elementor.radiosenvivo.com.ar\/wp-content\/uploads\/2023\/08\/64401102610b2_450-400x253.jpg",400,253,true],"et-pb-post-main-image-fullwidth-large":["https:\/\/elementor.radiosenvivo.com.ar\/wp-content\/uploads\/2023\/08\/64401102610b2_450.jpg",450,253,false],"et-pb-image--responsive--desktop":["https:\/\/elementor.radiosenvivo.com.ar\/wp-content\/uploads\/2023\/08\/64401102610b2_450.jpg",450,253,false],"et-pb-image--responsive--tablet":["https:\/\/elementor.radiosenvivo.com.ar\/wp-content\/uploads\/2023\/08\/64401102610b2_450.jpg",450,253,false],"et-pb-image--responsive--phone":["https:\/\/elementor.radiosenvivo.com.ar\/wp-content\/uploads\/2023\/08\/64401102610b2_450.jpg",450,253,false]},"uagb_author_info":{"display_name":"admin","author_link":"https:\/\/elementor.radiosenvivo.com.ar\/index.php\/author\/admin\/"},"uagb_comment_info":0,"uagb_excerpt":"[ad_1] Foto: Prensa (archivo). La comisi\u00f3n de Presupuesto y Hacienda de la C\u00e1mara de Diputados comenzar\u00e1 a analizar el pr\u00f3ximo jueves el proyecto del ley de blanqueo, denominado \u00abDeclaraci\u00f3n Voluntaria del Ahorro Argentino no Exteriorizado\u00bb, presentado por el Poder Ejecutivo en junio pasado. El grupo de trabajo que preside Carlos Heller (Frente de Todos) recibir\u00e1&hellip;","_links":{"self":[{"href":"https:\/\/elementor.radiosenvivo.com.ar\/index.php\/wp-json\/wp\/v2\/posts\/1405"}],"collection":[{"href":"https:\/\/elementor.radiosenvivo.com.ar\/index.php\/wp-json\/wp\/v2\/posts"}],"about":[{"href":"https:\/\/elementor.radiosenvivo.com.ar\/index.php\/wp-json\/wp\/v2\/types\/post"}],"author":[{"embeddable":true,"href":"https:\/\/elementor.radiosenvivo.com.ar\/index.php\/wp-json\/wp\/v2\/users\/1"}],"replies":[{"embeddable":true,"href":"https:\/\/elementor.radiosenvivo.com.ar\/index.php\/wp-json\/wp\/v2\/comments?post=1405"}],"version-history":[{"count":0,"href":"https:\/\/elementor.radiosenvivo.com.ar\/index.php\/wp-json\/wp\/v2\/posts\/1405\/revisions"}],"wp:featuredmedia":[{"embeddable":true,"href":"https:\/\/elementor.radiosenvivo.com.ar\/index.php\/wp-json\/wp\/v2\/media\/1406"}],"wp:attachment":[{"href":"https:\/\/elementor.radiosenvivo.com.ar\/index.php\/wp-json\/wp\/v2\/media?parent=1405"}],"wp:term":[{"taxonomy":"category","embeddable":true,"href":"https:\/\/elementor.radiosenvivo.com.ar\/index.php\/wp-json\/wp\/v2\/categories?post=1405"},{"taxonomy":"post_tag","embeddable":true,"href":"https:\/\/elementor.radiosenvivo.com.ar\/index.php\/wp-json\/wp\/v2\/tags?post=1405"}],"curies":[{"name":"wp","href":"https:\/\/api.w.org\/{rel}","templated":true}]}}