{"id":1404,"date":"2023-08-18T05:42:24","date_gmt":"2023-08-18T05:42:24","guid":{"rendered":"https:\/\/elementor.radiosenvivo.com.ar\/index.php\/2023\/08\/18\/capitanich-anuncio-aumento-salarial-para-toda-la-administracion-publica-las-noticias-mas-importantes-de-chaco\/"},"modified":"2023-08-18T05:42:24","modified_gmt":"2023-08-18T05:42:24","slug":"capitanich-anuncio-aumento-salarial-para-toda-la-administracion-publica-las-noticias-mas-importantes-de-chaco","status":"publish","type":"post","link":"https:\/\/elementor.radiosenvivo.com.ar\/index.php\/2023\/08\/18\/capitanich-anuncio-aumento-salarial-para-toda-la-administracion-publica-las-noticias-mas-importantes-de-chaco\/","title":{"rendered":"Capitanich anunci\u00f3 aumento salarial para toda la administraci\u00f3n p\u00fablica \u2013 Las noticias m\u00e1s importantes de Chaco"},"content":{"rendered":"<p> [ad_1]<br \/>\n<\/p>\n<div id=\"penci-post-entry-inner\">\n<p>El gobernador Jorge Capitanich anunci\u00f3 ayer en conferencia de prensa un aumento salarial del 20% para toda la administraci\u00f3n p\u00fablica y los poderes Legislativo y Judicial.<br \/>\u201cNuestro objetivo es cumplir con el compromiso asumido de que los salarios le ganen a la inflaci\u00f3n con un 70% de aumento m\u00ednimo garantizado hasta el mes de agosto, para cuidar el bolsillo de las y los trabajadores y jubilados\u201d, afirm\u00f3 el mandatario, quien dijo que esste se trata de un \u201caumento salarial extraordinario\u201d.<br \/>La medida -que abarca a la Administraci\u00f3n P\u00fablica Central, Vialidad Provincial, Polic\u00eda del Chaco, Servicio Penitenciario, legislativos y judiciales- se implementar\u00e1 en dos etapas: un aumento del 8% en agosto y otro de 12% en octubre.<br \/>Adem\u00e1s, ese 20% de aumento ser\u00e1 extensivo a la base de c\u00e1lculos de las bonificaciones del personal sanitario. En tanto que las y los trabajadores de la Educaci\u00f3n, percibir\u00e1n tambi\u00e9n en agosto el incremento del 8% en concepto de adelanto de la cl\u00e1usula gatillo, acumulando as\u00ed en lo que va del a\u00f1o una suba salarial del 72,4%.<br \/>El refrigerio, en tanto, se acreditar\u00e1 hoy; mientras que los haberes de la Administraci\u00f3n P\u00fablica de agosto se pagar\u00e1n el martes 29 -para el sector pasivo- y el mi\u00e9rcoles 30 -para las y los activos-. \u201cTenemos una fina sensibilidad desde el punto de vista del pago de los salarios para que los perciban antes de que termine el mes\u201d, sostuvo el mandatario.<br \/>En materia de haberes se proyectan para agosto un desembolso de $27 mil millones (para el sector activo) y de $28 mil millones para las y los pasivos y a trav\u00e9s del sistema de seguridad social nacional.<br \/>\u201cEsto tiene que ver con un influjo de recursos que favorece a comerciantes, industriales y productores, para que todos los bienes y servicios que se producen en la provincia tengan capacidad de compra\u201d, a\u00f1adi\u00f3.<br \/>Citando las mediciones de inflaci\u00f3n del Indec (en forma acumulativa) que alcanz\u00f3 un 59.3% para la regi\u00f3n NEA hacia julio pasado, reiter\u00f3 que los aumentos anunciados permiten sostener la pol\u00edtica salarial por encima de la pauta inflacionaria.<br \/>La iniciativa se enmarca en un paquete de medidas estructurales donde se destaca tambi\u00e9n el Mes de las Infancias, que establece un 40% de descuento con tope de reintegro de $7 mil, y los Superd\u00edas en farmacias y supermercados, sumado al descuento de los jueves para jubilados.<br \/>\u201cBasamos nuestra pol\u00edtica en mejorar el poder adquisitivo del salario de las y los trabajadores p\u00fablicos, pero tambi\u00e9n el ingreso de las familias que perciben otro tipo de remuneraciones\u201d, insisti\u00f3 Capitanich.<\/p>\n<p>Convenio Colectivo<br \/>de Trabajo<br \/>El mandatario inform\u00f3 que en el marco del Convenio Colectivo de Trabajo, la semana pr\u00f3xima el Poder Ejecutivo propondr\u00e1 un r\u00e9gimen especial para el personal con contratos de servicios que hoy forma parte de la planta transitoria del Estado. \u201cEs parte de una agenda que queremos poner en conocimiento de todos\u201d, dijo, recordando que el convenio es el espacio de discusi\u00f3n de estas cuestiones.<\/p>\n<\/p><\/div>\n<p>[ad_2]<br \/>\n<br \/><a href=\"https:\/\/www.diariolavozdelchaco.com\/capitanich-anuncio-aumento-salarial-para-toda-la-administracion-publica\/\">Source link <\/a><\/p>\n","protected":false},"excerpt":{"rendered":"<p>[ad_1] El gobernador Jorge Capitanich anunci\u00f3 ayer en conferencia de prensa un aumento salarial del 20% para toda la administraci\u00f3n p\u00fablica y los poderes Legislativo y Judicial.\u201cNuestro objetivo es cumplir con el compromiso asumido de que los salarios le ganen a la inflaci\u00f3n con un 70% de aumento m\u00ednimo garantizado hasta el mes de agosto, [&hellip;]<\/p>\n","protected":false},"author":1,"featured_media":1373,"comment_status":"open","ping_status":"open","sticky":false,"template":"","format":"standard","meta":{"_et_pb_use_builder":"","_et_pb_old_content":"","_et_gb_content_width":"","_uag_custom_page_level_css":"","footnotes":""},"categories":[10],"tags":[],"uagb_featured_image_src":{"full":["https:\/\/elementor.radiosenvivo.com.ar\/wp-content\/uploads\/2023\/08\/03-foto-30-2.jpg",800,600,false],"thumbnail":["https:\/\/elementor.radiosenvivo.com.ar\/wp-content\/uploads\/2023\/08\/03-foto-30-2-150x150.jpg",150,150,true],"medium":["https:\/\/elementor.radiosenvivo.com.ar\/wp-content\/uploads\/2023\/08\/03-foto-30-2-300x225.jpg",300,225,true],"medium_large":["https:\/\/elementor.radiosenvivo.com.ar\/wp-content\/uploads\/2023\/08\/03-foto-30-2-768x576.jpg",768,576,true],"large":["https:\/\/elementor.radiosenvivo.com.ar\/wp-content\/uploads\/2023\/08\/03-foto-30-2.jpg",800,600,false],"1536x1536":["https:\/\/elementor.radiosenvivo.com.ar\/wp-content\/uploads\/2023\/08\/03-foto-30-2.jpg",800,600,false],"2048x2048":["https:\/\/elementor.radiosenvivo.com.ar\/wp-content\/uploads\/2023\/08\/03-foto-30-2.jpg",800,600,false],"et-pb-post-main-image":["https:\/\/elementor.radiosenvivo.com.ar\/wp-content\/uploads\/2023\/08\/03-foto-30-2-400x250.jpg",400,250,true],"et-pb-post-main-image-fullwidth":["https:\/\/elementor.radiosenvivo.com.ar\/wp-content\/uploads\/2023\/08\/03-foto-30-2.jpg",800,600,false],"et-pb-portfolio-image":["https:\/\/elementor.radiosenvivo.com.ar\/wp-content\/uploads\/2023\/08\/03-foto-30-2-400x284.jpg",400,284,true],"et-pb-portfolio-module-image":["https:\/\/elementor.radiosenvivo.com.ar\/wp-content\/uploads\/2023\/08\/03-foto-30-2-510x382.jpg",510,382,true],"et-pb-portfolio-image-single":["https:\/\/elementor.radiosenvivo.com.ar\/wp-content\/uploads\/2023\/08\/03-foto-30-2.jpg",800,600,false],"et-pb-gallery-module-image-portrait":["https:\/\/elementor.radiosenvivo.com.ar\/wp-content\/uploads\/2023\/08\/03-foto-30-2-400x516.jpg",400,516,true],"et-pb-post-main-image-fullwidth-large":["https:\/\/elementor.radiosenvivo.com.ar\/wp-content\/uploads\/2023\/08\/03-foto-30-2.jpg",800,600,false],"et-pb-image--responsive--desktop":["https:\/\/elementor.radiosenvivo.com.ar\/wp-content\/uploads\/2023\/08\/03-foto-30-2.jpg",800,600,false],"et-pb-image--responsive--tablet":["https:\/\/elementor.radiosenvivo.com.ar\/wp-content\/uploads\/2023\/08\/03-foto-30-2.jpg",735,551,false],"et-pb-image--responsive--phone":["https:\/\/elementor.radiosenvivo.com.ar\/wp-content\/uploads\/2023\/08\/03-foto-30-2-480x360.jpg",360,270,true]},"uagb_author_info":{"display_name":"admin","author_link":"https:\/\/elementor.radiosenvivo.com.ar\/index.php\/author\/admin\/"},"uagb_comment_info":0,"uagb_excerpt":"[ad_1] El gobernador Jorge Capitanich anunci\u00f3 ayer en conferencia de prensa un aumento salarial del 20% para toda la administraci\u00f3n p\u00fablica y los poderes Legislativo y Judicial.\u201cNuestro objetivo es cumplir con el compromiso asumido de que los salarios le ganen a la inflaci\u00f3n con un 70% de aumento m\u00ednimo garantizado hasta el mes de agosto,&hellip;","_links":{"self":[{"href":"https:\/\/elementor.radiosenvivo.com.ar\/index.php\/wp-json\/wp\/v2\/posts\/1404"}],"collection":[{"href":"https:\/\/elementor.radiosenvivo.com.ar\/index.php\/wp-json\/wp\/v2\/posts"}],"about":[{"href":"https:\/\/elementor.radiosenvivo.com.ar\/index.php\/wp-json\/wp\/v2\/types\/post"}],"author":[{"embeddable":true,"href":"https:\/\/elementor.radiosenvivo.com.ar\/index.php\/wp-json\/wp\/v2\/users\/1"}],"replies":[{"embeddable":true,"href":"https:\/\/elementor.radiosenvivo.com.ar\/index.php\/wp-json\/wp\/v2\/comments?post=1404"}],"version-history":[{"count":0,"href":"https:\/\/elementor.radiosenvivo.com.ar\/index.php\/wp-json\/wp\/v2\/posts\/1404\/revisions"}],"wp:featuredmedia":[{"embeddable":true,"href":"https:\/\/elementor.radiosenvivo.com.ar\/index.php\/wp-json\/wp\/v2\/media\/1373"}],"wp:attachment":[{"href":"https:\/\/elementor.radiosenvivo.com.ar\/index.php\/wp-json\/wp\/v2\/media?parent=1404"}],"wp:term":[{"taxonomy":"category","embeddable":true,"href":"https:\/\/elementor.radiosenvivo.com.ar\/index.php\/wp-json\/wp\/v2\/categories?post=1404"},{"taxonomy":"post_tag","embeddable":true,"href":"https:\/\/elementor.radiosenvivo.com.ar\/index.php\/wp-json\/wp\/v2\/tags?post=1404"}],"curies":[{"name":"wp","href":"https:\/\/api.w.org\/{rel}","templated":true}]}}