{"id":1237,"date":"2023-07-04T04:07:27","date_gmt":"2023-07-04T04:07:27","guid":{"rendered":"https:\/\/elementor.radiosenvivo.com.ar\/index.php\/2023\/07\/04\/alberto-fernandez-y-lula-presentaran-la-coleccion-de-libros-de-la-unidad-sudamericana\/"},"modified":"2023-07-04T04:07:27","modified_gmt":"2023-07-04T04:07:27","slug":"alberto-fernandez-y-lula-presentaran-la-coleccion-de-libros-de-la-unidad-sudamericana","status":"publish","type":"post","link":"https:\/\/elementor.radiosenvivo.com.ar\/index.php\/2023\/07\/04\/alberto-fernandez-y-lula-presentaran-la-coleccion-de-libros-de-la-unidad-sudamericana\/","title":{"rendered":"Alberto Fern\u00e1ndez y Lula presentar\u00e1n la colecci\u00f3n de libros de la Unidad Sudamericana"},"content":{"rendered":"<p> [ad_1]<br \/>\n<\/p>\n<div>\n<figure class=\"mb-3\"><img decoding=\"async\" src=\"https:\/\/www.telam.com.ar\/thumbs\/bluesteel\/advf\/imagenes\/2023\/01\/63cebccd21804_1200.jpg\" class=\" lazy \" width=\"100%\" height=\"100%\" alt=\"Foto Pablo Aeli\"\/><figcaption> Foto: Pablo A\u00f1eli <\/figcaption><\/figure>\n<p> El presidente Alberto Fern\u00e1ndez y su par de Brasil, Luiz In\u00e1cio Lula Da Silva, encabezar\u00e1n el martes pr\u00f3ximo la presentaci\u00f3n de una <strong>selecci\u00f3n bibliogr\u00e1fica publicada por la Canciller\u00eda argentina<\/strong> que re\u00fane 12 t\u00edtulos que abordan la integraci\u00f3n latinoamericana y los desaf\u00edos que enfrenta la regi\u00f3n.<\/p>\n<p>Los mandatarios participar\u00e1n de la presentaci\u00f3n de la colecci\u00f3n de libros en el marco de la LXII Reuni\u00f3n del Consejo del Mercado Com\u00fan y Cumbre de Jefes y Jefas de Estado del Mercosur y Estados Asociados, en Puerto Iguaz\u00fa.<\/p>\n<p>En el encuentro, Fern\u00e1ndez le obsequiar\u00e1 a Lula el primer t\u00edtulo de la colecci\u00f3n, <strong>\u00abAm\u00e9rica Latina: unidos o dominados\u00bb<\/strong>, de Juan Domingo Per\u00f3n, traducido al portugu\u00e9s.<\/p>\n<p>Esta iniciativa es llevada a cabo por la Direcci\u00f3n de Asuntos Culturales de la Canciller\u00eda argentina, que encabeza Paula V\u00e1zquez, y el coordinador de la colecci\u00f3n es V\u00edctor Ramos.<\/p>\n<p>Los primeros t\u00edtulos son: \u00abAm\u00e9rica Latina: unidos o dominados\u00bb (Juan Domingo Per\u00f3n); \u00abLa Patria Grande\u00bb (Manuel Ugarte); \u00abIntroducci\u00f3n a la Am\u00e9rica Criolla\u00bb (Jorge Abelardo Ramos); \u00abPer\u00f3n y el peronismo en el sistema-mundo del siglo XXI\u00bb (Miguel \u00c1ngel Barrios); \u00abRevoluci\u00f3n y crisis en el Mercosur\u00bb (Salvador Cabral); \u00abEstados continentales y La alianza argentino-brasilera\u00bb (Alberto Methol Ferr\u00e9).<\/p>\n<p>A ellos se suman \u00abNuestra Am\u00e9rica y otros escritos\u00bb (Jos\u00e9 Mart\u00ed); \u00abLa identidad latinoamericana\u00bb (Graciela Maturro); \u00abLas inversiones extranjeras en Am\u00e9rica\u00bb (Latina Carlos Montenegro); \u00abEl crimen de la guerra y otros escritos\u00bb (Juan Bautista Alberdi); \u00abLa Uni\u00f3n Latinoamericana\u00bb (Jos\u00e9 Mar\u00eda Torres Caicedo) y una compilaci\u00f3n de textos de autores variados que van desde Antonio Cafiero a Celso Amor\u00edn.<\/p>\n<p>Proximalmente, se proyecta sumar a la colecci\u00f3n t\u00edtulos de autores brasile\u00f1os como Manoel Bomfim, Darcy Riveiro, Luiz Moniz Bandeira, Helio Jaguaribe y Samuel Pinheiro Guimar\u00e3es. <\/p>\n<\/div>\n<p><script async defer crossorigin=\"anonymous\" src=\"https:\/\/connect.facebook.net\/es_LA\/sdk.js#xfbml=1&#038;version=v12.0\" nonce=\"SBlHQzIF\"><\/script><br \/>\n<br \/>[ad_2]<br \/>\n<br \/><a href=\"https:\/\/www.telam.com.ar\/notas\/202307\/632739-alberto-fernandez-lula-libros.html\">Source link <\/a><\/p>\n","protected":false},"excerpt":{"rendered":"<p>[ad_1] Foto: Pablo A\u00f1eli El presidente Alberto Fern\u00e1ndez y su par de Brasil, Luiz In\u00e1cio Lula Da Silva, encabezar\u00e1n el martes pr\u00f3ximo la presentaci\u00f3n de una selecci\u00f3n bibliogr\u00e1fica publicada por la Canciller\u00eda argentina que re\u00fane 12 t\u00edtulos que abordan la integraci\u00f3n latinoamericana y los desaf\u00edos que enfrenta la regi\u00f3n. Los mandatarios participar\u00e1n de la presentaci\u00f3n [&hellip;]<\/p>\n","protected":false},"author":1,"featured_media":1238,"comment_status":"open","ping_status":"open","sticky":false,"template":"","format":"standard","meta":{"_et_pb_use_builder":"","_et_pb_old_content":"","_et_gb_content_width":"","_uag_custom_page_level_css":"","footnotes":""},"categories":[12],"tags":[],"uagb_featured_image_src":{"full":["https:\/\/elementor.radiosenvivo.com.ar\/wp-content\/uploads\/2023\/07\/63cebccd21804_450.jpg",450,253,false],"thumbnail":["https:\/\/elementor.radiosenvivo.com.ar\/wp-content\/uploads\/2023\/07\/63cebccd21804_450-150x150.jpg",150,150,true],"medium":["https:\/\/elementor.radiosenvivo.com.ar\/wp-content\/uploads\/2023\/07\/63cebccd21804_450-300x169.jpg",300,169,true],"medium_large":["https:\/\/elementor.radiosenvivo.com.ar\/wp-content\/uploads\/2023\/07\/63cebccd21804_450.jpg",450,253,false],"large":["https:\/\/elementor.radiosenvivo.com.ar\/wp-content\/uploads\/2023\/07\/63cebccd21804_450.jpg",450,253,false],"1536x1536":["https:\/\/elementor.radiosenvivo.com.ar\/wp-content\/uploads\/2023\/07\/63cebccd21804_450.jpg",450,253,false],"2048x2048":["https:\/\/elementor.radiosenvivo.com.ar\/wp-content\/uploads\/2023\/07\/63cebccd21804_450.jpg",450,253,false],"et-pb-post-main-image":["https:\/\/elementor.radiosenvivo.com.ar\/wp-content\/uploads\/2023\/07\/63cebccd21804_450-400x250.jpg",400,250,true],"et-pb-post-main-image-fullwidth":["https:\/\/elementor.radiosenvivo.com.ar\/wp-content\/uploads\/2023\/07\/63cebccd21804_450.jpg",450,253,false],"et-pb-portfolio-image":["https:\/\/elementor.radiosenvivo.com.ar\/wp-content\/uploads\/2023\/07\/63cebccd21804_450-400x253.jpg",400,253,true],"et-pb-portfolio-module-image":["https:\/\/elementor.radiosenvivo.com.ar\/wp-content\/uploads\/2023\/07\/63cebccd21804_450.jpg",450,253,false],"et-pb-portfolio-image-single":["https:\/\/elementor.radiosenvivo.com.ar\/wp-content\/uploads\/2023\/07\/63cebccd21804_450.jpg",450,253,false],"et-pb-gallery-module-image-portrait":["https:\/\/elementor.radiosenvivo.com.ar\/wp-content\/uploads\/2023\/07\/63cebccd21804_450-400x253.jpg",400,253,true],"et-pb-post-main-image-fullwidth-large":["https:\/\/elementor.radiosenvivo.com.ar\/wp-content\/uploads\/2023\/07\/63cebccd21804_450.jpg",450,253,false],"et-pb-image--responsive--desktop":["https:\/\/elementor.radiosenvivo.com.ar\/wp-content\/uploads\/2023\/07\/63cebccd21804_450.jpg",450,253,false],"et-pb-image--responsive--tablet":["https:\/\/elementor.radiosenvivo.com.ar\/wp-content\/uploads\/2023\/07\/63cebccd21804_450.jpg",450,253,false],"et-pb-image--responsive--phone":["https:\/\/elementor.radiosenvivo.com.ar\/wp-content\/uploads\/2023\/07\/63cebccd21804_450.jpg",450,253,false]},"uagb_author_info":{"display_name":"admin","author_link":"https:\/\/elementor.radiosenvivo.com.ar\/index.php\/author\/admin\/"},"uagb_comment_info":0,"uagb_excerpt":"[ad_1] Foto: Pablo A\u00f1eli El presidente Alberto Fern\u00e1ndez y su par de Brasil, Luiz In\u00e1cio Lula Da Silva, encabezar\u00e1n el martes pr\u00f3ximo la presentaci\u00f3n de una selecci\u00f3n bibliogr\u00e1fica publicada por la Canciller\u00eda argentina que re\u00fane 12 t\u00edtulos que abordan la integraci\u00f3n latinoamericana y los desaf\u00edos que enfrenta la regi\u00f3n. Los mandatarios participar\u00e1n de la presentaci\u00f3n&hellip;","_links":{"self":[{"href":"https:\/\/elementor.radiosenvivo.com.ar\/index.php\/wp-json\/wp\/v2\/posts\/1237"}],"collection":[{"href":"https:\/\/elementor.radiosenvivo.com.ar\/index.php\/wp-json\/wp\/v2\/posts"}],"about":[{"href":"https:\/\/elementor.radiosenvivo.com.ar\/index.php\/wp-json\/wp\/v2\/types\/post"}],"author":[{"embeddable":true,"href":"https:\/\/elementor.radiosenvivo.com.ar\/index.php\/wp-json\/wp\/v2\/users\/1"}],"replies":[{"embeddable":true,"href":"https:\/\/elementor.radiosenvivo.com.ar\/index.php\/wp-json\/wp\/v2\/comments?post=1237"}],"version-history":[{"count":0,"href":"https:\/\/elementor.radiosenvivo.com.ar\/index.php\/wp-json\/wp\/v2\/posts\/1237\/revisions"}],"wp:featuredmedia":[{"embeddable":true,"href":"https:\/\/elementor.radiosenvivo.com.ar\/index.php\/wp-json\/wp\/v2\/media\/1238"}],"wp:attachment":[{"href":"https:\/\/elementor.radiosenvivo.com.ar\/index.php\/wp-json\/wp\/v2\/media?parent=1237"}],"wp:term":[{"taxonomy":"category","embeddable":true,"href":"https:\/\/elementor.radiosenvivo.com.ar\/index.php\/wp-json\/wp\/v2\/categories?post=1237"},{"taxonomy":"post_tag","embeddable":true,"href":"https:\/\/elementor.radiosenvivo.com.ar\/index.php\/wp-json\/wp\/v2\/tags?post=1237"}],"curies":[{"name":"wp","href":"https:\/\/api.w.org\/{rel}","templated":true}]}}