{"id":1227,"date":"2023-07-03T04:07:31","date_gmt":"2023-07-03T04:07:31","guid":{"rendered":"https:\/\/elementor.radiosenvivo.com.ar\/index.php\/2023\/07\/03\/came-fechaco-bcch-y-camara-de-comercio-de-charata-en-agronea-2023-las-noticias-mas-importantes-de-chaco\/"},"modified":"2023-07-03T04:07:31","modified_gmt":"2023-07-03T04:07:31","slug":"came-fechaco-bcch-y-camara-de-comercio-de-charata-en-agronea-2023-las-noticias-mas-importantes-de-chaco","status":"publish","type":"post","link":"https:\/\/elementor.radiosenvivo.com.ar\/index.php\/2023\/07\/03\/came-fechaco-bcch-y-camara-de-comercio-de-charata-en-agronea-2023-las-noticias-mas-importantes-de-chaco\/","title":{"rendered":"CAME, FECHACO, BCCH y C\u00e1mara de Comercio de Charata en Agronea 2023 \u2013 Las noticias m\u00e1s importantes de Chaco"},"content":{"rendered":"<p> [ad_1]<br \/>\n<\/p>\n<div id=\"penci-post-entry-inner\">\n<p><strong>Con diferentes capacitaciones y charlas, la Confederaci\u00f3n Argentina de la Mediana Empresa (CAME), Federaci\u00f3n Econ\u00f3mica del Chaco (FECHACO), Bolsa de Comercio de Chaco (BCCH) y C\u00e1mara de Comercio de Charata se hicieron presentes en la Expo Agronea, que tuvo lugar el 30 de junio, 1 y 2 de julio en la localidad de Charata.<\/strong><\/p>\n<figure class=\"wp-block-gallery columns-3 is-cropped\"\/>\n<p>Bajo el lema \u201cEvoluci\u00f3n\u201d, la 20\u00b0 edici\u00f3n de la muestra se present\u00f3 como una oportunidad para conocer las novedades del sector en materia de producci\u00f3n, innovaci\u00f3n, sustentabilidad, pr\u00e1cticas agron\u00f3micas y negocios.<\/p>\n<p>Como primera actividad del s\u00e1bado, las presidentas de Federaci\u00f3n Econ\u00f3mica y C\u00e1mara de Comercio local, Silvia Reyero y Daniela Collman respectivamente, dieron unas palabras de bienvenida a los presentes en el stand de las instituciones.<\/p>\n<p>Luego, se llev\u00f3 adelante la Charla \u00ab\u00bfEstamos listos para los desaf\u00edos empresariales que vienen?\u00bb, a cargo del consultor en comunicaci\u00f3n empresarial y \u00a0\u00a0periodista Alberto Medina M\u00e9ndez. Posteriormente, las ramas juveniles de Federaci\u00f3n Econ\u00f3mica y CAME, representados por su presidente Alexis S\u00e1nchez y el coordinador general de la entidad joven nacional (CAME Joven), Mat\u00edas Brugnoli, realizaron el pre-lanzamiento de la Expo Emprender 2023, que tendr\u00e1 lugar el 2 de septiembre, en Castelli. All\u00ed, tambi\u00e9n presentaron el Premio al Joven Empresario Chaque\u00f1o del A\u00f1o, y tuvo lugar el Ciclo \u201cTiempo de emprender\u201d, en el que contaron sus experiencias el ganador de la premiaci\u00f3n del Gran Resistencia 2022, Gilberto Morel y titular del negocio de zapatos en Resistencia \u201cAlan y Nahuel\u201d; y Rocio Escobar, quien lleva adelante \u201cMam\u00e1 Ro\u201d, un emprendimiento de pastas, en Castelli.<\/p>\n<p>Adem\u00e1s, con una amplia participaci\u00f3n de dirigentes de toda la provincia se desarroll\u00f3 el Conversatorio del presidente de CAME, Alfredo Gonz\u00e1lez y de la secretaria de Capacitaci\u00f3n de la entidad nacional y presidenta de la C\u00e1mara de Mujeres Empresarias del Chaco, Beatriz Tourn, quienes contaron sus experiencias en la dirigencia gremial empresaria.<\/p>\n<p>Por \u00faltimo, la C\u00e1mara de Comercio local y el Municipio de Charata lanzaron la Expo Construcci\u00f3n, que ser\u00e1 del 13 al 15 de julio, en dicha localidad, una promoci\u00f3n que fortalece las ventas en el rubro.<\/p>\n<p>Participaron de la jornada, adem\u00e1s de las autoridades en menci\u00f3n, el presidente de BCCH, Ariel Ojeda; el referente de la Confederaci\u00f3n General de la Producci\u00f3n, Victor Repetto; dirigentes del Colegio de Corredores Inmobiliarios, Chaco Bureau, C\u00e1mara de Comerciantes Cristianos, C\u00e1mara Regional Econ\u00f3mica de El Zapallar, y de las C\u00e1maras de Comercio de S\u00e1enz Pe\u00f1a, Castelli, Villa \u00c1ngela, Resistencia, Barranqueras y Pinedo.<\/p>\n<figure class=\"wp-block-embed is-type-rich is-provider-gestor-del-servicio wp-block-embed-gestor-del-servicio\"\/>   <\/div>\n<p><script async defer crossorigin=\"anonymous\" src=\"https:\/\/connect.facebook.net\/es_ES\/sdk.js#xfbml=1&#038;version=v8.0\"><\/script><br \/>\n<br \/>[ad_2]<br \/>\n<br \/><a href=\"https:\/\/www.diariolavozdelchaco.com\/came-fechaco-bcch-y-camara-de-comercio-de-charata-en-agronea-2023\/\">Source link <\/a><\/p>\n","protected":false},"excerpt":{"rendered":"<p>[ad_1] Con diferentes capacitaciones y charlas, la Confederaci\u00f3n Argentina de la Mediana Empresa (CAME), Federaci\u00f3n Econ\u00f3mica del Chaco (FECHACO), Bolsa de Comercio de Chaco (BCCH) y C\u00e1mara de Comercio de Charata se hicieron presentes en la Expo Agronea, que tuvo lugar el 30 de junio, 1 y 2 de julio en la localidad de Charata. [&hellip;]<\/p>\n","protected":false},"author":1,"featured_media":1228,"comment_status":"open","ping_status":"open","sticky":false,"template":"","format":"standard","meta":{"_et_pb_use_builder":"","_et_pb_old_content":"","_et_gb_content_width":"","_uag_custom_page_level_css":"","footnotes":""},"categories":[10],"tags":[],"uagb_featured_image_src":{"full":["https:\/\/elementor.radiosenvivo.com.ar\/wp-content\/uploads\/2023\/07\/alfredo-gonzalez-pte-came.jpeg",1080,715,false],"thumbnail":["https:\/\/elementor.radiosenvivo.com.ar\/wp-content\/uploads\/2023\/07\/alfredo-gonzalez-pte-came-150x150.jpeg",150,150,true],"medium":["https:\/\/elementor.radiosenvivo.com.ar\/wp-content\/uploads\/2023\/07\/alfredo-gonzalez-pte-came-300x199.jpeg",300,199,true],"medium_large":["https:\/\/elementor.radiosenvivo.com.ar\/wp-content\/uploads\/2023\/07\/alfredo-gonzalez-pte-came-768x508.jpeg",768,508,true],"large":["https:\/\/elementor.radiosenvivo.com.ar\/wp-content\/uploads\/2023\/07\/alfredo-gonzalez-pte-came-1024x678.jpeg",1024,678,true],"1536x1536":["https:\/\/elementor.radiosenvivo.com.ar\/wp-content\/uploads\/2023\/07\/alfredo-gonzalez-pte-came.jpeg",1080,715,false],"2048x2048":["https:\/\/elementor.radiosenvivo.com.ar\/wp-content\/uploads\/2023\/07\/alfredo-gonzalez-pte-came.jpeg",1080,715,false],"et-pb-post-main-image":["https:\/\/elementor.radiosenvivo.com.ar\/wp-content\/uploads\/2023\/07\/alfredo-gonzalez-pte-came-400x250.jpeg",400,250,true],"et-pb-post-main-image-fullwidth":["https:\/\/elementor.radiosenvivo.com.ar\/wp-content\/uploads\/2023\/07\/alfredo-gonzalez-pte-came-1080x675.jpeg",1080,675,true],"et-pb-portfolio-image":["https:\/\/elementor.radiosenvivo.com.ar\/wp-content\/uploads\/2023\/07\/alfredo-gonzalez-pte-came-400x284.jpeg",400,284,true],"et-pb-portfolio-module-image":["https:\/\/elementor.radiosenvivo.com.ar\/wp-content\/uploads\/2023\/07\/alfredo-gonzalez-pte-came-510x382.jpeg",510,382,true],"et-pb-portfolio-image-single":["https:\/\/elementor.radiosenvivo.com.ar\/wp-content\/uploads\/2023\/07\/alfredo-gonzalez-pte-came.jpeg",1080,715,false],"et-pb-gallery-module-image-portrait":["https:\/\/elementor.radiosenvivo.com.ar\/wp-content\/uploads\/2023\/07\/alfredo-gonzalez-pte-came-400x516.jpeg",400,516,true],"et-pb-post-main-image-fullwidth-large":["https:\/\/elementor.radiosenvivo.com.ar\/wp-content\/uploads\/2023\/07\/alfredo-gonzalez-pte-came.jpeg",1080,715,false],"et-pb-image--responsive--desktop":["https:\/\/elementor.radiosenvivo.com.ar\/wp-content\/uploads\/2023\/07\/alfredo-gonzalez-pte-came.jpeg",1080,715,false],"et-pb-image--responsive--tablet":["https:\/\/elementor.radiosenvivo.com.ar\/wp-content\/uploads\/2023\/07\/alfredo-gonzalez-pte-came-980x649.jpeg",832,551,true],"et-pb-image--responsive--phone":["https:\/\/elementor.radiosenvivo.com.ar\/wp-content\/uploads\/2023\/07\/alfredo-gonzalez-pte-came-480x318.jpeg",408,270,true]},"uagb_author_info":{"display_name":"admin","author_link":"https:\/\/elementor.radiosenvivo.com.ar\/index.php\/author\/admin\/"},"uagb_comment_info":0,"uagb_excerpt":"[ad_1] Con diferentes capacitaciones y charlas, la Confederaci\u00f3n Argentina de la Mediana Empresa (CAME), Federaci\u00f3n Econ\u00f3mica del Chaco (FECHACO), Bolsa de Comercio de Chaco (BCCH) y C\u00e1mara de Comercio de Charata se hicieron presentes en la Expo Agronea, que tuvo lugar el 30 de junio, 1 y 2 de julio en la localidad de Charata.&hellip;","_links":{"self":[{"href":"https:\/\/elementor.radiosenvivo.com.ar\/index.php\/wp-json\/wp\/v2\/posts\/1227"}],"collection":[{"href":"https:\/\/elementor.radiosenvivo.com.ar\/index.php\/wp-json\/wp\/v2\/posts"}],"about":[{"href":"https:\/\/elementor.radiosenvivo.com.ar\/index.php\/wp-json\/wp\/v2\/types\/post"}],"author":[{"embeddable":true,"href":"https:\/\/elementor.radiosenvivo.com.ar\/index.php\/wp-json\/wp\/v2\/users\/1"}],"replies":[{"embeddable":true,"href":"https:\/\/elementor.radiosenvivo.com.ar\/index.php\/wp-json\/wp\/v2\/comments?post=1227"}],"version-history":[{"count":0,"href":"https:\/\/elementor.radiosenvivo.com.ar\/index.php\/wp-json\/wp\/v2\/posts\/1227\/revisions"}],"wp:featuredmedia":[{"embeddable":true,"href":"https:\/\/elementor.radiosenvivo.com.ar\/index.php\/wp-json\/wp\/v2\/media\/1228"}],"wp:attachment":[{"href":"https:\/\/elementor.radiosenvivo.com.ar\/index.php\/wp-json\/wp\/v2\/media?parent=1227"}],"wp:term":[{"taxonomy":"category","embeddable":true,"href":"https:\/\/elementor.radiosenvivo.com.ar\/index.php\/wp-json\/wp\/v2\/categories?post=1227"},{"taxonomy":"post_tag","embeddable":true,"href":"https:\/\/elementor.radiosenvivo.com.ar\/index.php\/wp-json\/wp\/v2\/tags?post=1227"}],"curies":[{"name":"wp","href":"https:\/\/api.w.org\/{rel}","templated":true}]}}