{"id":1163,"date":"2023-06-22T00:03:26","date_gmt":"2023-06-22T00:03:26","guid":{"rendered":"https:\/\/elementor.radiosenvivo.com.ar\/index.php\/2023\/06\/22\/gloria-romero-convoco-a-una-nueva-marcha-por-cecilia-y-pidio-que-ayuden-a-no-olvidarla-las-noticias-mas-importantes-de-chaco\/"},"modified":"2023-06-22T00:03:26","modified_gmt":"2023-06-22T00:03:26","slug":"gloria-romero-convoco-a-una-nueva-marcha-por-cecilia-y-pidio-que-ayuden-a-no-olvidarla-las-noticias-mas-importantes-de-chaco","status":"publish","type":"post","link":"https:\/\/elementor.radiosenvivo.com.ar\/index.php\/2023\/06\/22\/gloria-romero-convoco-a-una-nueva-marcha-por-cecilia-y-pidio-que-ayuden-a-no-olvidarla-las-noticias-mas-importantes-de-chaco\/","title":{"rendered":"Gloria Romero convoc\u00f3 a una nueva marcha por Cecilia y pidi\u00f3 que \u00abayuden a no olvidarla\u00bb \u2013 Las noticias m\u00e1s importantes de Chaco"},"content":{"rendered":"<p> [ad_1]<br \/>\n<\/p>\n<div id=\"penci-post-entry-inner\">\n<p>La madre de Cecilia Strzyzowski, Gloria Romero, convoc\u00f3 a una nueva marcha para pedir justicia por su hija, desaparecida el 1 de junio de este mes. \u00abAy\u00fadenme a que no la olviden, a que no sea solo la noticia del momento\u00bb, difundi\u00f3 hoy a trav\u00e9s de sus redes sociales.<\/p>\n<p>\u00abJuntos somos m\u00e1s. Invito a todas la localidades, vengan a darme una mano el 25\/06 chicas, las que puedan hagan pasacalles que Resistencia se vista de rosa pidiendo Justicia \u00a1\u00a1\u00a1Por Cecilia!!! Ayudenme a que no la olviden, que no sea la noticia del momento\u00bb, expres\u00f3 Gloria en el mensaje de difusi\u00f3n.<\/p>\n<p>Cabe recordar que la primera marcha se realiz\u00f3 el 14 de junio, 13 d\u00edas despu\u00e9s de la desaparici\u00f3n de la joven de 28 a\u00f1os en Resistencia. All\u00ed, miles de personas llegaron a la Plaza 25 de Mayo a base de carteles y velas exigiendo la aparici\u00f3n de Cecilia y justicia por lo sucedido. El reclamo lleg\u00f3 a tal punto que pidieron la suspensi\u00f3n de las elecciones, algo que finalmente no ocurri\u00f3.<\/p>\n<p>Para el 19 de junio se realiz\u00f3 una movilizaci\u00f3n rosa, nuevamente en la plaza central sobre la avenida 9 de julio a las 16.30. Ahora, la madre de Cecilia llam\u00f3 nuevamente a la poblaci\u00f3n.<\/p>\n<p>Anoche, Romero subi\u00f3 a sus redes sociales que se encontraba con Fernando Burlando quien participar\u00eda de la querella para ayudar a esclarecer el caso de Strzyzowski, por quien la familia Sena se encuentra detenida.<\/p>\n<\/p><\/div>\n<p>[ad_2]<br \/>\n<br \/><a href=\"https:\/\/www.diariolavozdelchaco.com\/gloria-romero-convoco-a-una-nueva-marcha-por-cecilia-y-pidio-que-ayuden-a-no-olvidarla\/\">Source link <\/a><\/p>\n","protected":false},"excerpt":{"rendered":"<p>[ad_1] La madre de Cecilia Strzyzowski, Gloria Romero, convoc\u00f3 a una nueva marcha para pedir justicia por su hija, desaparecida el 1 de junio de este mes. \u00abAy\u00fadenme a que no la olviden, a que no sea solo la noticia del momento\u00bb, difundi\u00f3 hoy a trav\u00e9s de sus redes sociales. \u00abJuntos somos m\u00e1s. Invito a [&hellip;]<\/p>\n","protected":false},"author":1,"featured_media":1164,"comment_status":"open","ping_status":"open","sticky":false,"template":"","format":"standard","meta":{"_et_pb_use_builder":"","_et_pb_old_content":"","_et_gb_content_width":"","_uag_custom_page_level_css":"","footnotes":""},"categories":[10],"tags":[],"uagb_featured_image_src":{"full":["https:\/\/elementor.radiosenvivo.com.ar\/wp-content\/uploads\/2023\/06\/faviconvoz.jpg",32,32,false],"thumbnail":["https:\/\/elementor.radiosenvivo.com.ar\/wp-content\/uploads\/2023\/06\/faviconvoz.jpg",32,32,false],"medium":["https:\/\/elementor.radiosenvivo.com.ar\/wp-content\/uploads\/2023\/06\/faviconvoz.jpg",32,32,false],"medium_large":["https:\/\/elementor.radiosenvivo.com.ar\/wp-content\/uploads\/2023\/06\/faviconvoz.jpg",32,32,false],"large":["https:\/\/elementor.radiosenvivo.com.ar\/wp-content\/uploads\/2023\/06\/faviconvoz.jpg",32,32,false],"1536x1536":["https:\/\/elementor.radiosenvivo.com.ar\/wp-content\/uploads\/2023\/06\/faviconvoz.jpg",32,32,false],"2048x2048":["https:\/\/elementor.radiosenvivo.com.ar\/wp-content\/uploads\/2023\/06\/faviconvoz.jpg",32,32,false],"et-pb-post-main-image":["https:\/\/elementor.radiosenvivo.com.ar\/wp-content\/uploads\/2023\/06\/faviconvoz.jpg",32,32,false],"et-pb-post-main-image-fullwidth":["https:\/\/elementor.radiosenvivo.com.ar\/wp-content\/uploads\/2023\/06\/faviconvoz.jpg",32,32,false],"et-pb-portfolio-image":["https:\/\/elementor.radiosenvivo.com.ar\/wp-content\/uploads\/2023\/06\/faviconvoz.jpg",32,32,false],"et-pb-portfolio-module-image":["https:\/\/elementor.radiosenvivo.com.ar\/wp-content\/uploads\/2023\/06\/faviconvoz.jpg",32,32,false],"et-pb-portfolio-image-single":["https:\/\/elementor.radiosenvivo.com.ar\/wp-content\/uploads\/2023\/06\/faviconvoz.jpg",32,32,false],"et-pb-gallery-module-image-portrait":["https:\/\/elementor.radiosenvivo.com.ar\/wp-content\/uploads\/2023\/06\/faviconvoz.jpg",32,32,false],"et-pb-post-main-image-fullwidth-large":["https:\/\/elementor.radiosenvivo.com.ar\/wp-content\/uploads\/2023\/06\/faviconvoz.jpg",32,32,false],"et-pb-image--responsive--desktop":["https:\/\/elementor.radiosenvivo.com.ar\/wp-content\/uploads\/2023\/06\/faviconvoz.jpg",32,32,false],"et-pb-image--responsive--tablet":["https:\/\/elementor.radiosenvivo.com.ar\/wp-content\/uploads\/2023\/06\/faviconvoz.jpg",32,32,false],"et-pb-image--responsive--phone":["https:\/\/elementor.radiosenvivo.com.ar\/wp-content\/uploads\/2023\/06\/faviconvoz.jpg",32,32,false]},"uagb_author_info":{"display_name":"admin","author_link":"https:\/\/elementor.radiosenvivo.com.ar\/index.php\/author\/admin\/"},"uagb_comment_info":0,"uagb_excerpt":"[ad_1] La madre de Cecilia Strzyzowski, Gloria Romero, convoc\u00f3 a una nueva marcha para pedir justicia por su hija, desaparecida el 1 de junio de este mes. \u00abAy\u00fadenme a que no la olviden, a que no sea solo la noticia del momento\u00bb, difundi\u00f3 hoy a trav\u00e9s de sus redes sociales. \u00abJuntos somos m\u00e1s. Invito a&hellip;","_links":{"self":[{"href":"https:\/\/elementor.radiosenvivo.com.ar\/index.php\/wp-json\/wp\/v2\/posts\/1163"}],"collection":[{"href":"https:\/\/elementor.radiosenvivo.com.ar\/index.php\/wp-json\/wp\/v2\/posts"}],"about":[{"href":"https:\/\/elementor.radiosenvivo.com.ar\/index.php\/wp-json\/wp\/v2\/types\/post"}],"author":[{"embeddable":true,"href":"https:\/\/elementor.radiosenvivo.com.ar\/index.php\/wp-json\/wp\/v2\/users\/1"}],"replies":[{"embeddable":true,"href":"https:\/\/elementor.radiosenvivo.com.ar\/index.php\/wp-json\/wp\/v2\/comments?post=1163"}],"version-history":[{"count":0,"href":"https:\/\/elementor.radiosenvivo.com.ar\/index.php\/wp-json\/wp\/v2\/posts\/1163\/revisions"}],"wp:featuredmedia":[{"embeddable":true,"href":"https:\/\/elementor.radiosenvivo.com.ar\/index.php\/wp-json\/wp\/v2\/media\/1164"}],"wp:attachment":[{"href":"https:\/\/elementor.radiosenvivo.com.ar\/index.php\/wp-json\/wp\/v2\/media?parent=1163"}],"wp:term":[{"taxonomy":"category","embeddable":true,"href":"https:\/\/elementor.radiosenvivo.com.ar\/index.php\/wp-json\/wp\/v2\/categories?post=1163"},{"taxonomy":"post_tag","embeddable":true,"href":"https:\/\/elementor.radiosenvivo.com.ar\/index.php\/wp-json\/wp\/v2\/tags?post=1163"}],"curies":[{"name":"wp","href":"https:\/\/api.w.org\/{rel}","templated":true}]}}