{"id":1119,"date":"2023-06-12T14:19:14","date_gmt":"2023-06-12T14:19:14","guid":{"rendered":"https:\/\/elementor.radiosenvivo.com.ar\/index.php\/2023\/06\/12\/dani-alves-seguira-en-prision-en-barcelona-tras-nuevo-reves-de-la-justicia\/"},"modified":"2023-06-12T14:19:14","modified_gmt":"2023-06-12T14:19:14","slug":"dani-alves-seguira-en-prision-en-barcelona-tras-nuevo-reves-de-la-justicia","status":"publish","type":"post","link":"https:\/\/elementor.radiosenvivo.com.ar\/index.php\/2023\/06\/12\/dani-alves-seguira-en-prision-en-barcelona-tras-nuevo-reves-de-la-justicia\/","title":{"rendered":"Dani Alves seguir\u00e1 en prisi\u00f3n en Barcelona tras nuevo rev\u00e9s de la justicia"},"content":{"rendered":"<p> [ad_1]<br \/>\n<\/p>\n<div>\n<figure class=\"mb-3\"><img decoding=\"async\" src=\"https:\/\/www.telam.com.ar\/thumbs\/bluesteel\/advf\/imagenes\/2023\/01\/63cea259cedd4_1200.jpg\" class=\" lazy \" width=\"100%\" height=\"100%\" alt=\"Dani Alves Foto AFP \"\/><figcaption> Dani Alves (Foto AFP). <\/figcaption><\/figure>\n<p> El futbolista brasile\u00f1o Dani Alves seguir\u00e1 en prisi\u00f3n en Barcelona, ya que la justicia espa\u00f1ola rechaz\u00f3 este lunes un nuevo recurso presentado por su defensa.<\/p>\n<p>La Audiencia de Barcelona decidi\u00f3 rechazar el recurso que present\u00f3 la defensa del exjugador del seleccionado brasile\u00f1o y del club Barcelona, quien seguir\u00e1 detenido.<\/p>\n<p>Entre las razones del tribunal para rechazar el pedido de la defensa est\u00e1 el vigente \u00abriesgo de fuga\u00bb de Dani Alves en caso de ser liberado, seg\u00fan inform\u00f3 el portal del diario catal\u00e1n Sport.<\/p>\n<p>Dani Alves est\u00e1 preso desde el pasado 20 de enero acusado por agresi\u00f3n sexual a un joven de 23 a\u00f1os en una discoteca de Barcelona durante la madrugada del 31 de diciembre de 2022.<\/p>\n<p>Actualmente, el deportista no tiene club, ya que la UNAM de M\u00e9xico le rescindi\u00f3 el contrato cuando qued\u00f3 detenido en Espa\u00f1a.<\/p>\n<\/div>\n<p><script async defer crossorigin=\"anonymous\" src=\"https:\/\/connect.facebook.net\/es_LA\/sdk.js#xfbml=1&#038;version=v12.0\" nonce=\"SBlHQzIF\"><\/script><br \/>\n<br \/>[ad_2]<br \/>\n<br \/><a href=\"https:\/\/www.telam.com.ar\/notas\/202306\/630995-dani-alves-seguira-prision-barcelona-nuevo-reves-justicia.html\">Source link <\/a><\/p>\n","protected":false},"excerpt":{"rendered":"<p>[ad_1] Dani Alves (Foto AFP). El futbolista brasile\u00f1o Dani Alves seguir\u00e1 en prisi\u00f3n en Barcelona, ya que la justicia espa\u00f1ola rechaz\u00f3 este lunes un nuevo recurso presentado por su defensa. La Audiencia de Barcelona decidi\u00f3 rechazar el recurso que present\u00f3 la defensa del exjugador del seleccionado brasile\u00f1o y del club Barcelona, quien seguir\u00e1 detenido. Entre [&hellip;]<\/p>\n","protected":false},"author":1,"featured_media":1120,"comment_status":"open","ping_status":"open","sticky":false,"template":"","format":"standard","meta":{"_et_pb_use_builder":"","_et_pb_old_content":"","_et_gb_content_width":"","_uag_custom_page_level_css":"","footnotes":""},"categories":[1],"tags":[],"uagb_featured_image_src":{"full":["https:\/\/elementor.radiosenvivo.com.ar\/wp-content\/uploads\/2023\/06\/63cea259cedd4_450.jpg",450,253,false],"thumbnail":["https:\/\/elementor.radiosenvivo.com.ar\/wp-content\/uploads\/2023\/06\/63cea259cedd4_450-150x150.jpg",150,150,true],"medium":["https:\/\/elementor.radiosenvivo.com.ar\/wp-content\/uploads\/2023\/06\/63cea259cedd4_450-300x169.jpg",300,169,true],"medium_large":["https:\/\/elementor.radiosenvivo.com.ar\/wp-content\/uploads\/2023\/06\/63cea259cedd4_450.jpg",450,253,false],"large":["https:\/\/elementor.radiosenvivo.com.ar\/wp-content\/uploads\/2023\/06\/63cea259cedd4_450.jpg",450,253,false],"1536x1536":["https:\/\/elementor.radiosenvivo.com.ar\/wp-content\/uploads\/2023\/06\/63cea259cedd4_450.jpg",450,253,false],"2048x2048":["https:\/\/elementor.radiosenvivo.com.ar\/wp-content\/uploads\/2023\/06\/63cea259cedd4_450.jpg",450,253,false],"et-pb-post-main-image":["https:\/\/elementor.radiosenvivo.com.ar\/wp-content\/uploads\/2023\/06\/63cea259cedd4_450-400x250.jpg",400,250,true],"et-pb-post-main-image-fullwidth":["https:\/\/elementor.radiosenvivo.com.ar\/wp-content\/uploads\/2023\/06\/63cea259cedd4_450.jpg",450,253,false],"et-pb-portfolio-image":["https:\/\/elementor.radiosenvivo.com.ar\/wp-content\/uploads\/2023\/06\/63cea259cedd4_450-400x253.jpg",400,253,true],"et-pb-portfolio-module-image":["https:\/\/elementor.radiosenvivo.com.ar\/wp-content\/uploads\/2023\/06\/63cea259cedd4_450.jpg",450,253,false],"et-pb-portfolio-image-single":["https:\/\/elementor.radiosenvivo.com.ar\/wp-content\/uploads\/2023\/06\/63cea259cedd4_450.jpg",450,253,false],"et-pb-gallery-module-image-portrait":["https:\/\/elementor.radiosenvivo.com.ar\/wp-content\/uploads\/2023\/06\/63cea259cedd4_450-400x253.jpg",400,253,true],"et-pb-post-main-image-fullwidth-large":["https:\/\/elementor.radiosenvivo.com.ar\/wp-content\/uploads\/2023\/06\/63cea259cedd4_450.jpg",450,253,false],"et-pb-image--responsive--desktop":["https:\/\/elementor.radiosenvivo.com.ar\/wp-content\/uploads\/2023\/06\/63cea259cedd4_450.jpg",450,253,false],"et-pb-image--responsive--tablet":["https:\/\/elementor.radiosenvivo.com.ar\/wp-content\/uploads\/2023\/06\/63cea259cedd4_450.jpg",450,253,false],"et-pb-image--responsive--phone":["https:\/\/elementor.radiosenvivo.com.ar\/wp-content\/uploads\/2023\/06\/63cea259cedd4_450.jpg",450,253,false]},"uagb_author_info":{"display_name":"admin","author_link":"https:\/\/elementor.radiosenvivo.com.ar\/index.php\/author\/admin\/"},"uagb_comment_info":0,"uagb_excerpt":"[ad_1] Dani Alves (Foto AFP). El futbolista brasile\u00f1o Dani Alves seguir\u00e1 en prisi\u00f3n en Barcelona, ya que la justicia espa\u00f1ola rechaz\u00f3 este lunes un nuevo recurso presentado por su defensa. La Audiencia de Barcelona decidi\u00f3 rechazar el recurso que present\u00f3 la defensa del exjugador del seleccionado brasile\u00f1o y del club Barcelona, quien seguir\u00e1 detenido. Entre&hellip;","_links":{"self":[{"href":"https:\/\/elementor.radiosenvivo.com.ar\/index.php\/wp-json\/wp\/v2\/posts\/1119"}],"collection":[{"href":"https:\/\/elementor.radiosenvivo.com.ar\/index.php\/wp-json\/wp\/v2\/posts"}],"about":[{"href":"https:\/\/elementor.radiosenvivo.com.ar\/index.php\/wp-json\/wp\/v2\/types\/post"}],"author":[{"embeddable":true,"href":"https:\/\/elementor.radiosenvivo.com.ar\/index.php\/wp-json\/wp\/v2\/users\/1"}],"replies":[{"embeddable":true,"href":"https:\/\/elementor.radiosenvivo.com.ar\/index.php\/wp-json\/wp\/v2\/comments?post=1119"}],"version-history":[{"count":0,"href":"https:\/\/elementor.radiosenvivo.com.ar\/index.php\/wp-json\/wp\/v2\/posts\/1119\/revisions"}],"wp:featuredmedia":[{"embeddable":true,"href":"https:\/\/elementor.radiosenvivo.com.ar\/index.php\/wp-json\/wp\/v2\/media\/1120"}],"wp:attachment":[{"href":"https:\/\/elementor.radiosenvivo.com.ar\/index.php\/wp-json\/wp\/v2\/media?parent=1119"}],"wp:term":[{"taxonomy":"category","embeddable":true,"href":"https:\/\/elementor.radiosenvivo.com.ar\/index.php\/wp-json\/wp\/v2\/categories?post=1119"},{"taxonomy":"post_tag","embeddable":true,"href":"https:\/\/elementor.radiosenvivo.com.ar\/index.php\/wp-json\/wp\/v2\/tags?post=1119"}],"curies":[{"name":"wp","href":"https:\/\/api.w.org\/{rel}","templated":true}]}}