{"id":1117,"date":"2023-06-12T03:29:05","date_gmt":"2023-06-12T03:29:05","guid":{"rendered":"https:\/\/elementor.radiosenvivo.com.ar\/index.php\/2023\/06\/12\/holgado-triunfo-de-jaldo-confirma-la-hegemonia-peronista-en-tucuman\/"},"modified":"2023-06-12T03:29:05","modified_gmt":"2023-06-12T03:29:05","slug":"holgado-triunfo-de-jaldo-confirma-la-hegemonia-peronista-en-tucuman","status":"publish","type":"post","link":"https:\/\/elementor.radiosenvivo.com.ar\/index.php\/2023\/06\/12\/holgado-triunfo-de-jaldo-confirma-la-hegemonia-peronista-en-tucuman\/","title":{"rendered":"Holgado triunfo de Jaldo confirma la hegemon\u00eda peronista en Tucum\u00e1n"},"content":{"rendered":"<p> [ad_1]<br \/>\n<\/p>\n<div>\n<figure class=\"mb-3\"><img decoding=\"async\" src=\"https:\/\/www.telam.com.ar\/thumbs\/bluesteel\/advf\/imagenes\/2023\/06\/648687d553ecf_1200.jpg\" class=\" lazy \" width=\"100%\" height=\"100%\" alt=\"Foto Diego Aroz\"\/><figcaption> Foto: Diego Ar\u00e1oz. <\/figcaption><\/figure>\n<p> Osvaldo Jaldo obtuvo este domingo un <strong>contundente triunfo<\/strong> en las elecciones de gobernador de Tucum\u00e1n, lo cual confirm\u00f3 la hegemon\u00eda peronista en la provincia norte\u00f1a y uni\u00f3 en los festejos a la dirigencia del Frente de Todos.<\/p>\n<p>Escrutadas el 42,64 por ciento de los votos, Jaldo obten\u00eda el 57,65 por ciento de los sufragios, contra 33,19 de Roberto S\u00e1nchez -de Juntos por el Cambio. Ricardo Bussi, apoyado por el libertario Javier Milei, quedaba en un lejano tercer lugar con el 3,77 por ciento.<\/p>\n<p>El presidente <strong>Alberto Fern\u00e1ndez <\/strong>viajar\u00e1 este lunes a Tucum\u00e1n para sumarse a los festejos del peronismo tucumano, mientras el ministro del Interior, <strong>Eduardo De Pedro<\/strong>, hizo la visita esta misma noche y se mostr\u00f3 en compa\u00f1\u00eda de los ganadores.<\/p>\n<p>Esta elecci\u00f3n se llev\u00f3 a cabo este domingo, despu\u00e9s de haber sido suspendidas el 14 de mayo por decisi\u00f3n de la Corte Suprema de Justicia en raz\u00f3n de una impugnaci\u00f3n presentada contra la candidatura a vicegobernador de Juan Manzur, quien finalmente decidi\u00f3 desistir de su postulaci\u00f3n.<\/p>\n<p>La f\u00f3rmula Jaldo-Miguel Acevedo triunfaba en las elecciones provinciales por el 58.15% y y <strong>manten\u00eda el poder en manos del peronismo al aventajar por mas de 25 puntos al binomio de Juntos por el Cambio representado por Roberto Sanchez-Germ\u00e1n Alfaro.<\/strong><\/p>\n<p>Jaldo y su compa\u00f1ero de f\u00f3rmula Miguel Acevedo mantendr\u00e1n la provincia en poder del peronismo como sucede desde 1983, con la excepci\u00f3n de cuando gobern\u00f3 ese distrito el represor Antonio Bussi, entre 1995 y 1999.<\/p>\n<blockquote class=\"twitter-tweet\">\n<p lang=\"es\" dir=\"ltr\">\u00a1Felicitaciones <a href=\"https:\/\/twitter.com\/OsvaldoJaldo?ref_src=twsrc%5Etfw\">@OsvaldoJaldo<\/a>! El camino construido con <a href=\"https:\/\/twitter.com\/JuanManzurOK?ref_src=twsrc%5Etfw\">@JuanManzurOK<\/a> y tu voluntad inquebrantable por seguir mejorando la calidad de vida de las y los tucumanos ha sido retribuida. <a href=\"https:\/\/t.co\/WEBmhAweeR\">pic.twitter.com\/WEBmhAweeR<\/a><\/p>\n<p>\u2014 Alberto Fern\u00e1ndez (@alferdez) <a href=\"https:\/\/twitter.com\/alferdez\/status\/1668078705258778625?ref_src=twsrc%5Etfw\">June 12, 2023<\/a><\/p><\/blockquote>\n<p> El presidente Fern\u00e1ndez celebr\u00f3 el triunfo de Osvaldo Jaldo en Tucum\u00e1n y record\u00f3 que la Corte Suprema de Justicia \u00abintent\u00f3 desfavorecer\u00bb la elecci\u00f3n, al suspender las elecciones en la provincia.<\/p>\n<p>\u00abFelicitaciones Osvaldo Jaldo! <strong>El camino construido con Juan Manzur y tu voluntad inquebrantable por seguir mejorando la calidad de vida de las y los tucumanos ha sido retribuida\u00bb<\/strong>, public\u00f3 el Presidente esta noche en su cuenta de Twitter.<\/p>\n<p>\u00abLa Corte intent\u00f3 desfavorecer esta elecci\u00f3n y Juan Manzur declin\u00f3 su candidatura a vicegobernador para brindar certezas al pueblo tucumano. Y as\u00ed fue, la f\u00f3rmula que Osvaldo Jaldo encabeza junto a Miguel Acevedo ha hecho que el Frente de Todos triunfe nuevamente\u00bb, agreg\u00f3 el mandatario en su publicaci\u00f3n.<\/p>\n<p><figure class=\"mb-3\"><img decoding=\"async\" src=\"https:\/\/www.telam.com.ar\/thumbs\/bluesteel\/advf\/imagenes\/2023\/06\/648687d56702f_1200.jpg\" class=\" lazy \" width=\"100%\" height=\"100%\" alt=\"Foto Diego Aroz\"\/><figcaption> Foto: Diego Ar\u00e1oz. <\/figcaption><\/figure>\n<\/p>\n<p>A medida que se conocieron los resultaron viajaron a Tucuman el ministro de Pedro, los gobernadores de Santiago del Gerardo Zamora; de la Rioja Ricardo Quintela; de Formosa Gildo Insfran: los vicegobernadores de Jujuy Carlos Haquin, de Salta Antonio Marocco, y legisladores nacionales.<\/p>\n<p>En la Casa de Gobierno de Tucum\u00e1n, el gobernador Manzur asegur\u00f3 que <strong>\u00abel pueblo tucumano masivamente se ha volcado a las urnas y lo que marca el avance de la informaci\u00f3n oficial de la Junta Electoral y la informaci\u00f3n que tenemos de nuestros fiscales, quiero decirles a todos los tucumanos y tucumanas que Tucum\u00e1n tiene un nuevo gobernador, que se llama Osvaldo Jaldo, acompa\u00f1ado por el vicegobernador Miguel Acevedo\u00bb<\/strong><\/p>\n<blockquote class=\"twitter-tweet\">\n<p lang=\"es\" dir=\"ltr\">Acompa\u00f1ado por mi esposa Sandra Mattar Sabio y mis hijos, cumpl\u00ed con mi deber c\u00edvico, en este d\u00eda en que las y los tucumanos decidimos nuestro futuro. <\/p>\n<p>El pueblo est\u00e1 concurriendo en paz a las urnas para depositar sus sue\u00f1os y esperanzas, en una verdadera fiesta de la Democracia <a href=\"https:\/\/t.co\/SIgYHYvFIG\">pic.twitter.com\/SIgYHYvFIG<\/a><\/p>\n<p>\u2014 Juan Manzur (@JuanManzurOK) <a href=\"https:\/\/twitter.com\/JuanManzurOK\/status\/1667900208196247554?ref_src=twsrc%5Etfw\">June 11, 2023<\/a><\/p><\/blockquote>\n<p>\u00abEs la informaci\u00f3n oficial. Estamos ganando la provincia de Tucum\u00e1n y tenemos nuevo gobernador, nuevo gobernador del peronismo. El peronismo una vez m\u00e1s vuelve a ganar por amplio margen la provincia de Tucum\u00e1n\u201d, dijo en declaraciones en Casa de Gobierno junto a Jaldo y Acevedo.<\/p>\n<p>Por su parte, Jaldo afirmo que \u00abesta jornada se ha celebrado con total normalidad\u00bb.<\/p>\n<p><strong>\u00abQueremos agradecerles a cada uno de los militantes de las distintas localidades. Los que nos vienen acompa\u00f1ando. Much\u00edsimas gracias a esa gran militancia que tenemos a lo ancho y largo de la provincia. Una vez m\u00e1s por una diferencia m\u00e1s que importante estamos ganando la provincia de Tucum\u00e1n\u201d<\/strong>, dijo.<\/p>\n<p><figure class=\"mb-3\"><img decoding=\"async\" src=\"https:\/\/www.telam.com.ar\/thumbs\/bluesteel\/advf\/imagenes\/2023\/06\/648687d53eca6_1200.jpg\" class=\" lazy \" width=\"100%\" height=\"100%\" alt=\"Foto Diego Aroz\"\/><figcaption> Foto: Diego Ar\u00e1oz. <\/figcaption><\/figure>\n<\/p>\n<p>La elecci\u00f3n cont\u00f3 con una alta afluencia de votaciones ya que particip\u00f3 mas del 80 por ciento del padr\u00f3n electoral, seg\u00fan se inform\u00f3 a trav\u00e9s de la p\u00e1gina de la Secretar\u00eda de informaci\u00f3n P\u00fablica.<\/p>\n<p>La Junta Electoral Provincial (JEP) inform\u00f3 que estuvieron habilitados a votar 1.309.648 los ciudadanos para elegir gobernador y vicegobernador, 49 legisladores provinciales y 25 suplentes -19 por la capital, 18 de la zona oeste y 12, del este-, 19 intendentes, 184 concejales y 93 comisionados comunales, a trav\u00e9s del sistema de acoples.<\/p>\n<blockquote class=\"twitter-tweet\">\n<p lang=\"es\" dir=\"ltr\">\ud835\udde7\ud835\uddff\ud835\uddee\ud835\uddfb\ud835\uddf0\ud835\uddee\ud835\ude00 | Comenzando este domingo tan importante, emit\u00ed mi voto en la Escuela Bartolom\u00e9 Mitre de mi querida ciudad natal. En un a\u00f1o tan significativo como este, en el que se cumplen 40 a\u00f1os del retorno de la democracia, esta jornada electoral adquiere una relevancia a\u00fan\u2026 <a href=\"https:\/\/t.co\/JmCnKmyJFE\">pic.twitter.com\/JmCnKmyJFE<\/a><\/p>\n<p>\u2014 Osvaldo Jaldo (@OsvaldoJaldo) <a href=\"https:\/\/twitter.com\/OsvaldoJaldo\/status\/1667871942806843392?ref_src=twsrc%5Etfw\">June 11, 2023<\/a><\/p><\/blockquote>\n<p>La jornada electoral comenz\u00f3 pasadas las 8, \u00abdebido a demoras que se produjeron en la apertura de algunas mesas de votaci\u00f3n como consecuencia de la gran cantidad de fiscales que deb\u00edan ser registrados y ubicados por el presidente de cada mesa\u00bb, inform\u00f3 la JEP.<\/p>\n<p>Tambi\u00e9n \u00abse produjo la ausencia de algunas autoridades de mesa que, a pesar de haber sido notificadas, renotificadas y capacitadas por la Junta Electoral, no asistieron a cumplir con su obligaci\u00f3n que es una carga p\u00fablica. En consecuencia, debieron ser reemplazadas\u00bb, explicaron las autoridades.<\/p>\n<p><figure class=\"mb-3\"><img decoding=\"async\" src=\"https:\/\/www.telam.com.ar\/thumbs\/bluesteel\/advf\/imagenes\/2023\/06\/6485ed111a782_1200.jpg\" class=\" lazy \" width=\"100%\" height=\"100%\" alt=\"Foto Twitter\"\/><figcaption> Foto: Twitter <\/figcaption><\/figure>\n<\/p>\n<p>Luego de haber resuelto esos inconvenientes \u00ablos comicios se desarrollaban con normalidad en todo el territorio provincial\u00bb, agregaron.<\/p>\n<p>Confirmado el triunfo, el ministro de Econom\u00eda, <strong>Sergio Massa<\/strong>, envi\u00f3 sus felicitaciones a Jaldo: <strong>\u00abTe deseo el mejor de los \u00e9xitos y no tengo dudas de que vas a trabajar, como hasta ahora, por el desarrollo y el crecimiento de tu provincia\u00bb<\/strong>, expres\u00f3 en su cuenta de Twitter.<\/p>\n<p><figure class=\"mb-3\"><img decoding=\"async\" src=\"https:\/\/www.telam.com.ar\/thumbs\/bluesteel\/advf\/imagenes\/editadas\/6485bfbf7bb0d_1200.jpg\" class=\" lazy \" width=\"100%\" height=\"100%\" alt=\"Osvaldo Jaldo vot temprano en la maana Foto Twitter\"\/><figcaption> Osvaldo Jaldo vot\u00f3 temprano en la ma\u00f1ana. \/ Foto: Twitter <\/figcaption><\/figure>\n<p>El jefe de Gabinete y precandidato presidencial, Agust\u00edn Rossi, tambi\u00e9n se expres\u00f3 en sus redes sociales: \u00abFelicitaciones Osvaldo Jaldo y Juan Manzur a todos los compa\u00f1eros y compa\u00f1eras del Frente de Todos de Tucum\u00e1n. Este triunfo evidencia la voluntad del pueblo tucumano que la Corte quiso ocultar. Imposible tapar el sol con la mano, se\u00f1ores\u00bb.<\/p>\n<p>Otro postulante presidencial, el embajador argentino en Brasil, Daniel Scioli, tambi\u00e9n se sum\u00f3 a los festejos por la victoria en Tucum\u00e1n.<\/p>\n<p>\u00abUn gran saludo a todo el pueblo tucumano por esta gran jornada democr\u00e1tica. Mis felicitaciones al gobernador electo Osvaldo Jaldo y a Juan Manzur, dos compa\u00f1eros que representan la esencia de un peronismo abierto, plural y comprometido con la agenda del desarrollo nacional\u00bb, indic\u00f3 Scioli en su cuenta de Twitter.<\/p>\n<\/div>\n<p><script async src=\"\/\/platform.twitter.com\/widgets.js\" charset=\"utf-8\"><\/script><script async defer crossorigin=\"anonymous\" src=\"https:\/\/connect.facebook.net\/es_LA\/sdk.js#xfbml=1&#038;version=v12.0\" nonce=\"SBlHQzIF\"><\/script><br \/>\n<br \/>[ad_2]<br \/>\n<br \/><a href=\"https:\/\/www.telam.com.ar\/notas\/202306\/630589-tucuman-elecciones.html\">Source link <\/a><\/p>\n","protected":false},"excerpt":{"rendered":"<p>[ad_1] Foto: Diego Ar\u00e1oz. Osvaldo Jaldo obtuvo este domingo un contundente triunfo en las elecciones de gobernador de Tucum\u00e1n, lo cual confirm\u00f3 la hegemon\u00eda peronista en la provincia norte\u00f1a y uni\u00f3 en los festejos a la dirigencia del Frente de Todos. Escrutadas el 42,64 por ciento de los votos, Jaldo obten\u00eda el 57,65 por ciento [&hellip;]<\/p>\n","protected":false},"author":1,"featured_media":1118,"comment_status":"open","ping_status":"open","sticky":false,"template":"","format":"standard","meta":{"_et_pb_use_builder":"","_et_pb_old_content":"","_et_gb_content_width":"","_uag_custom_page_level_css":"","footnotes":""},"categories":[12],"tags":[],"uagb_featured_image_src":{"full":["https:\/\/elementor.radiosenvivo.com.ar\/wp-content\/uploads\/2023\/06\/648687d553ecf_450.jpg",450,253,false],"thumbnail":["https:\/\/elementor.radiosenvivo.com.ar\/wp-content\/uploads\/2023\/06\/648687d553ecf_450-150x150.jpg",150,150,true],"medium":["https:\/\/elementor.radiosenvivo.com.ar\/wp-content\/uploads\/2023\/06\/648687d553ecf_450-300x169.jpg",300,169,true],"medium_large":["https:\/\/elementor.radiosenvivo.com.ar\/wp-content\/uploads\/2023\/06\/648687d553ecf_450.jpg",450,253,false],"large":["https:\/\/elementor.radiosenvivo.com.ar\/wp-content\/uploads\/2023\/06\/648687d553ecf_450.jpg",450,253,false],"1536x1536":["https:\/\/elementor.radiosenvivo.com.ar\/wp-content\/uploads\/2023\/06\/648687d553ecf_450.jpg",450,253,false],"2048x2048":["https:\/\/elementor.radiosenvivo.com.ar\/wp-content\/uploads\/2023\/06\/648687d553ecf_450.jpg",450,253,false],"et-pb-post-main-image":["https:\/\/elementor.radiosenvivo.com.ar\/wp-content\/uploads\/2023\/06\/648687d553ecf_450-400x250.jpg",400,250,true],"et-pb-post-main-image-fullwidth":["https:\/\/elementor.radiosenvivo.com.ar\/wp-content\/uploads\/2023\/06\/648687d553ecf_450.jpg",450,253,false],"et-pb-portfolio-image":["https:\/\/elementor.radiosenvivo.com.ar\/wp-content\/uploads\/2023\/06\/648687d553ecf_450-400x253.jpg",400,253,true],"et-pb-portfolio-module-image":["https:\/\/elementor.radiosenvivo.com.ar\/wp-content\/uploads\/2023\/06\/648687d553ecf_450.jpg",450,253,false],"et-pb-portfolio-image-single":["https:\/\/elementor.radiosenvivo.com.ar\/wp-content\/uploads\/2023\/06\/648687d553ecf_450.jpg",450,253,false],"et-pb-gallery-module-image-portrait":["https:\/\/elementor.radiosenvivo.com.ar\/wp-content\/uploads\/2023\/06\/648687d553ecf_450-400x253.jpg",400,253,true],"et-pb-post-main-image-fullwidth-large":["https:\/\/elementor.radiosenvivo.com.ar\/wp-content\/uploads\/2023\/06\/648687d553ecf_450.jpg",450,253,false],"et-pb-image--responsive--desktop":["https:\/\/elementor.radiosenvivo.com.ar\/wp-content\/uploads\/2023\/06\/648687d553ecf_450.jpg",450,253,false],"et-pb-image--responsive--tablet":["https:\/\/elementor.radiosenvivo.com.ar\/wp-content\/uploads\/2023\/06\/648687d553ecf_450.jpg",450,253,false],"et-pb-image--responsive--phone":["https:\/\/elementor.radiosenvivo.com.ar\/wp-content\/uploads\/2023\/06\/648687d553ecf_450.jpg",450,253,false]},"uagb_author_info":{"display_name":"admin","author_link":"https:\/\/elementor.radiosenvivo.com.ar\/index.php\/author\/admin\/"},"uagb_comment_info":0,"uagb_excerpt":"[ad_1] Foto: Diego Ar\u00e1oz. Osvaldo Jaldo obtuvo este domingo un contundente triunfo en las elecciones de gobernador de Tucum\u00e1n, lo cual confirm\u00f3 la hegemon\u00eda peronista en la provincia norte\u00f1a y uni\u00f3 en los festejos a la dirigencia del Frente de Todos. Escrutadas el 42,64 por ciento de los votos, Jaldo obten\u00eda el 57,65 por ciento&hellip;","_links":{"self":[{"href":"https:\/\/elementor.radiosenvivo.com.ar\/index.php\/wp-json\/wp\/v2\/posts\/1117"}],"collection":[{"href":"https:\/\/elementor.radiosenvivo.com.ar\/index.php\/wp-json\/wp\/v2\/posts"}],"about":[{"href":"https:\/\/elementor.radiosenvivo.com.ar\/index.php\/wp-json\/wp\/v2\/types\/post"}],"author":[{"embeddable":true,"href":"https:\/\/elementor.radiosenvivo.com.ar\/index.php\/wp-json\/wp\/v2\/users\/1"}],"replies":[{"embeddable":true,"href":"https:\/\/elementor.radiosenvivo.com.ar\/index.php\/wp-json\/wp\/v2\/comments?post=1117"}],"version-history":[{"count":0,"href":"https:\/\/elementor.radiosenvivo.com.ar\/index.php\/wp-json\/wp\/v2\/posts\/1117\/revisions"}],"wp:featuredmedia":[{"embeddable":true,"href":"https:\/\/elementor.radiosenvivo.com.ar\/index.php\/wp-json\/wp\/v2\/media\/1118"}],"wp:attachment":[{"href":"https:\/\/elementor.radiosenvivo.com.ar\/index.php\/wp-json\/wp\/v2\/media?parent=1117"}],"wp:term":[{"taxonomy":"category","embeddable":true,"href":"https:\/\/elementor.radiosenvivo.com.ar\/index.php\/wp-json\/wp\/v2\/categories?post=1117"},{"taxonomy":"post_tag","embeddable":true,"href":"https:\/\/elementor.radiosenvivo.com.ar\/index.php\/wp-json\/wp\/v2\/tags?post=1117"}],"curies":[{"name":"wp","href":"https:\/\/api.w.org\/{rel}","templated":true}]}}