{"id":1105,"date":"2023-06-09T02:12:10","date_gmt":"2023-06-09T02:12:10","guid":{"rendered":"https:\/\/elementor.radiosenvivo.com.ar\/index.php\/2023\/06\/09\/huracan-perdio-con-danubio-en-montevideo-y-se-complico-su-pase-de-ronda\/"},"modified":"2023-06-09T02:12:10","modified_gmt":"2023-06-09T02:12:10","slug":"huracan-perdio-con-danubio-en-montevideo-y-se-complico-su-pase-de-ronda","status":"publish","type":"post","link":"https:\/\/elementor.radiosenvivo.com.ar\/index.php\/2023\/06\/09\/huracan-perdio-con-danubio-en-montevideo-y-se-complico-su-pase-de-ronda\/","title":{"rendered":"Hurac\u00e1n perdi\u00f3 con Danubio en Montevideo y se complic\u00f3 su pase de ronda"},"content":{"rendered":"<p> [ad_1]<br \/>\n<\/p>\n<div>\n<figure class=\"mb-3\"><img decoding=\"async\" src=\"https:\/\/www.telam.com.ar\/thumbs\/bluesteel\/advf\/imagenes\/2023\/06\/6481ad54405c2_1200.jpg\" class=\" lazy \" width=\"100%\" height=\"100%\" alt=\"Foto Archivo Tlam\"\/><figcaption> Foto: Archivo T\u00e9lam. <\/figcaption><\/figure>\n<p>Hurac\u00e1n cay\u00f3 este jueves por 1 a 0 en su visita a Danubio, de Montevideo y ahora qued\u00f3 en el \u00faltimo puesto del Grupo B de la Copa Sudamericana al cabo de cinco fechas.<\/p>\n<p>En un partido discreto y con pocas acciones frente a los arcos, el equipo uruguayo se impuso con un tanto de penal convertido por Guillermo May sobre el final.<\/p>\n<p>Los montevideanos, con siete puntos, se ubican en segundo lugar, detr\u00e1s de Guaran\u00ed, puntero con ocho, mientras que Emelec esta tercero con seis y el \u00abGlobo\u00bb cuarto con cinco unidades.<\/p>\n<p>En la \u00faltima fecha, el 28 de junio, Hurac\u00e1n deber\u00e1 viajar a Asunci\u00f3n a enfrentar a Guaran\u00ed, mientras que Emelec recibir\u00e1 a Danubio.<\/p>\n<p>Con esta derrota el equipo de Parque Patricios suma ocho partidos sin conocer la victoria sumando Liga Profesional y la Copa Sudamericana.<\/p>\n<p>Hurac\u00e1n fue m\u00e1s directo, intent\u00f3 llegar al arco con la habilidad y la picard\u00eda de Juan Gauto, acompa\u00f1ado por otros volantes y con \u201cJuanch\u00f3n\u201d Garc\u00eda como referencia de \u00e1rea, mientras que atr\u00e1s esperaba con l\u00ednea de cinco.<\/p>\n<p>De la cargada l\u00ednea defensiva dispuesta por Sebasti\u00e1n Battaglia se desprend\u00eda con buen criterio el lateral izquierdo Guillermo Ben\u00edtez, de paso por Argentinos Juniors y Estudiantes de Caseros.<\/p>\n<p>Mientras que Danubio, dirigido por Esteban Conde, exarquero de Atl\u00e9tico Rafaela, esperaba unos metros m\u00e1s atr\u00e1s y sal\u00eda de contraataque, aunque le costaba hacer pie para poder alimentar a sus delanteros Guillermo May y Esteban \u201cViruta\u201d Vera, que pas\u00f3 por Estudiantes e Independiente.<\/p>\n<p>En el segundo tiempo Conde adelanto a sus dirigidos unos 15 metros para aprovecharse de las dudas de Hurac\u00e1n, al que las le recordaron su mal presente en el torneo local, y por eso se arrincon\u00f3 contra Lucas Chaves.<\/p>\n<p>El revulsivo para los uruguayos estaba en el banco y era el volante ofensivo colombiano Jannenson Sarmiento, quien con su gambeta preocup\u00f3 al equipo argentino y fue generando juego para alimentar a sus delanteros.<\/p>\n<p>Cuando el arquero comenzaba a erigirse en figura, hubo un centro uruguayo, cabece\u00f3 un delantero y la pelota dio en la mano del reci\u00e9n ingresado Guillermo Soto. El \u00e1rbitro colombiano Carlos Ortega sancion\u00f3, pero lo fue a chequear al VAR y all\u00ed ratific\u00f3 su decisi\u00f3n.<\/p>\n<p>El penal lo ejecut\u00f3 May, que la puso abajo cerca del palo derecho de Chaves para se\u00f1alar la victoria local. Battaglia reaccion\u00f3 muy tarde, ya que a los 40 minutos de la segunda etapa reci\u00e9n envi\u00f3 a la cancha a Mat\u00edas C\u00f3ccaro y al \u201cPata\u201d Castro.<\/p>\n<p>A esa altura, Danubio estaba parado para contraatacar con volantes y delanteros r\u00e1pidos y atrevidos, aunque el \u00abGlobo\u00bb se acerc\u00f3 en el tiempo adicionado, pero sin mucha punter\u00eda.<br \/><iframe loading=\"lazy\" src=\"https:\/\/estdeportes.telam.com.ar\/html\/v3\/minapp\/modules\/futbol\/gamecast\/gamecast.html?channel=deportes.futbol.sudamericana.648553&amp;lang=es_LA&amp;page=gamecast&amp;hidePagesMenu=true\" width=\"100%\" height=\"1150\" scrolling=\"auto\" style=\"width: 1px; min-width: 100%; *width: 100%;\" class=\"\"><\/iframe><\/p>\n<\/div>\n<p><script async defer crossorigin=\"anonymous\" src=\"https:\/\/connect.facebook.net\/es_LA\/sdk.js#xfbml=1&#038;version=v12.0\" nonce=\"SBlHQzIF\"><\/script><br \/>\n<br \/>[ad_2]<br \/>\n<br \/><a href=\"https:\/\/www.telam.com.ar\/notas\/202306\/630625-futbol-copa-sudamericana-danubio-huracan-montevideo-tiunfo-battaglia.html\">Source link <\/a><\/p>\n","protected":false},"excerpt":{"rendered":"<p>[ad_1] Foto: Archivo T\u00e9lam. Hurac\u00e1n cay\u00f3 este jueves por 1 a 0 en su visita a Danubio, de Montevideo y ahora qued\u00f3 en el \u00faltimo puesto del Grupo B de la Copa Sudamericana al cabo de cinco fechas. En un partido discreto y con pocas acciones frente a los arcos, el equipo uruguayo se impuso [&hellip;]<\/p>\n","protected":false},"author":1,"featured_media":1106,"comment_status":"open","ping_status":"open","sticky":false,"template":"","format":"standard","meta":{"_et_pb_use_builder":"","_et_pb_old_content":"","_et_gb_content_width":"","_uag_custom_page_level_css":"","footnotes":""},"categories":[13],"tags":[],"uagb_featured_image_src":{"full":["https:\/\/elementor.radiosenvivo.com.ar\/wp-content\/uploads\/2023\/06\/6481ad54405c2_450.jpg",450,253,false],"thumbnail":["https:\/\/elementor.radiosenvivo.com.ar\/wp-content\/uploads\/2023\/06\/6481ad54405c2_450-150x150.jpg",150,150,true],"medium":["https:\/\/elementor.radiosenvivo.com.ar\/wp-content\/uploads\/2023\/06\/6481ad54405c2_450-300x169.jpg",300,169,true],"medium_large":["https:\/\/elementor.radiosenvivo.com.ar\/wp-content\/uploads\/2023\/06\/6481ad54405c2_450.jpg",450,253,false],"large":["https:\/\/elementor.radiosenvivo.com.ar\/wp-content\/uploads\/2023\/06\/6481ad54405c2_450.jpg",450,253,false],"1536x1536":["https:\/\/elementor.radiosenvivo.com.ar\/wp-content\/uploads\/2023\/06\/6481ad54405c2_450.jpg",450,253,false],"2048x2048":["https:\/\/elementor.radiosenvivo.com.ar\/wp-content\/uploads\/2023\/06\/6481ad54405c2_450.jpg",450,253,false],"et-pb-post-main-image":["https:\/\/elementor.radiosenvivo.com.ar\/wp-content\/uploads\/2023\/06\/6481ad54405c2_450-400x250.jpg",400,250,true],"et-pb-post-main-image-fullwidth":["https:\/\/elementor.radiosenvivo.com.ar\/wp-content\/uploads\/2023\/06\/6481ad54405c2_450.jpg",450,253,false],"et-pb-portfolio-image":["https:\/\/elementor.radiosenvivo.com.ar\/wp-content\/uploads\/2023\/06\/6481ad54405c2_450-400x253.jpg",400,253,true],"et-pb-portfolio-module-image":["https:\/\/elementor.radiosenvivo.com.ar\/wp-content\/uploads\/2023\/06\/6481ad54405c2_450.jpg",450,253,false],"et-pb-portfolio-image-single":["https:\/\/elementor.radiosenvivo.com.ar\/wp-content\/uploads\/2023\/06\/6481ad54405c2_450.jpg",450,253,false],"et-pb-gallery-module-image-portrait":["https:\/\/elementor.radiosenvivo.com.ar\/wp-content\/uploads\/2023\/06\/6481ad54405c2_450-400x253.jpg",400,253,true],"et-pb-post-main-image-fullwidth-large":["https:\/\/elementor.radiosenvivo.com.ar\/wp-content\/uploads\/2023\/06\/6481ad54405c2_450.jpg",450,253,false],"et-pb-image--responsive--desktop":["https:\/\/elementor.radiosenvivo.com.ar\/wp-content\/uploads\/2023\/06\/6481ad54405c2_450.jpg",450,253,false],"et-pb-image--responsive--tablet":["https:\/\/elementor.radiosenvivo.com.ar\/wp-content\/uploads\/2023\/06\/6481ad54405c2_450.jpg",450,253,false],"et-pb-image--responsive--phone":["https:\/\/elementor.radiosenvivo.com.ar\/wp-content\/uploads\/2023\/06\/6481ad54405c2_450.jpg",450,253,false]},"uagb_author_info":{"display_name":"admin","author_link":"https:\/\/elementor.radiosenvivo.com.ar\/index.php\/author\/admin\/"},"uagb_comment_info":0,"uagb_excerpt":"[ad_1] Foto: Archivo T\u00e9lam. Hurac\u00e1n cay\u00f3 este jueves por 1 a 0 en su visita a Danubio, de Montevideo y ahora qued\u00f3 en el \u00faltimo puesto del Grupo B de la Copa Sudamericana al cabo de cinco fechas. En un partido discreto y con pocas acciones frente a los arcos, el equipo uruguayo se impuso&hellip;","_links":{"self":[{"href":"https:\/\/elementor.radiosenvivo.com.ar\/index.php\/wp-json\/wp\/v2\/posts\/1105"}],"collection":[{"href":"https:\/\/elementor.radiosenvivo.com.ar\/index.php\/wp-json\/wp\/v2\/posts"}],"about":[{"href":"https:\/\/elementor.radiosenvivo.com.ar\/index.php\/wp-json\/wp\/v2\/types\/post"}],"author":[{"embeddable":true,"href":"https:\/\/elementor.radiosenvivo.com.ar\/index.php\/wp-json\/wp\/v2\/users\/1"}],"replies":[{"embeddable":true,"href":"https:\/\/elementor.radiosenvivo.com.ar\/index.php\/wp-json\/wp\/v2\/comments?post=1105"}],"version-history":[{"count":0,"href":"https:\/\/elementor.radiosenvivo.com.ar\/index.php\/wp-json\/wp\/v2\/posts\/1105\/revisions"}],"wp:featuredmedia":[{"embeddable":true,"href":"https:\/\/elementor.radiosenvivo.com.ar\/index.php\/wp-json\/wp\/v2\/media\/1106"}],"wp:attachment":[{"href":"https:\/\/elementor.radiosenvivo.com.ar\/index.php\/wp-json\/wp\/v2\/media?parent=1105"}],"wp:term":[{"taxonomy":"category","embeddable":true,"href":"https:\/\/elementor.radiosenvivo.com.ar\/index.php\/wp-json\/wp\/v2\/categories?post=1105"},{"taxonomy":"post_tag","embeddable":true,"href":"https:\/\/elementor.radiosenvivo.com.ar\/index.php\/wp-json\/wp\/v2\/tags?post=1105"}],"curies":[{"name":"wp","href":"https:\/\/api.w.org\/{rel}","templated":true}]}}