{"id":1101,"date":"2023-06-08T02:12:03","date_gmt":"2023-06-08T02:12:03","guid":{"rendered":"https:\/\/elementor.radiosenvivo.com.ar\/index.php\/2023\/06\/08\/cuales-son-los-signos-de-alerta\/"},"modified":"2023-06-08T02:12:03","modified_gmt":"2023-06-08T02:12:03","slug":"cuales-son-los-signos-de-alerta","status":"publish","type":"post","link":"https:\/\/elementor.radiosenvivo.com.ar\/index.php\/2023\/06\/08\/cuales-son-los-signos-de-alerta\/","title":{"rendered":"\u00bfcu\u00e1les son los signos de alerta?"},"content":{"rendered":"<p> [ad_1]<br \/>\n<\/p>\n<div>\n<figure class=\"mb-3\"><img decoding=\"async\" src=\"https:\/\/www.telam.com.ar\/thumbs\/bluesteel\/advf\/imagenes\/2022\/07\/62da891c64486_1200.jpg\" class=\" lazy \" width=\"100%\" height=\"100%\" alt=\"Foto archivo\"\/><figcaption> Foto: archivo <\/figcaption><\/figure>\n<p> Dolores de cabeza at\u00edpicos, convulsiones, alteraciones en la visi\u00f3n, debilidad en brazos y piernas, n\u00e1useas, v\u00f3mitos y cambios bruscos en el \u00e1nimo son algunos de los signos que pueden alertar la presencia de un tumor cerebral, que representa menos del 2% de los casos oncol\u00f3gicos de personas adultas y para el que la consulta temprana es fundamental, dijeron especialistas en la v\u00edspera del d\u00eda mundial de esta patolog\u00eda.<\/p>\n<p><strong>\u00abNo todo tumor cerebral representa un riesgo para la vida del paciente. Aquellos que son benignos, en general, tienden a no invadir los tejidos cercanos ni diseminarse a otras \u00e1reas, crecen lentamente y hasta pueden detener solos su avance. El pron\u00f3stico es favorable y en la mayor\u00eda de los casos se pueden tratar de manera efectiva con extirpaci\u00f3n quir\u00fargica, teniendo luego una baja probabilidad de recurrencia\u00bb, explic\u00f3 Alfredo Chaves, n<\/strong>eurocirujano del Departamento de Cirug\u00eda del Instituto Alexander Fleming.<\/p>\n<p>Pero el comportamiento de los tumores malignos es diametralmente opuesto. \u00abSe desarrollan de forma agresiva, invadiendo y destruyendo otros tejidos y pueden extenderse hacia otras partes del cerebro a gran velocidad. Su pron\u00f3stico depende de varios factores, como el tipo y grado de malignidad del tumor, la edad del paciente y su estado general\u00bb, a\u00f1adi\u00f3.<\/p>\n<p>Seg\u00fan datos del Instituto Nacional del C\u00e1ncer (INC), se diagnosticaron 1.831 nuevos tumores en el enc\u00e9falo y el sistema nervioso central al 2020 en Argentina, un promedio de cinco por d\u00eda -lo que representa el 1,4% de los c\u00e1nceres detectados-, distribuidos de manera similar entre varones (935) y mujeres (896).<\/p>\n<p><strong>\u00abPuede afectar a personas de todas las edades, desde reci\u00e9n nacidos hasta adultos mayores. La frecuencia var\u00eda seg\u00fan la edad. En los ni\u00f1os, los tumores cerebrales son la segunda forma m\u00e1s com\u00fan de c\u00e1ncer despu\u00e9s de la leucemia: constituyen el 20% de los c\u00e1nceres pedi\u00e1tricos. En los adultos, hay una ligera tendencia a presentarse entre los 45 y 70 a\u00f1os\u00bb, <\/strong>se\u00f1al\u00f3 Chaves.<\/p>\n<p>Los tumores cerebrales pueden, a su vez, ser primarios (que se originan en este \u00f3rgano) o secundarios (met\u00e1stasis de un c\u00e1ncer en otros \u00f3rganos como pulm\u00f3n, mama, piel, sangre, ri\u00f1\u00f3n o en el tracto gastrointestinal).<\/p>\n<p>\u00abDentro de los primarios est\u00e1n los que se originan en las c\u00e9lulas gliales que son los gliomas y se van a dividir en bajo grado y alto grado; lamentablemente el m\u00e1s frecuente es el grado 4 que es el glioblastoma multiforme que es el m\u00e1s maligno\u00bb, detall\u00f3 por su parte a T\u00e9lam Roberto Zaninovich, Jefe de la Secci\u00f3n Neurocirug\u00eda Oncol\u00f3gica del Hospital de Cl\u00ednicas.<\/p>\n<p>En tanto, hay otro tipo de tumores que son los que se encuentran en lo que cubre el cerebro que son las meninges. \u00abSe llaman meningiomas y nacen de la segunda meninge, que es la aracnoides. Tambi\u00e9n hay tumores de hip\u00f3fisis, que es una gl\u00e1ndula que est\u00e1 en el centro del cerebro, y en la calota, es decir, en el cr\u00e1neo, lo que es un tumor \u00f3seo\u00bb.<\/p>\n<p><strong>Zaninovich describi\u00f3 que \u00abdentro de todo este abanico, los tumores cerebrales m\u00e1s frecuentes son los gliomas y los secundarios, es decir, las met\u00e1stasis\u00bb.<\/strong><\/p>\n<p>El especialista indic\u00f3 que en los \u00faltimos a\u00f1os se observan en las consultas m\u00e1s met\u00e1stasis <strong>\u00abporque las personas con c\u00e1ncer viven m\u00e1s tiempo debido a las mejoras en los diagn\u00f3sticos y tratamientos, entonces tienen m\u00e1s tiempo de hacer met\u00e1stasis al cerebro\u00bb.<\/strong><\/p>\n<p>\u00abTambi\u00e9n notamos que hay mucha gente joven con gliomas de alto grado de malignidad, pero no sabemos todav\u00eda por qu\u00e9 se da esto, de hecho est\u00e1 en estudio\u00bb, sostuvo.<\/p>\n<p>Respecto a los signos de alerta, el especialista del Cl\u00ednicas se\u00f1al\u00f3 que \u00absi la persona tiene una cefalea que no calma con medicaci\u00f3n o es una cefalea no com\u00fan y persistente obviamente tiene que ir a la consulta como as\u00ed tambi\u00e9n si presentan n\u00e1useas, v\u00f3mitos o alteraciones de la visi\u00f3n\u00bb.<\/p>\n<p><strong>\u00abTambi\u00e9n pueden presentarse convulsiones o dificultades para mover un brazo, la mano o un pie\u00bb, detall\u00f3.<\/strong><\/p>\n<p>Otros s\u00edntomas de alarma son alteraciones en la comprensi\u00f3n o expresi\u00f3n del lenguaje o cambios en la personalidad, estado de \u00e1nimo, capacidad mental y concentraci\u00f3n.<\/p>\n<p>Por su parte, Chaves explic\u00f3 que \u00abla presencia de uno o m\u00e1s de estos s\u00edntomas no implican que la persona necesariamente tenga un tumor, pero consultar puede ayudar a una detecci\u00f3n temprana, en caso de que s\u00ed lo hubiera\u00bb.<\/p>\n<p><strong>\u00abCuando un paciente llega con un cuadro sospechoso, el primer estudio de urgencia que se suele realizar es una tomograf\u00eda de cerebro, aunque en realidad el estudio ideal para descartar un tumor es una resonancia magn\u00e9tica de cerebro con y sin contraste. Y el diagn\u00f3stico final y definitivo se da por el estudio del tejido tumoral por un m\u00e9dico an\u00e1tomo-pat\u00f3logo. Esto se puede lograr tomando una peque\u00f1a muestra a trav\u00e9s de una biopsia o con el an\u00e1lisis del tejido obtenido luego de una resecci\u00f3n quir\u00fargica\u00bb<\/strong>, detall\u00f3.<\/p>\n<p>Una vez confirmado el diagn\u00f3stico de un tumor cerebral, el tratamiento puede incluir la cirug\u00eda para extirparlo. \u00abSe emplean intervenciones espec\u00edficas, como la neurocirug\u00eda con t\u00e9cnica microquir\u00fargica, la asistencia con neuronavegaci\u00f3n, la radioterapia, que incluye una forma espec\u00edfica que se llama radiocirug\u00eda estereot\u00e1xica para destruir la c\u00e9lulas cancerosas y la quimioterapia para inhibir el crecimiento tumoral. El plan de tratamiento depender\u00e1 de las caracter\u00edsticas particulares de cada paciente\u00bb, agreg\u00f3 Chaves.<\/p>\n<p><strong>En algunos casos los tumores cerebrales pueden regresar despu\u00e9s de la terapia inicial<\/strong>. La recurrencia puede demandar un nuevo enfoque de tratamiento con cirug\u00eda adicional, radioterapia o quimioterapia.<\/p>\n<p>Desde el 2000, todos los 8 de junio se conmemora el D\u00eda Internacional de los Tumores Cerebrales para generar conciencia sobre esta enfermedad que, seg\u00fan los \u00faltimos datos relevados por el Observatorio Global del C\u00e1ncer (Globocan) en 2020 afect\u00f3 a m\u00e1s de 305 mil personas en el mundo. <\/p>\n<\/div>\n<p><script async defer crossorigin=\"anonymous\" src=\"https:\/\/connect.facebook.net\/es_LA\/sdk.js#xfbml=1&#038;version=v12.0\" nonce=\"SBlHQzIF\"><\/script><br \/>\n<br \/>[ad_2]<br \/>\n<br \/><a href=\"https:\/\/www.telam.com.ar\/notas\/202306\/630616-tumores-cerebrales-alerta.html\">Source link <\/a><\/p>\n","protected":false},"excerpt":{"rendered":"<p>[ad_1] Foto: archivo Dolores de cabeza at\u00edpicos, convulsiones, alteraciones en la visi\u00f3n, debilidad en brazos y piernas, n\u00e1useas, v\u00f3mitos y cambios bruscos en el \u00e1nimo son algunos de los signos que pueden alertar la presencia de un tumor cerebral, que representa menos del 2% de los casos oncol\u00f3gicos de personas adultas y para el que [&hellip;]<\/p>\n","protected":false},"author":1,"featured_media":1102,"comment_status":"open","ping_status":"open","sticky":false,"template":"","format":"standard","meta":{"_et_pb_use_builder":"","_et_pb_old_content":"","_et_gb_content_width":"","_uag_custom_page_level_css":"","footnotes":""},"categories":[12],"tags":[],"uagb_featured_image_src":{"full":["https:\/\/elementor.radiosenvivo.com.ar\/wp-content\/uploads\/2023\/06\/62da891c64486_450.jpg",450,252,false],"thumbnail":["https:\/\/elementor.radiosenvivo.com.ar\/wp-content\/uploads\/2023\/06\/62da891c64486_450-150x150.jpg",150,150,true],"medium":["https:\/\/elementor.radiosenvivo.com.ar\/wp-content\/uploads\/2023\/06\/62da891c64486_450-300x168.jpg",300,168,true],"medium_large":["https:\/\/elementor.radiosenvivo.com.ar\/wp-content\/uploads\/2023\/06\/62da891c64486_450.jpg",450,252,false],"large":["https:\/\/elementor.radiosenvivo.com.ar\/wp-content\/uploads\/2023\/06\/62da891c64486_450.jpg",450,252,false],"1536x1536":["https:\/\/elementor.radiosenvivo.com.ar\/wp-content\/uploads\/2023\/06\/62da891c64486_450.jpg",450,252,false],"2048x2048":["https:\/\/elementor.radiosenvivo.com.ar\/wp-content\/uploads\/2023\/06\/62da891c64486_450.jpg",450,252,false],"et-pb-post-main-image":["https:\/\/elementor.radiosenvivo.com.ar\/wp-content\/uploads\/2023\/06\/62da891c64486_450-400x250.jpg",400,250,true],"et-pb-post-main-image-fullwidth":["https:\/\/elementor.radiosenvivo.com.ar\/wp-content\/uploads\/2023\/06\/62da891c64486_450.jpg",450,252,false],"et-pb-portfolio-image":["https:\/\/elementor.radiosenvivo.com.ar\/wp-content\/uploads\/2023\/06\/62da891c64486_450-400x252.jpg",400,252,true],"et-pb-portfolio-module-image":["https:\/\/elementor.radiosenvivo.com.ar\/wp-content\/uploads\/2023\/06\/62da891c64486_450.jpg",450,252,false],"et-pb-portfolio-image-single":["https:\/\/elementor.radiosenvivo.com.ar\/wp-content\/uploads\/2023\/06\/62da891c64486_450.jpg",450,252,false],"et-pb-gallery-module-image-portrait":["https:\/\/elementor.radiosenvivo.com.ar\/wp-content\/uploads\/2023\/06\/62da891c64486_450-400x252.jpg",400,252,true],"et-pb-post-main-image-fullwidth-large":["https:\/\/elementor.radiosenvivo.com.ar\/wp-content\/uploads\/2023\/06\/62da891c64486_450.jpg",450,252,false],"et-pb-image--responsive--desktop":["https:\/\/elementor.radiosenvivo.com.ar\/wp-content\/uploads\/2023\/06\/62da891c64486_450.jpg",450,252,false],"et-pb-image--responsive--tablet":["https:\/\/elementor.radiosenvivo.com.ar\/wp-content\/uploads\/2023\/06\/62da891c64486_450.jpg",450,252,false],"et-pb-image--responsive--phone":["https:\/\/elementor.radiosenvivo.com.ar\/wp-content\/uploads\/2023\/06\/62da891c64486_450.jpg",450,252,false]},"uagb_author_info":{"display_name":"admin","author_link":"https:\/\/elementor.radiosenvivo.com.ar\/index.php\/author\/admin\/"},"uagb_comment_info":0,"uagb_excerpt":"[ad_1] Foto: archivo Dolores de cabeza at\u00edpicos, convulsiones, alteraciones en la visi\u00f3n, debilidad en brazos y piernas, n\u00e1useas, v\u00f3mitos y cambios bruscos en el \u00e1nimo son algunos de los signos que pueden alertar la presencia de un tumor cerebral, que representa menos del 2% de los casos oncol\u00f3gicos de personas adultas y para el que&hellip;","_links":{"self":[{"href":"https:\/\/elementor.radiosenvivo.com.ar\/index.php\/wp-json\/wp\/v2\/posts\/1101"}],"collection":[{"href":"https:\/\/elementor.radiosenvivo.com.ar\/index.php\/wp-json\/wp\/v2\/posts"}],"about":[{"href":"https:\/\/elementor.radiosenvivo.com.ar\/index.php\/wp-json\/wp\/v2\/types\/post"}],"author":[{"embeddable":true,"href":"https:\/\/elementor.radiosenvivo.com.ar\/index.php\/wp-json\/wp\/v2\/users\/1"}],"replies":[{"embeddable":true,"href":"https:\/\/elementor.radiosenvivo.com.ar\/index.php\/wp-json\/wp\/v2\/comments?post=1101"}],"version-history":[{"count":0,"href":"https:\/\/elementor.radiosenvivo.com.ar\/index.php\/wp-json\/wp\/v2\/posts\/1101\/revisions"}],"wp:featuredmedia":[{"embeddable":true,"href":"https:\/\/elementor.radiosenvivo.com.ar\/index.php\/wp-json\/wp\/v2\/media\/1102"}],"wp:attachment":[{"href":"https:\/\/elementor.radiosenvivo.com.ar\/index.php\/wp-json\/wp\/v2\/media?parent=1101"}],"wp:term":[{"taxonomy":"category","embeddable":true,"href":"https:\/\/elementor.radiosenvivo.com.ar\/index.php\/wp-json\/wp\/v2\/categories?post=1101"},{"taxonomy":"post_tag","embeddable":true,"href":"https:\/\/elementor.radiosenvivo.com.ar\/index.php\/wp-json\/wp\/v2\/tags?post=1101"}],"curies":[{"name":"wp","href":"https:\/\/api.w.org\/{rel}","templated":true}]}}