{"id":1028,"date":"2023-05-22T05:41:19","date_gmt":"2023-05-22T05:41:19","guid":{"rendered":"https:\/\/elementor.radiosenvivo.com.ar\/index.php\/2023\/05\/22\/la-actividad-crecio-en-abril-aunque-se-desacelero-las-noticias-mas-importantes-de-chaco\/"},"modified":"2023-05-22T05:41:19","modified_gmt":"2023-05-22T05:41:19","slug":"la-actividad-crecio-en-abril-aunque-se-desacelero-las-noticias-mas-importantes-de-chaco","status":"publish","type":"post","link":"https:\/\/elementor.radiosenvivo.com.ar\/index.php\/2023\/05\/22\/la-actividad-crecio-en-abril-aunque-se-desacelero-las-noticias-mas-importantes-de-chaco\/","title":{"rendered":"la actividad creci\u00f3 en abril, aunque se desaceler\u00f3 \u2013 Las noticias m\u00e1s importantes de Chaco"},"content":{"rendered":"<p> [ad_1]<br \/>\n<\/p>\n<div id=\"penci-post-entry-inner\">\n<p>La producci\u00f3n de la industria manufacturera pyme subi\u00f3 0,4% en abril frente al mismo mes del a\u00f1o pasado, a precios constantes. As\u00ed, acumula un aumento de 1,8% en el primer cuatrimestre del a\u00f1o (frente a los mismos meses de 2022). En la comparaci\u00f3n con marzo, la actividad se retrajo 1,9%.<\/p>\n<p>La aceleraci\u00f3n de la inflaci\u00f3n puso m\u00e1s dificultades para conseguir insumos. El 58% de las industrias consultadas manifestaron faltantes y demoras en las entregas. Hubo m\u00e1s especulaci\u00f3n entre los proveedores, que cortaron financiamiento, priorizaron clientes con liquidez inmediata, subieron precios preventivamente, o directamente no entregaron mercader\u00eda esperando el techo del d\u00f3lar.<\/p>\n<p>El uso de la capacidad instalada de las empresas de la muestra se redujo muy levemente, de 73,3% en marzo a 73,2% en abril, en l\u00ednea con la din\u00e1mica del sector, marcada por bajo crecimiento e inversiones en comp\u00e1s de espera. Los niveles m\u00e1s elevados se encontraron en \u201cPapel e Impresiones\u201d (76,4%), y los m\u00e1s bajos en \u201cMetal, Maquinaria y Equipo, y Material de Transporte\u201d (71,3%).<\/p>\n<p>Estos resultados surgen del \u00cdndice de Producci\u00f3n Industrial Pyme (IPIP) que elabora CAME, con una muestra que alcanz\u00f3 unas 384 industrias pyme a nivel federal.<\/p>\n<p><strong>An\u00e1lisis sectorial<\/strong><\/p>\n<p>La mejor performance en abril estuvo en \u201cIndumentaria y Textil\u201d, con crecimiento anual de 6,9% en su producci\u00f3n, medida a precios constantes. La peor, ocurri\u00f3 en \u201cPapel e Impresiones\u201d, con una ca\u00edda de 12,7% anual.<\/p>\n<p>En el acumulado del a\u00f1o (enero-abril), la mejor performance la viene teniendo \u201cAlimentos y Bebidas\u201d con un aumento de 5,5% frente a los mismos meses del a\u00f1o pasado, y la peor \u201cPapel e Impresiones\u201d con una retracci\u00f3n de 10,6%.<\/p>\n<p><strong>Alimentos y bebidas<\/strong><\/p>\n<p>La producci\u00f3n se increment\u00f3 4,1% anual en abril, a precios reales, y acumula un aumento de 5,5% en el primer cuatrimestre del a\u00f1o (frente a los mismos meses de 2022). En la comparaci\u00f3n mensual, se redujo un 4,6%. Las industrias trabajaron con 73,6% de su capacidad instalada, con dificultadas para abastecerse de materia prima, no solo importada sino tambi\u00e9n nacional. El 46,3% de las firmas encuestadas dijeron haber tenido problemas, y para el 95% fueron iguales o mayores que en marzo. Las subas de precios alentaron algunas especulaciones en las entregas y esto dificult\u00f3 la elaboraci\u00f3n. Aun as\u00ed, la demanda se mantiene firme y permite al industrial seguir creciendo con la macroeconom\u00eda inestable.<\/p>\n<p><strong>Indumentaria y textil<\/strong><\/p>\n<p>Tuvo un aumento del 6,9% anual en abril, siempre a precios constantes, y lleva un alza de 0,9% en el primer cuatrimestre (frente al mismo periodo de 2022). En la comparaci\u00f3n mensual, subi\u00f3 5%. El sector trabaj\u00f3 con 76% de la capacidad instalada. La falta de recursos humanos, talleristas principalmente, est\u00e1 provocando una subutilizaci\u00f3n de las instalaciones, y generando cuellos de botella en las entregas. Algunas empresas manifestaron problemas para conseguir insumos como tintas, telas e hilos especiales como los encerados. Otras en cambio tuvieron un abastecimiento normal. La diferencia estuvo en la urgencia: quienes necesitaron realizar compras inmediatas debieron buscar sustitutos o parar producci\u00f3n. Quienes ten\u00edan stocks, pudieron encargar los insumos y continuar el ciclo normal.<\/p>\n<p><strong>Madera y muebles<\/strong><\/p>\n<p>La fabricaci\u00f3n creci\u00f3 1% anual en abril, a precios reales, y re\u00fane un crecimiento de 2,7% en el primer cuatrimestre del a\u00f1o (siempre comparado al mismo periodo de 2022). En el contraste mes a mes, creci\u00f3 2,7%. El uso de la capacidad instalada se achic\u00f3 levemente, de 74,2% en marzo a 73,9% en abril, aunque se explica por la incorporaci\u00f3n de nuevas maquinarias en un par de industrias de la muestra que incrementaron su capacidad de elaboraci\u00f3n.<\/p>\n<p><strong>Met\u00e1licos, maquinarias, equipos y material de transporte<\/strong><\/p>\n<p>La producci\u00f3n disminuy\u00f3 2,3% anual en abril, a precios reales, pero acumula aumento de 1,6% en el cuatrimestre 2023 (confrontado con el cuatrimestre del a\u00f1o anterior). En la comparaci\u00f3n mensual cay\u00f3 3%. El sector us\u00f3 71,3 de su capacidad instalada. Las empresas vinculadas al agro, especialmente granos y avicultura, no la est\u00e1n pasando bien por las sequ\u00edas y la gripe aviar que fren\u00f3 exportaciones y, por lo tanto, hubo menos consultas y pedidos. Las ligadas a la construcci\u00f3n se mantienen activas, mientras que las f\u00e1bricas de maquinarias manifiestan falta de financiamiento y demoras muy prolongadas cuando quieren acceder a las l\u00edneas promovidas desde los programas oficiales. Especialmente, es complicado para quienes tienen posibilidades de exportar, que no pueden esperar los tiempos de pago de sus clientes sin financiamiento.<\/p>\n<p><strong>Productos qu\u00edmicos y pl\u00e1sticos<\/strong><\/p>\n<p>Hubo una mejora del 1,9% anual en abril y suma un aumento de 2,8% en el primer cuatrimestre (frente a los mismos meses del a\u00f1o pasado). En el balance intermensual se retrajo 1,8%. Las empresas trabajaron con solo 72,8% de su capacidad instalada, y el mayor problema del mes, manifestado por 70% de las firmas consultadas, fue conseguir insumos importados. El rubro es muy dependiente de estas, lo que viene haciendo m\u00e1s lento el proceso de elaboraci\u00f3n. Varias industrias medidas dijeron tener inversiones frenadas a la espera de mayor certidumbre pol\u00edtica.<\/p>\n<p><strong>Papel, cart\u00f3n, edici\u00f3n e impresi\u00f3n<\/strong><\/p>\n<p>La producci\u00f3n cay\u00f3 12,7% anual en abril y acumula en el primer cuatrimestre del a\u00f1o un declive del 10,6%, frente a los mismos meses de 2022. En la comparaci\u00f3n mensual baj\u00f3 2,6%. Es el sector m\u00e1s afectado por la coyuntura econ\u00f3mica, con problem\u00e1ticas particulares en cada subrama industrial. Las imprentas tuvieron inconvenientes para abastecerse de papel, y vieron mermar los pedidos. Otras, m\u00e1s orientadas al rubro gr\u00e1fico y edici\u00f3n, tuvieron un buen mes de la mano de la demanda electoral.<\/p>\n<\/p><\/div>\n<p>[ad_2]<br \/>\n<br \/><a href=\"https:\/\/www.diariolavozdelchaco.com\/industrias-pyme-la-actividad-crecio-en-abril-aunque-se-desacelero\/\">Source link <\/a><\/p>\n","protected":false},"excerpt":{"rendered":"<p>[ad_1] La producci\u00f3n de la industria manufacturera pyme subi\u00f3 0,4% en abril frente al mismo mes del a\u00f1o pasado, a precios constantes. As\u00ed, acumula un aumento de 1,8% en el primer cuatrimestre del a\u00f1o (frente a los mismos meses de 2022). En la comparaci\u00f3n con marzo, la actividad se retrajo 1,9%. La aceleraci\u00f3n de la [&hellip;]<\/p>\n","protected":false},"author":1,"featured_media":1029,"comment_status":"open","ping_status":"open","sticky":false,"template":"","format":"standard","meta":{"_et_pb_use_builder":"","_et_pb_old_content":"","_et_gb_content_width":"","_uag_custom_page_level_css":"","footnotes":""},"categories":[10],"tags":[],"uagb_featured_image_src":{"full":["https:\/\/elementor.radiosenvivo.com.ar\/wp-content\/uploads\/2023\/05\/646a1f908db70812450862.jpg",600,400,false],"thumbnail":["https:\/\/elementor.radiosenvivo.com.ar\/wp-content\/uploads\/2023\/05\/646a1f908db70812450862-150x150.jpg",150,150,true],"medium":["https:\/\/elementor.radiosenvivo.com.ar\/wp-content\/uploads\/2023\/05\/646a1f908db70812450862-300x200.jpg",300,200,true],"medium_large":["https:\/\/elementor.radiosenvivo.com.ar\/wp-content\/uploads\/2023\/05\/646a1f908db70812450862.jpg",600,400,false],"large":["https:\/\/elementor.radiosenvivo.com.ar\/wp-content\/uploads\/2023\/05\/646a1f908db70812450862.jpg",600,400,false],"1536x1536":["https:\/\/elementor.radiosenvivo.com.ar\/wp-content\/uploads\/2023\/05\/646a1f908db70812450862.jpg",600,400,false],"2048x2048":["https:\/\/elementor.radiosenvivo.com.ar\/wp-content\/uploads\/2023\/05\/646a1f908db70812450862.jpg",600,400,false],"et-pb-post-main-image":["https:\/\/elementor.radiosenvivo.com.ar\/wp-content\/uploads\/2023\/05\/646a1f908db70812450862-400x250.jpg",400,250,true],"et-pb-post-main-image-fullwidth":["https:\/\/elementor.radiosenvivo.com.ar\/wp-content\/uploads\/2023\/05\/646a1f908db70812450862.jpg",600,400,false],"et-pb-portfolio-image":["https:\/\/elementor.radiosenvivo.com.ar\/wp-content\/uploads\/2023\/05\/646a1f908db70812450862-400x284.jpg",400,284,true],"et-pb-portfolio-module-image":["https:\/\/elementor.radiosenvivo.com.ar\/wp-content\/uploads\/2023\/05\/646a1f908db70812450862-510x382.jpg",510,382,true],"et-pb-portfolio-image-single":["https:\/\/elementor.radiosenvivo.com.ar\/wp-content\/uploads\/2023\/05\/646a1f908db70812450862.jpg",600,400,false],"et-pb-gallery-module-image-portrait":["https:\/\/elementor.radiosenvivo.com.ar\/wp-content\/uploads\/2023\/05\/646a1f908db70812450862-400x400.jpg",400,400,true],"et-pb-post-main-image-fullwidth-large":["https:\/\/elementor.radiosenvivo.com.ar\/wp-content\/uploads\/2023\/05\/646a1f908db70812450862.jpg",600,400,false],"et-pb-image--responsive--desktop":["https:\/\/elementor.radiosenvivo.com.ar\/wp-content\/uploads\/2023\/05\/646a1f908db70812450862.jpg",600,400,false],"et-pb-image--responsive--tablet":["https:\/\/elementor.radiosenvivo.com.ar\/wp-content\/uploads\/2023\/05\/646a1f908db70812450862.jpg",600,400,false],"et-pb-image--responsive--phone":["https:\/\/elementor.radiosenvivo.com.ar\/wp-content\/uploads\/2023\/05\/646a1f908db70812450862-480x320.jpg",405,270,true]},"uagb_author_info":{"display_name":"admin","author_link":"https:\/\/elementor.radiosenvivo.com.ar\/index.php\/author\/admin\/"},"uagb_comment_info":0,"uagb_excerpt":"[ad_1] La producci\u00f3n de la industria manufacturera pyme subi\u00f3 0,4% en abril frente al mismo mes del a\u00f1o pasado, a precios constantes. As\u00ed, acumula un aumento de 1,8% en el primer cuatrimestre del a\u00f1o (frente a los mismos meses de 2022). En la comparaci\u00f3n con marzo, la actividad se retrajo 1,9%. La aceleraci\u00f3n de la&hellip;","_links":{"self":[{"href":"https:\/\/elementor.radiosenvivo.com.ar\/index.php\/wp-json\/wp\/v2\/posts\/1028"}],"collection":[{"href":"https:\/\/elementor.radiosenvivo.com.ar\/index.php\/wp-json\/wp\/v2\/posts"}],"about":[{"href":"https:\/\/elementor.radiosenvivo.com.ar\/index.php\/wp-json\/wp\/v2\/types\/post"}],"author":[{"embeddable":true,"href":"https:\/\/elementor.radiosenvivo.com.ar\/index.php\/wp-json\/wp\/v2\/users\/1"}],"replies":[{"embeddable":true,"href":"https:\/\/elementor.radiosenvivo.com.ar\/index.php\/wp-json\/wp\/v2\/comments?post=1028"}],"version-history":[{"count":0,"href":"https:\/\/elementor.radiosenvivo.com.ar\/index.php\/wp-json\/wp\/v2\/posts\/1028\/revisions"}],"wp:featuredmedia":[{"embeddable":true,"href":"https:\/\/elementor.radiosenvivo.com.ar\/index.php\/wp-json\/wp\/v2\/media\/1029"}],"wp:attachment":[{"href":"https:\/\/elementor.radiosenvivo.com.ar\/index.php\/wp-json\/wp\/v2\/media?parent=1028"}],"wp:term":[{"taxonomy":"category","embeddable":true,"href":"https:\/\/elementor.radiosenvivo.com.ar\/index.php\/wp-json\/wp\/v2\/categories?post=1028"},{"taxonomy":"post_tag","embeddable":true,"href":"https:\/\/elementor.radiosenvivo.com.ar\/index.php\/wp-json\/wp\/v2\/tags?post=1028"}],"curies":[{"name":"wp","href":"https:\/\/api.w.org\/{rel}","templated":true}]}}